{"id":261634,"date":"2019-04-02T12:51:21","date_gmt":"2019-04-02T10:51:21","guid":{"rendered":"https:\/\/www.albinfo.ch\/?p=261634"},"modified":"2019-04-02T12:51:21","modified_gmt":"2019-04-02T10:51:21","slug":"shuk-oranis-kunst-in-tribeca-new-york","status":"publish","type":"post","link":"https:\/\/www.albinfo.ch\/de\/shuk-oranis-kunst-in-tribeca-new-york\/","title":{"rendered":"Shuk Oranis Kunst in TriBeCa, New York"},"content":{"rendered":"<p>Erst k\u00fcrzlich schrieb das Wall Street Journal \u00fcber eine neue Szene f\u00fcr zeitgen\u00f6ssische Kunst in Lower Manhattan. War noch vor 40 Jahren SoHo der neue k\u00fcnstlerische Hot Spot, so gr\u00fcnden sich nun immer mehr Initiativen in TriBeCa. Zum Beginn der Sommerzeit er\u00f6ffnet nun die Ausstellung\u00a0<strong>\u201eEquinox\u201c,\u00a0<\/strong>kuratiert von Shane Townley, Cathy Condon und Alejandro Don von der New York Art Foundation in 7 Franklin Place.<\/p>\n<p><a href=\"https:\/\/www.albinfo.ch\/wp-content\/uploads\/2019\/04\/shuk-oerani-piktura-1.jpg\"><img loading=\"lazy\" decoding=\"async\" class=\"alignnone wp-image-261631\" src=\"https:\/\/www.albinfo.ch\/wp-content\/uploads\/2019\/04\/shuk-oerani-piktura-1.jpg\" alt=\"\" width=\"600\" height=\"600\" srcset=\"https:\/\/www.albinfo.ch\/wp-content\/uploads\/2019\/04\/shuk-oerani-piktura-1.jpg 952w, https:\/\/www.albinfo.ch\/wp-content\/uploads\/2019\/04\/shuk-oerani-piktura-1-150x150.jpg 150w, https:\/\/www.albinfo.ch\/wp-content\/uploads\/2019\/04\/shuk-oerani-piktura-1-300x300.jpg 300w, https:\/\/www.albinfo.ch\/wp-content\/uploads\/2019\/04\/shuk-oerani-piktura-1-768x768.jpg 768w, https:\/\/www.albinfo.ch\/wp-content\/uploads\/2019\/04\/shuk-oerani-piktura-1-396x396.jpg 396w, https:\/\/www.albinfo.ch\/wp-content\/uploads\/2019\/04\/shuk-oerani-piktura-1-280x280.jpg 280w, https:\/\/www.albinfo.ch\/wp-content\/uploads\/2019\/04\/shuk-oerani-piktura-1-100x100.jpg 100w, https:\/\/www.albinfo.ch\/wp-content\/uploads\/2019\/04\/shuk-oerani-piktura-1-175x175.jpg 175w\" sizes=\"auto, (max-width: 600px) 100vw, 600px\" \/><\/a><\/p>\n<p>Ausgestellt sind Werke ausgew\u00e4hlter Multimedia K\u00fcnstler, unter ihnen Shuk Orani, Evan Sebastian Lagache, Alou Dia, Kevin Champeny, Patti Samper und Katerina Ganchak. In ihren Positionen experimentieren sie mit Konzepten und Themen rund um Wiedergeburt und Erneuerung und richten hierbei die Aufmerksamkeit auf das Potenzial der Kunst, Menschen in ihren verschiedensten Lebenszyklen als erholsame und regenerative Quelle zu dienen.<\/p>\n<p>Die Ausstellung ist vom 4. Bis 29. April 2019, montags bis sonntags 12 \u2013 17 Uhr f\u00fcr den Besuch ge\u00f6ffnet.<\/p>\n<p>Er\u00f6ffnung: 4. April, 18 \u2013 21 Uhr<\/p>\n<p>Kontakt:<\/p>\n<p>New York Art<\/p>\n<p>7 Franklin Place, New York, NY 10013<\/p>\n<p>Newyorkart.com<\/p>\n<p>T: (917) 472-9015<\/p>\n<p><a href=\"mailto:press@newyorkart.com\" data-auth=\"NotApplicable\">press@newyorkart.com<\/a><\/p>\n","protected":false},"excerpt":{"rendered":"<p>Ausgestellt sind Werke ausgew\u00e4hlter Multimedia K\u00fcnstler, unter ihnen Shuk Orani, Evan Sebastian Lagache, Alou Dia, Kevin Champeny, Patti Samper und Katerina Ganchak<\/p>\n","protected":false},"author":4,"featured_media":261628,"comment_status":"open","ping_status":"open","sticky":false,"template":"","format":"standard","meta":{"footnotes":""},"categories":[1138],"tags":[34658],"vendi":[],"content_country":[],"class_list":["post-261634","post","type-post","status-publish","format-standard","has-post-thumbnail","hentry","category-kultur","tag-shuk-orani-de"],"acf":[],"_links":{"self":[{"href":"https:\/\/www.albinfo.ch\/de\/wp-json\/wp\/v2\/posts\/261634","targetHints":{"allow":["GET"]}}],"collection":[{"href":"https:\/\/www.albinfo.ch\/de\/wp-json\/wp\/v2\/posts"}],"about":[{"href":"https:\/\/www.albinfo.ch\/de\/wp-json\/wp\/v2\/types\/post"}],"author":[{"embeddable":true,"href":"https:\/\/www.albinfo.ch\/de\/wp-json\/wp\/v2\/users\/4"}],"replies":[{"embeddable":true,"href":"https:\/\/www.albinfo.ch\/de\/wp-json\/wp\/v2\/comments?post=261634"}],"version-history":[{"count":0,"href":"https:\/\/www.albinfo.ch\/de\/wp-json\/wp\/v2\/posts\/261634\/revisions"}],"wp:featuredmedia":[{"embeddable":true,"href":"https:\/\/www.albinfo.ch\/de\/wp-json\/wp\/v2\/media\/261628"}],"wp:attachment":[{"href":"https:\/\/www.albinfo.ch\/de\/wp-json\/wp\/v2\/media?parent=261634"}],"wp:term":[{"taxonomy":"category","embeddable":true,"href":"https:\/\/www.albinfo.ch\/de\/wp-json\/wp\/v2\/categories?post=261634"},{"taxonomy":"post_tag","embeddable":true,"href":"https:\/\/www.albinfo.ch\/de\/wp-json\/wp\/v2\/tags?post=261634"},{"taxonomy":"vendi","embeddable":true,"href":"https:\/\/www.albinfo.ch\/de\/wp-json\/wp\/v2\/vendi?post=261634"},{"taxonomy":"content_country","embeddable":true,"href":"https:\/\/www.albinfo.ch\/de\/wp-json\/wp\/v2\/content_country?post=261634"}],"curies":[{"name":"wp","href":"https:\/\/api.w.org\/{rel}","templated":true}]}}