{"id":284754,"date":"2019-06-19T19:34:59","date_gmt":"2019-06-19T17:34:59","guid":{"rendered":"https:\/\/www.albinfo.ch\/?p=284754"},"modified":"2019-06-19T19:34:59","modified_gmt":"2019-06-19T17:34:59","slug":"asylstatistik-mai-2019","status":"publish","type":"post","link":"https:\/\/www.albinfo.ch\/de\/asylstatistik-mai-2019\/","title":{"rendered":"Asylstatistik Mai 2019"},"content":{"rendered":"<p>Im Mai 2019 wurden in der Schweiz 1226 Asylgesuche eingereicht. Dies entspricht einer Abnahme von 3,3 Prozent (\u201342 Gesuche) gegen\u00fcber Mai 2018 und einer Zunahme von 9,7 Prozent (+108 Gesuche) gegen\u00fcber dem Vormonat.<\/p>\n<p>Die wichtigsten Herkunftsl\u00e4nder der Asylsuchenden in der Schweiz waren im Mai Eritrea mit 289 Gesuchen (44 mehr als im April 2019), Afghanistan (105 Gesuche; +\/\u20130), Syrien (95 Gesuche; +35), T\u00fcrkei (82 Gesuche; \u201329) und Sri Lanka (74 Gesuche; +37).<\/p>\n<p>Das Staatssekretariat f\u00fcr Migration erledigte im Mai 1834 Asylgesuche in erster Instanz. Dabei wurden 339 Nichteintretensentscheide gef\u00e4llt (davon 265 auf Grundlage des Dublin-Abkommens), 574 Personen erhielten Asyl und 430 wurden vorl\u00e4ufig aufgenommen. Die Zahl der erstinstanzlich h\u00e4ngigen F\u00e4lle ging im Vergleich zum Vormonat um 486 auf 10 551 zur\u00fcck.<\/p>\n<p>Im Mai haben 561 Personen die Schweiz kontrolliert verlassen. Die Schweiz hat bei 432 Personen einen anderen Dublin-Staat um \u00dcbernahme angefragt, 144 Personen konnten in den zust\u00e4ndigen Dublin-Staat \u00fcberf\u00fchrt werden. Gleichzeitig wurde sie von anderen Dublin-Staaten um \u00dcbernahme von 419 Personen ersucht, 113 Personen wurden ihr \u00fcberstellt. Seit Jahresbeginn wurden 745 Personen von der Schweiz in den zust\u00e4ndigen Dublin-Staat transferiert, 535 Personen wurden der Schweiz \u00fcberstellt.<\/p>\n<p>Resettlement-Programm<br \/>\nIm November 2018 hatte der Bundesrat vorgeschlagen, f\u00fcr die kommenden Jahre am Grundsatz der Aufnahme von Fl\u00fcchtlingen im Rahmen von UNHCR Neuansiedlungen festzuhalten. F\u00fcr 2019 ist die Aufnahme von 800 besonders schutzbed\u00fcrftigen Personen geplant, die vor allem aus dem syrischen Konfliktgebiet stammen. Im Mai sind 19 Personen in die Schweiz eingereist.<\/p>\n","protected":false},"excerpt":{"rendered":"<p>ie wichtigsten Herkunftsl\u00e4nder der Asylsuchenden in der Schweiz waren im Mai Eritrea mit 289 Gesuchen (44 mehr als im April 2019), Afghanistan (105 Gesuche; +\/\u20130), Syrien (95 Gesuche; +35)<\/p>\n","protected":false},"author":4,"featured_media":284755,"comment_status":"open","ping_status":"open","sticky":false,"template":"","format":"standard","meta":{"footnotes":""},"categories":[1188,1140],"tags":[1633,1918],"vendi":[],"content_country":[],"class_list":["post-284754","post","type-post","status-publish","format-standard","has-post-thumbnail","hentry","category-shkurt-ch-de","category-leben-in-der-schweiz","tag-zvicer-de","tag-azil-fr-de"],"acf":[],"_links":{"self":[{"href":"https:\/\/www.albinfo.ch\/de\/wp-json\/wp\/v2\/posts\/284754","targetHints":{"allow":["GET"]}}],"collection":[{"href":"https:\/\/www.albinfo.ch\/de\/wp-json\/wp\/v2\/posts"}],"about":[{"href":"https:\/\/www.albinfo.ch\/de\/wp-json\/wp\/v2\/types\/post"}],"author":[{"embeddable":true,"href":"https:\/\/www.albinfo.ch\/de\/wp-json\/wp\/v2\/users\/4"}],"replies":[{"embeddable":true,"href":"https:\/\/www.albinfo.ch\/de\/wp-json\/wp\/v2\/comments?post=284754"}],"version-history":[{"count":0,"href":"https:\/\/www.albinfo.ch\/de\/wp-json\/wp\/v2\/posts\/284754\/revisions"}],"wp:featuredmedia":[{"embeddable":true,"href":"https:\/\/www.albinfo.ch\/de\/wp-json\/wp\/v2\/media\/284755"}],"wp:attachment":[{"href":"https:\/\/www.albinfo.ch\/de\/wp-json\/wp\/v2\/media?parent=284754"}],"wp:term":[{"taxonomy":"category","embeddable":true,"href":"https:\/\/www.albinfo.ch\/de\/wp-json\/wp\/v2\/categories?post=284754"},{"taxonomy":"post_tag","embeddable":true,"href":"https:\/\/www.albinfo.ch\/de\/wp-json\/wp\/v2\/tags?post=284754"},{"taxonomy":"vendi","embeddable":true,"href":"https:\/\/www.albinfo.ch\/de\/wp-json\/wp\/v2\/vendi?post=284754"},{"taxonomy":"content_country","embeddable":true,"href":"https:\/\/www.albinfo.ch\/de\/wp-json\/wp\/v2\/content_country?post=284754"}],"curies":[{"name":"wp","href":"https:\/\/api.w.org\/{rel}","templated":true}]}}