{"id":289514,"date":"2019-07-04T23:23:38","date_gmt":"2019-07-04T21:23:38","guid":{"rendered":"https:\/\/www.albinfo.ch\/?p=289514"},"modified":"2019-07-04T23:25:18","modified_gmt":"2019-07-04T21:25:18","slug":"zuerichs-zwei-tage-unter-heissen-albanischen-rhythmen","status":"publish","type":"post","link":"https:\/\/www.albinfo.ch\/de\/zuerichs-zwei-tage-unter-heissen-albanischen-rhythmen\/","title":{"rendered":"Z\u00fcrichs zwei Tage unter heissen albanischen Rhythmen"},"content":{"rendered":"<p>\u00dcber 20.000 junge Albanerinnen und Albaner haben dieses Wochenende unter freiem Himmel beim ersten albanischen Festival &#8220;Alba Festival&#8221; mit der bekannten albanischen S\u00e4ngerin Rita Ora und vielen anderen Popstars die albanische Musik gefeiert.<\/p>\n<p>Die Schow von Rita Ora, der symphytischen, immer l\u00e4chelnden S\u00e4ngerin, hat die Aufmerksamkeit der jungen Leute auf sich gezogen, indem sie sie in einer festlichen Atmosph\u00e4re elektrisierte, die am Samstag und Sonntag bis Mitternacht in Z\u00fcrich herrschte.<\/p>\n<figure id=\"attachment_288273\" aria-describedby=\"caption-attachment-288273\" style=\"width: 640px\" class=\"wp-caption alignnone\"><a href=\"https:\/\/www.albinfo.ch\/wp-content\/uploads\/2019\/07\/rrim_190630_albafestival_0138_lr_web.jpg\"><img loading=\"lazy\" decoding=\"async\" class=\"size-large wp-image-288273\" src=\"https:\/\/www.albinfo.ch\/wp-content\/uploads\/2019\/07\/rrim_190630_albafestival_0138_lr_web-1024x683.jpg\" alt=\"\" width=\"640\" height=\"427\" srcset=\"https:\/\/www.albinfo.ch\/wp-content\/uploads\/2019\/07\/rrim_190630_albafestival_0138_lr_web-1024x683.jpg 1024w, https:\/\/www.albinfo.ch\/wp-content\/uploads\/2019\/07\/rrim_190630_albafestival_0138_lr_web-300x200.jpg 300w, https:\/\/www.albinfo.ch\/wp-content\/uploads\/2019\/07\/rrim_190630_albafestival_0138_lr_web-768x512.jpg 768w, https:\/\/www.albinfo.ch\/wp-content\/uploads\/2019\/07\/rrim_190630_albafestival_0138_lr_web-210x141.jpg 210w, https:\/\/www.albinfo.ch\/wp-content\/uploads\/2019\/07\/rrim_190630_albafestival_0138_lr_web-587x391.jpg 587w, https:\/\/www.albinfo.ch\/wp-content\/uploads\/2019\/07\/rrim_190630_albafestival_0138_lr_web-150x100.jpg 150w, https:\/\/www.albinfo.ch\/wp-content\/uploads\/2019\/07\/rrim_190630_albafestival_0138_lr_web-263x175.jpg 263w, https:\/\/www.albinfo.ch\/wp-content\/uploads\/2019\/07\/rrim_190630_albafestival_0138_lr_web.jpg 2048w\" sizes=\"auto, (max-width: 640px) 100vw, 640px\" \/><\/a><figcaption id=\"caption-attachment-288273\" class=\"wp-caption-text\">\u00a9 2019 Albinfo.ch\/Foto Rromir Imami<\/figcaption><\/figure>\n<figure id=\"attachment_288276\" aria-describedby=\"caption-attachment-288276\" style=\"width: 640px\" class=\"wp-caption alignnone\"><a href=\"https:\/\/www.albinfo.ch\/wp-content\/uploads\/2019\/07\/rrim_190630_albafestival_0184_lr_web.jpg\"><img loading=\"lazy\" decoding=\"async\" class=\"size-large wp-image-288276\" src=\"https:\/\/www.albinfo.ch\/wp-content\/uploads\/2019\/07\/rrim_190630_albafestival_0184_lr_web-1024x683.jpg\" alt=\"\" width=\"640\" height=\"427\" srcset=\"https:\/\/www.albinfo.ch\/wp-content\/uploads\/2019\/07\/rrim_190630_albafestival_0184_lr_web-1024x683.jpg 1024w, https:\/\/www.albinfo.ch\/wp-content\/uploads\/2019\/07\/rrim_190630_albafestival_0184_lr_web-300x200.jpg 300w, https:\/\/www.albinfo.ch\/wp-content\/uploads\/2019\/07\/rrim_190630_albafestival_0184_lr_web-768x512.jpg 768w, https:\/\/www.albinfo.ch\/wp-content\/uploads\/2019\/07\/rrim_190630_albafestival_0184_lr_web-210x141.jpg 210w, https:\/\/www.albinfo.ch\/wp-content\/uploads\/2019\/07\/rrim_190630_albafestival_0184_lr_web-587x391.jpg 587w, https:\/\/www.albinfo.ch\/wp-content\/uploads\/2019\/07\/rrim_190630_albafestival_0184_lr_web-150x100.jpg 150w, https:\/\/www.albinfo.ch\/wp-content\/uploads\/2019\/07\/rrim_190630_albafestival_0184_lr_web-263x175.jpg 263w, https:\/\/www.albinfo.ch\/wp-content\/uploads\/2019\/07\/rrim_190630_albafestival_0184_lr_web.jpg 2048w\" sizes=\"auto, (max-width: 640px) 100vw, 640px\" \/><\/a><figcaption id=\"caption-attachment-288276\" class=\"wp-caption-text\">\u00a9 2019 Albinfo.ch\/Foto Rromir Imami<\/figcaption><\/figure>\n<figure id=\"attachment_288303\" aria-describedby=\"caption-attachment-288303\" style=\"width: 640px\" class=\"wp-caption alignnone\"><a href=\"https:\/\/www.albinfo.ch\/wp-content\/uploads\/2019\/07\/rrim_190630_albafestival_7149_lr_web.jpg\"><img loading=\"lazy\" decoding=\"async\" class=\"size-large wp-image-288303\" src=\"https:\/\/www.albinfo.ch\/wp-content\/uploads\/2019\/07\/rrim_190630_albafestival_7149_lr_web-1024x683.jpg\" alt=\"\" width=\"640\" height=\"427\" srcset=\"https:\/\/www.albinfo.ch\/wp-content\/uploads\/2019\/07\/rrim_190630_albafestival_7149_lr_web-1024x683.jpg 1024w, https:\/\/www.albinfo.ch\/wp-content\/uploads\/2019\/07\/rrim_190630_albafestival_7149_lr_web-300x200.jpg 300w, https:\/\/www.albinfo.ch\/wp-content\/uploads\/2019\/07\/rrim_190630_albafestival_7149_lr_web-768x512.jpg 768w, https:\/\/www.albinfo.ch\/wp-content\/uploads\/2019\/07\/rrim_190630_albafestival_7149_lr_web-210x141.jpg 210w, https:\/\/www.albinfo.ch\/wp-content\/uploads\/2019\/07\/rrim_190630_albafestival_7149_lr_web-587x391.jpg 587w, https:\/\/www.albinfo.ch\/wp-content\/uploads\/2019\/07\/rrim_190630_albafestival_7149_lr_web-150x100.jpg 150w, https:\/\/www.albinfo.ch\/wp-content\/uploads\/2019\/07\/rrim_190630_albafestival_7149_lr_web-263x175.jpg 263w, https:\/\/www.albinfo.ch\/wp-content\/uploads\/2019\/07\/rrim_190630_albafestival_7149_lr_web.jpg 2048w\" sizes=\"auto, (max-width: 640px) 100vw, 640px\" \/><\/a><figcaption id=\"caption-attachment-288303\" class=\"wp-caption-text\">\u00a9 2019 Albinfo.ch\/Foto Rromir Imami<\/figcaption><\/figure>\n<p>Zu den Stars der albanischen Musikszene geh\u00f6rt auch Dhurata Dora. Zu ihrem neusten Hit &#8220;Zem\u00ebr&#8221; liess sie die begeisterte Menge lauthals mitsingen. Verr\u00fcckt waren die Fans ebenfalls nach Elvana Gjata, der die jubelnde Masse die Tr\u00e4nen in die Augen schiessen liess.<\/p>\n<figure id=\"attachment_288456\" aria-describedby=\"caption-attachment-288456\" style=\"width: 640px\" class=\"wp-caption alignnone\"><a href=\"https:\/\/www.albinfo.ch\/wp-content\/uploads\/2019\/07\/rrim_190629_albafestival_5011_lr_web.jpg\"><img loading=\"lazy\" decoding=\"async\" class=\"size-large wp-image-288456\" src=\"https:\/\/www.albinfo.ch\/wp-content\/uploads\/2019\/07\/rrim_190629_albafestival_5011_lr_web-1024x683.jpg\" alt=\"\" width=\"640\" height=\"427\" srcset=\"https:\/\/www.albinfo.ch\/wp-content\/uploads\/2019\/07\/rrim_190629_albafestival_5011_lr_web-1024x683.jpg 1024w, https:\/\/www.albinfo.ch\/wp-content\/uploads\/2019\/07\/rrim_190629_albafestival_5011_lr_web-300x200.jpg 300w, https:\/\/www.albinfo.ch\/wp-content\/uploads\/2019\/07\/rrim_190629_albafestival_5011_lr_web-768x512.jpg 768w, https:\/\/www.albinfo.ch\/wp-content\/uploads\/2019\/07\/rrim_190629_albafestival_5011_lr_web-210x141.jpg 210w, https:\/\/www.albinfo.ch\/wp-content\/uploads\/2019\/07\/rrim_190629_albafestival_5011_lr_web-587x391.jpg 587w, https:\/\/www.albinfo.ch\/wp-content\/uploads\/2019\/07\/rrim_190629_albafestival_5011_lr_web-150x100.jpg 150w, https:\/\/www.albinfo.ch\/wp-content\/uploads\/2019\/07\/rrim_190629_albafestival_5011_lr_web-263x175.jpg 263w, https:\/\/www.albinfo.ch\/wp-content\/uploads\/2019\/07\/rrim_190629_albafestival_5011_lr_web.jpg 2048w\" sizes=\"auto, (max-width: 640px) 100vw, 640px\" \/><\/a><figcaption id=\"caption-attachment-288456\" class=\"wp-caption-text\">\u00a9 2019 Albinfo.ch\/Foto Rromir Imami<\/figcaption><\/figure>\n<figure id=\"attachment_288370\" aria-describedby=\"caption-attachment-288370\" style=\"width: 631px\" class=\"wp-caption alignnone\"><a href=\"https:\/\/www.albinfo.ch\/wp-content\/uploads\/2019\/07\/540a8446.jpg\"><img loading=\"lazy\" decoding=\"async\" class=\"wp-image-288370\" src=\"https:\/\/www.albinfo.ch\/wp-content\/uploads\/2019\/07\/540a8446.jpg\" alt=\"\" width=\"631\" height=\"420\" srcset=\"https:\/\/www.albinfo.ch\/wp-content\/uploads\/2019\/07\/540a8446.jpg 1000w, https:\/\/www.albinfo.ch\/wp-content\/uploads\/2019\/07\/540a8446-300x200.jpg 300w, https:\/\/www.albinfo.ch\/wp-content\/uploads\/2019\/07\/540a8446-768x511.jpg 768w, https:\/\/www.albinfo.ch\/wp-content\/uploads\/2019\/07\/540a8446-586x389.jpg 586w, https:\/\/www.albinfo.ch\/wp-content\/uploads\/2019\/07\/540a8446-210x141.jpg 210w, https:\/\/www.albinfo.ch\/wp-content\/uploads\/2019\/07\/540a8446-587x391.jpg 587w, https:\/\/www.albinfo.ch\/wp-content\/uploads\/2019\/07\/540a8446-150x100.jpg 150w, https:\/\/www.albinfo.ch\/wp-content\/uploads\/2019\/07\/540a8446-263x175.jpg 263w\" sizes=\"auto, (max-width: 631px) 100vw, 631px\" \/><\/a><figcaption id=\"caption-attachment-288370\" class=\"wp-caption-text\">\u00a9 2019 Albinfo.ch\/Foto Agron Bajrami<\/figcaption><\/figure>\n<figure id=\"attachment_288195\" aria-describedby=\"caption-attachment-288195\" style=\"width: 640px\" class=\"wp-caption alignnone\"><a href=\"https:\/\/www.albinfo.ch\/wp-content\/uploads\/2019\/07\/rrim_190629_albafestival_6713_lr_web.jpg\"><img loading=\"lazy\" decoding=\"async\" class=\"size-large wp-image-288195\" src=\"https:\/\/www.albinfo.ch\/wp-content\/uploads\/2019\/07\/rrim_190629_albafestival_6713_lr_web-1024x683.jpg\" alt=\"\" width=\"640\" height=\"427\" srcset=\"https:\/\/www.albinfo.ch\/wp-content\/uploads\/2019\/07\/rrim_190629_albafestival_6713_lr_web-1024x683.jpg 1024w, https:\/\/www.albinfo.ch\/wp-content\/uploads\/2019\/07\/rrim_190629_albafestival_6713_lr_web-300x200.jpg 300w, https:\/\/www.albinfo.ch\/wp-content\/uploads\/2019\/07\/rrim_190629_albafestival_6713_lr_web-768x512.jpg 768w, https:\/\/www.albinfo.ch\/wp-content\/uploads\/2019\/07\/rrim_190629_albafestival_6713_lr_web-210x141.jpg 210w, https:\/\/www.albinfo.ch\/wp-content\/uploads\/2019\/07\/rrim_190629_albafestival_6713_lr_web-587x391.jpg 587w, https:\/\/www.albinfo.ch\/wp-content\/uploads\/2019\/07\/rrim_190629_albafestival_6713_lr_web-150x100.jpg 150w, https:\/\/www.albinfo.ch\/wp-content\/uploads\/2019\/07\/rrim_190629_albafestival_6713_lr_web-263x175.jpg 263w, https:\/\/www.albinfo.ch\/wp-content\/uploads\/2019\/07\/rrim_190629_albafestival_6713_lr_web.jpg 2048w\" sizes=\"auto, (max-width: 640px) 100vw, 640px\" \/><\/a><figcaption id=\"caption-attachment-288195\" class=\"wp-caption-text\">\u00a9 2019 Albinfo.ch\/Foto Rromir Imami<\/figcaption><\/figure>\n<p>Mit Ledri Vula und viele anderen Stars der albanischen Musikszene, die mit ihrem musikalischen Ruhm einen grossen Strom von Menschen anzogen, haben dem Festival den Startschuss f\u00fcr weitere Durchf\u00fchrungen gegeben. Die Besucherinnen und Besucher der Festivals waren haupts\u00e4chlich Schweizer-Albaner, aber auch aus verschiedenen L\u00e4ndern Europas und sogar aus den USA angereist, um diesen einzigartigen Event nicht zu verpassen. Nach diesem grossen Erfolg machen sich die Organisatoren bereits an die Planung des n\u00e4chsten Alba-Festivals, wie sie gegen\u00fcber albinfo.ch verrieten.<\/p>\n<figure id=\"attachment_288403\" aria-describedby=\"caption-attachment-288403\" style=\"width: 653px\" class=\"wp-caption alignnone\"><a href=\"https:\/\/www.albinfo.ch\/wp-content\/uploads\/2019\/07\/540a8659.jpg\"><img loading=\"lazy\" decoding=\"async\" class=\"wp-image-288403\" src=\"https:\/\/www.albinfo.ch\/wp-content\/uploads\/2019\/07\/540a8659.jpg\" alt=\"\" width=\"653\" height=\"435\" srcset=\"https:\/\/www.albinfo.ch\/wp-content\/uploads\/2019\/07\/540a8659.jpg 1000w, https:\/\/www.albinfo.ch\/wp-content\/uploads\/2019\/07\/540a8659-300x200.jpg 300w, https:\/\/www.albinfo.ch\/wp-content\/uploads\/2019\/07\/540a8659-768x511.jpg 768w, https:\/\/www.albinfo.ch\/wp-content\/uploads\/2019\/07\/540a8659-586x389.jpg 586w, https:\/\/www.albinfo.ch\/wp-content\/uploads\/2019\/07\/540a8659-210x141.jpg 210w, https:\/\/www.albinfo.ch\/wp-content\/uploads\/2019\/07\/540a8659-587x391.jpg 587w, https:\/\/www.albinfo.ch\/wp-content\/uploads\/2019\/07\/540a8659-150x100.jpg 150w, https:\/\/www.albinfo.ch\/wp-content\/uploads\/2019\/07\/540a8659-263x175.jpg 263w\" sizes=\"auto, (max-width: 653px) 100vw, 653px\" \/><\/a><figcaption id=\"caption-attachment-288403\" class=\"wp-caption-text\">\u00a9 2019 Albinfo.ch\/Foto Agron Bajrami<\/figcaption><\/figure>\n<p>Die in verschiedenen L\u00e4ndern spielenden Fussballer vereinigten sich am Alba-Festival. Unter ihnen Shaqiri, Abrashi, Rashica, Valon Berisha und Florent Had\u00ebrgjonaj.<\/p>\n<figure id=\"attachment_288394\" aria-describedby=\"caption-attachment-288394\" style=\"width: 661px\" class=\"wp-caption alignnone\"><a href=\"https:\/\/www.albinfo.ch\/wp-content\/uploads\/2019\/07\/540a8632.jpg\"><img loading=\"lazy\" decoding=\"async\" class=\"wp-image-288394\" src=\"https:\/\/www.albinfo.ch\/wp-content\/uploads\/2019\/07\/540a8632.jpg\" alt=\"\" width=\"661\" height=\"440\" srcset=\"https:\/\/www.albinfo.ch\/wp-content\/uploads\/2019\/07\/540a8632.jpg 1000w, https:\/\/www.albinfo.ch\/wp-content\/uploads\/2019\/07\/540a8632-300x200.jpg 300w, https:\/\/www.albinfo.ch\/wp-content\/uploads\/2019\/07\/540a8632-768x511.jpg 768w, https:\/\/www.albinfo.ch\/wp-content\/uploads\/2019\/07\/540a8632-586x389.jpg 586w, https:\/\/www.albinfo.ch\/wp-content\/uploads\/2019\/07\/540a8632-210x141.jpg 210w, https:\/\/www.albinfo.ch\/wp-content\/uploads\/2019\/07\/540a8632-587x391.jpg 587w, https:\/\/www.albinfo.ch\/wp-content\/uploads\/2019\/07\/540a8632-150x100.jpg 150w, https:\/\/www.albinfo.ch\/wp-content\/uploads\/2019\/07\/540a8632-263x175.jpg 263w\" sizes=\"auto, (max-width: 661px) 100vw, 661px\" \/><\/a><figcaption id=\"caption-attachment-288394\" class=\"wp-caption-text\">\u00a9 2019 Albinfo.ch\/Foto Agron Bajrami<\/figcaption><\/figure>\n<p>Die Harmonie zwischen den jungen Menschen aber auch die hohe Pr\u00e4senz von Festivalbesucherinnen war bemerkenswert. Und w\u00e4hrend das musikalische Spektakel mit albanischen K\u00fcnstlern auf der anderen Seite der VIP-Lounge fortgesetzt wurde, wurde ein weiteres Spektakel f\u00fcr ein Selfie und ein Gespr\u00e4ch mit albanischen Fu\u00dfballspielern fortgesetzt.<\/p>\n<figure id=\"attachment_288376\" aria-describedby=\"caption-attachment-288376\" style=\"width: 661px\" class=\"wp-caption alignnone\"><a href=\"https:\/\/www.albinfo.ch\/wp-content\/uploads\/2019\/07\/540a8516.jpg\"><img loading=\"lazy\" decoding=\"async\" class=\"wp-image-288376\" src=\"https:\/\/www.albinfo.ch\/wp-content\/uploads\/2019\/07\/540a8516.jpg\" alt=\"\" width=\"661\" height=\"440\" srcset=\"https:\/\/www.albinfo.ch\/wp-content\/uploads\/2019\/07\/540a8516.jpg 1000w, https:\/\/www.albinfo.ch\/wp-content\/uploads\/2019\/07\/540a8516-300x200.jpg 300w, https:\/\/www.albinfo.ch\/wp-content\/uploads\/2019\/07\/540a8516-768x511.jpg 768w, https:\/\/www.albinfo.ch\/wp-content\/uploads\/2019\/07\/540a8516-586x389.jpg 586w, https:\/\/www.albinfo.ch\/wp-content\/uploads\/2019\/07\/540a8516-210x141.jpg 210w, https:\/\/www.albinfo.ch\/wp-content\/uploads\/2019\/07\/540a8516-587x391.jpg 587w, https:\/\/www.albinfo.ch\/wp-content\/uploads\/2019\/07\/540a8516-150x100.jpg 150w, https:\/\/www.albinfo.ch\/wp-content\/uploads\/2019\/07\/540a8516-263x175.jpg 263w\" sizes=\"auto, (max-width: 661px) 100vw, 661px\" \/><\/a><figcaption id=\"caption-attachment-288376\" class=\"wp-caption-text\">\u00a9 2019 Albinfo.ch\/Foto Agron Bajrami<\/figcaption><\/figure>\n<figure id=\"attachment_288373\" aria-describedby=\"caption-attachment-288373\" style=\"width: 661px\" class=\"wp-caption alignnone\"><a href=\"https:\/\/www.albinfo.ch\/wp-content\/uploads\/2019\/07\/540a8457.jpg\"><img loading=\"lazy\" decoding=\"async\" class=\"wp-image-288373\" src=\"https:\/\/www.albinfo.ch\/wp-content\/uploads\/2019\/07\/540a8457.jpg\" alt=\"\" width=\"661\" height=\"440\" srcset=\"https:\/\/www.albinfo.ch\/wp-content\/uploads\/2019\/07\/540a8457.jpg 1000w, https:\/\/www.albinfo.ch\/wp-content\/uploads\/2019\/07\/540a8457-300x200.jpg 300w, https:\/\/www.albinfo.ch\/wp-content\/uploads\/2019\/07\/540a8457-768x511.jpg 768w, https:\/\/www.albinfo.ch\/wp-content\/uploads\/2019\/07\/540a8457-586x389.jpg 586w, https:\/\/www.albinfo.ch\/wp-content\/uploads\/2019\/07\/540a8457-210x141.jpg 210w, https:\/\/www.albinfo.ch\/wp-content\/uploads\/2019\/07\/540a8457-587x391.jpg 587w, https:\/\/www.albinfo.ch\/wp-content\/uploads\/2019\/07\/540a8457-150x100.jpg 150w, https:\/\/www.albinfo.ch\/wp-content\/uploads\/2019\/07\/540a8457-263x175.jpg 263w\" sizes=\"auto, (max-width: 661px) 100vw, 661px\" \/><\/a><figcaption id=\"caption-attachment-288373\" class=\"wp-caption-text\">\u00a9 2019 Albinfo.ch\/Foto Agron Bajrami<\/figcaption><\/figure>\n<figure id=\"attachment_288409\" aria-describedby=\"caption-attachment-288409\" style=\"width: 661px\" class=\"wp-caption alignnone\"><a href=\"https:\/\/www.albinfo.ch\/wp-content\/uploads\/2019\/07\/540a8722.jpg\"><img loading=\"lazy\" decoding=\"async\" class=\"wp-image-288409\" src=\"https:\/\/www.albinfo.ch\/wp-content\/uploads\/2019\/07\/540a8722.jpg\" alt=\"\" width=\"661\" height=\"440\" srcset=\"https:\/\/www.albinfo.ch\/wp-content\/uploads\/2019\/07\/540a8722.jpg 1000w, https:\/\/www.albinfo.ch\/wp-content\/uploads\/2019\/07\/540a8722-300x200.jpg 300w, https:\/\/www.albinfo.ch\/wp-content\/uploads\/2019\/07\/540a8722-768x511.jpg 768w, https:\/\/www.albinfo.ch\/wp-content\/uploads\/2019\/07\/540a8722-586x389.jpg 586w, https:\/\/www.albinfo.ch\/wp-content\/uploads\/2019\/07\/540a8722-210x141.jpg 210w, https:\/\/www.albinfo.ch\/wp-content\/uploads\/2019\/07\/540a8722-587x391.jpg 587w, https:\/\/www.albinfo.ch\/wp-content\/uploads\/2019\/07\/540a8722-150x100.jpg 150w, https:\/\/www.albinfo.ch\/wp-content\/uploads\/2019\/07\/540a8722-263x175.jpg 263w\" sizes=\"auto, (max-width: 661px) 100vw, 661px\" \/><\/a><figcaption id=\"caption-attachment-288409\" class=\"wp-caption-text\">\u00a9 2019 Albinfo.ch\/Foto Agron Bajrami<\/figcaption><\/figure>\n<figure id=\"attachment_288246\" aria-describedby=\"caption-attachment-288246\" style=\"width: 660px\" class=\"wp-caption alignnone\"><a href=\"https:\/\/www.albinfo.ch\/wp-content\/uploads\/2019\/07\/rrim_190629_albafestival_7195_lr_web.jpg\"><img loading=\"lazy\" decoding=\"async\" class=\"wp-image-288246\" src=\"https:\/\/www.albinfo.ch\/wp-content\/uploads\/2019\/07\/rrim_190629_albafestival_7195_lr_web-1024x683.jpg\" alt=\"\" width=\"660\" height=\"440\" srcset=\"https:\/\/www.albinfo.ch\/wp-content\/uploads\/2019\/07\/rrim_190629_albafestival_7195_lr_web-1024x683.jpg 1024w, https:\/\/www.albinfo.ch\/wp-content\/uploads\/2019\/07\/rrim_190629_albafestival_7195_lr_web-300x200.jpg 300w, https:\/\/www.albinfo.ch\/wp-content\/uploads\/2019\/07\/rrim_190629_albafestival_7195_lr_web-768x512.jpg 768w, https:\/\/www.albinfo.ch\/wp-content\/uploads\/2019\/07\/rrim_190629_albafestival_7195_lr_web-210x141.jpg 210w, https:\/\/www.albinfo.ch\/wp-content\/uploads\/2019\/07\/rrim_190629_albafestival_7195_lr_web-587x391.jpg 587w, https:\/\/www.albinfo.ch\/wp-content\/uploads\/2019\/07\/rrim_190629_albafestival_7195_lr_web-150x100.jpg 150w, https:\/\/www.albinfo.ch\/wp-content\/uploads\/2019\/07\/rrim_190629_albafestival_7195_lr_web-263x175.jpg 263w, https:\/\/www.albinfo.ch\/wp-content\/uploads\/2019\/07\/rrim_190629_albafestival_7195_lr_web.jpg 2048w\" sizes=\"auto, (max-width: 660px) 100vw, 660px\" \/><\/a><figcaption id=\"caption-attachment-288246\" class=\"wp-caption-text\">\u00a9 2019 Albinfo.ch\/Foto Rromir Imami<\/figcaption><\/figure>\n<figure id=\"attachment_288312\" aria-describedby=\"caption-attachment-288312\" style=\"width: 660px\" class=\"wp-caption alignnone\"><a href=\"https:\/\/www.albinfo.ch\/wp-content\/uploads\/2019\/07\/rrim_190630_albafestival_9503_lr_web.jpg\"><img loading=\"lazy\" decoding=\"async\" class=\"wp-image-288312\" src=\"https:\/\/www.albinfo.ch\/wp-content\/uploads\/2019\/07\/rrim_190630_albafestival_9503_lr_web-1024x683.jpg\" alt=\"\" width=\"660\" height=\"440\" srcset=\"https:\/\/www.albinfo.ch\/wp-content\/uploads\/2019\/07\/rrim_190630_albafestival_9503_lr_web-1024x683.jpg 1024w, https:\/\/www.albinfo.ch\/wp-content\/uploads\/2019\/07\/rrim_190630_albafestival_9503_lr_web-300x200.jpg 300w, https:\/\/www.albinfo.ch\/wp-content\/uploads\/2019\/07\/rrim_190630_albafestival_9503_lr_web-768x512.jpg 768w, https:\/\/www.albinfo.ch\/wp-content\/uploads\/2019\/07\/rrim_190630_albafestival_9503_lr_web-210x141.jpg 210w, https:\/\/www.albinfo.ch\/wp-content\/uploads\/2019\/07\/rrim_190630_albafestival_9503_lr_web-587x391.jpg 587w, https:\/\/www.albinfo.ch\/wp-content\/uploads\/2019\/07\/rrim_190630_albafestival_9503_lr_web-150x100.jpg 150w, https:\/\/www.albinfo.ch\/wp-content\/uploads\/2019\/07\/rrim_190630_albafestival_9503_lr_web-263x175.jpg 263w, https:\/\/www.albinfo.ch\/wp-content\/uploads\/2019\/07\/rrim_190630_albafestival_9503_lr_web.jpg 2048w\" sizes=\"auto, (max-width: 660px) 100vw, 660px\" \/><\/a><figcaption id=\"caption-attachment-288312\" class=\"wp-caption-text\">\u00a9 2019 Albinfo.ch\/Foto Rromir Imami<\/figcaption><\/figure>\n<figure id=\"attachment_288243\" aria-describedby=\"caption-attachment-288243\" style=\"width: 660px\" class=\"wp-caption alignnone\"><a href=\"https:\/\/www.albinfo.ch\/wp-content\/uploads\/2019\/07\/rrim_190629_albafestival_7151_lr_web.jpg\"><img loading=\"lazy\" decoding=\"async\" class=\"wp-image-288243\" src=\"https:\/\/www.albinfo.ch\/wp-content\/uploads\/2019\/07\/rrim_190629_albafestival_7151_lr_web-1024x683.jpg\" alt=\"\" width=\"660\" height=\"440\" srcset=\"https:\/\/www.albinfo.ch\/wp-content\/uploads\/2019\/07\/rrim_190629_albafestival_7151_lr_web-1024x683.jpg 1024w, https:\/\/www.albinfo.ch\/wp-content\/uploads\/2019\/07\/rrim_190629_albafestival_7151_lr_web-300x200.jpg 300w, https:\/\/www.albinfo.ch\/wp-content\/uploads\/2019\/07\/rrim_190629_albafestival_7151_lr_web-768x512.jpg 768w, https:\/\/www.albinfo.ch\/wp-content\/uploads\/2019\/07\/rrim_190629_albafestival_7151_lr_web-210x141.jpg 210w, https:\/\/www.albinfo.ch\/wp-content\/uploads\/2019\/07\/rrim_190629_albafestival_7151_lr_web-587x391.jpg 587w, https:\/\/www.albinfo.ch\/wp-content\/uploads\/2019\/07\/rrim_190629_albafestival_7151_lr_web-150x100.jpg 150w, https:\/\/www.albinfo.ch\/wp-content\/uploads\/2019\/07\/rrim_190629_albafestival_7151_lr_web-263x175.jpg 263w, https:\/\/www.albinfo.ch\/wp-content\/uploads\/2019\/07\/rrim_190629_albafestival_7151_lr_web.jpg 2048w\" sizes=\"auto, (max-width: 660px) 100vw, 660px\" \/><\/a><figcaption id=\"caption-attachment-288243\" class=\"wp-caption-text\">\u00a9 2019 Albinfo.ch\/Foto Rromir Imami<\/figcaption><\/figure>\n<p><strong>Bienenstich und nicht mehr<\/strong><\/p>\n<p>Trotz der hohen Besucheranzahl von 20&#8217;000 Personen, sowie der konsumierten Menge an Alkohol verlief das Festival \u00fcberaus friedlich. Als einziger Zwischenfall wurde ein Bienenstich vermeldet. Die anwesenden Sicherheitsfachleute, sowie das medizinische Personal hatten weiter nicht viel zu tun.<\/p>\n<figure id=\"attachment_288261\" aria-describedby=\"caption-attachment-288261\" style=\"width: 660px\" class=\"wp-caption alignnone\"><a href=\"https:\/\/www.albinfo.ch\/wp-content\/uploads\/2019\/07\/rrim_190629_albafestival_7875_lr_web.jpg\"><img loading=\"lazy\" decoding=\"async\" class=\"wp-image-288261\" src=\"https:\/\/www.albinfo.ch\/wp-content\/uploads\/2019\/07\/rrim_190629_albafestival_7875_lr_web-1024x683.jpg\" alt=\"\" width=\"660\" height=\"440\" srcset=\"https:\/\/www.albinfo.ch\/wp-content\/uploads\/2019\/07\/rrim_190629_albafestival_7875_lr_web-1024x683.jpg 1024w, https:\/\/www.albinfo.ch\/wp-content\/uploads\/2019\/07\/rrim_190629_albafestival_7875_lr_web-300x200.jpg 300w, https:\/\/www.albinfo.ch\/wp-content\/uploads\/2019\/07\/rrim_190629_albafestival_7875_lr_web-768x512.jpg 768w, https:\/\/www.albinfo.ch\/wp-content\/uploads\/2019\/07\/rrim_190629_albafestival_7875_lr_web-210x141.jpg 210w, https:\/\/www.albinfo.ch\/wp-content\/uploads\/2019\/07\/rrim_190629_albafestival_7875_lr_web-587x391.jpg 587w, https:\/\/www.albinfo.ch\/wp-content\/uploads\/2019\/07\/rrim_190629_albafestival_7875_lr_web-150x100.jpg 150w, https:\/\/www.albinfo.ch\/wp-content\/uploads\/2019\/07\/rrim_190629_albafestival_7875_lr_web-263x175.jpg 263w, https:\/\/www.albinfo.ch\/wp-content\/uploads\/2019\/07\/rrim_190629_albafestival_7875_lr_web.jpg 2048w\" sizes=\"auto, (max-width: 660px) 100vw, 660px\" \/><\/a><figcaption id=\"caption-attachment-288261\" class=\"wp-caption-text\">\u00a9 2019 Albinfo.ch\/Foto Rromir Imami<\/figcaption><\/figure>\n<p><strong><a href=\"https:\/\/www.albinfo.ch\/wp-content\/uploads\/2019\/07\/me-vello.jpeg\"><img loading=\"lazy\" decoding=\"async\" class=\"alignnone size-large wp-image-288467\" src=\"https:\/\/www.albinfo.ch\/wp-content\/uploads\/2019\/07\/me-vello-1024x768.jpeg\" alt=\"\" width=\"640\" height=\"480\" srcset=\"https:\/\/www.albinfo.ch\/wp-content\/uploads\/2019\/07\/me-vello-1024x768.jpeg 1024w, https:\/\/www.albinfo.ch\/wp-content\/uploads\/2019\/07\/me-vello-300x225.jpeg 300w, https:\/\/www.albinfo.ch\/wp-content\/uploads\/2019\/07\/me-vello-768x576.jpeg 768w, https:\/\/www.albinfo.ch\/wp-content\/uploads\/2019\/07\/me-vello-528x396.jpeg 528w, https:\/\/www.albinfo.ch\/wp-content\/uploads\/2019\/07\/me-vello-133x100.jpeg 133w, https:\/\/www.albinfo.ch\/wp-content\/uploads\/2019\/07\/me-vello-233x175.jpeg 233w, https:\/\/www.albinfo.ch\/wp-content\/uploads\/2019\/07\/me-vello.jpeg 1920w\" sizes=\"auto, (max-width: 640px) 100vw, 640px\" \/><\/a>\u00a0<\/strong><\/p>\n<p><strong>Junggesellinnenabschied am Alba-Festival <\/strong><\/p>\n<p>Eine ganz besondere \u00dcberraschung hatten sich einige junge Frauen f\u00fcr ihre Freundin, die bald heiraten wird, ausgedacht. Als Ort f\u00fcr ihren Junggesellinnenabschied hatten sich die Freundinnen das Alba-Festival ausgesucht. Die zuk\u00fcnftige junge Braut wurde ohne ihres Wissens mit einem Schleier auf dem Kopf zum Festival gebracht und war ganz begeistert davon: \u201eDas hier ist einfach der perfekte Ort, um das Ende meines Junggessellinnendaseins zu feiern.\u201c<\/p>\n<figure id=\"attachment_288471\" aria-describedby=\"caption-attachment-288471\" style=\"width: 640px\" class=\"wp-caption alignnone\"><a href=\"https:\/\/www.albinfo.ch\/wp-content\/uploads\/2019\/07\/prej-austrie.jpeg\"><img loading=\"lazy\" decoding=\"async\" class=\"wp-image-288471 size-large\" src=\"https:\/\/www.albinfo.ch\/wp-content\/uploads\/2019\/07\/prej-austrie-768x1024.jpeg\" alt=\"\" width=\"640\" height=\"853\" srcset=\"https:\/\/www.albinfo.ch\/wp-content\/uploads\/2019\/07\/prej-austrie-768x1024.jpeg 768w, https:\/\/www.albinfo.ch\/wp-content\/uploads\/2019\/07\/prej-austrie-225x300.jpeg 225w, https:\/\/www.albinfo.ch\/wp-content\/uploads\/2019\/07\/prej-austrie-297x396.jpeg 297w, https:\/\/www.albinfo.ch\/wp-content\/uploads\/2019\/07\/prej-austrie-75x100.jpeg 75w, https:\/\/www.albinfo.ch\/wp-content\/uploads\/2019\/07\/prej-austrie-131x175.jpeg 131w, https:\/\/www.albinfo.ch\/wp-content\/uploads\/2019\/07\/prej-austrie.jpeg 1440w\" sizes=\"auto, (max-width: 640px) 100vw, 640px\" \/><\/a><figcaption id=\"caption-attachment-288471\" class=\"wp-caption-text\">Mirlinda Vojvoda und Dafina Krasniqi<\/figcaption><\/figure>\n<p>Unter den Besucherinnen fanden sich viele weit her gereiste junge Frauen wie Mirlinda Vojvoda und Dafina Krasniqi, die mehr als 1000 Kilometer von der Steiermark in \u00d6sterreich bis nach Z\u00fcrich zur\u00fcckgelegt hatten.<\/p>\n<p>\u201eWir folgen Mimoza Lekaj auf Instagram und als wir die Ank\u00fcndigung sahen, wollten wir nat\u00fcrlich dabei sein. In der Schweiz ist es halt anders als in \u00d6sterreich. Es gibt hier weit mehr Albaner als in \u00d6sterreich.&#8221; Aus Texas in den USA war Armin angereist und seine Freundin Fatima aus Manchester, um gemeinsam in Z\u00fcrich zu feiern.<\/p>\n<p><a href=\"https:\/\/www.albinfo.ch\/wp-content\/uploads\/2019\/07\/nga-amerika.jpeg\"><img loading=\"lazy\" decoding=\"async\" class=\"alignnone wp-image-288477\" src=\"https:\/\/www.albinfo.ch\/wp-content\/uploads\/2019\/07\/nga-amerika-769x1024.jpeg\" alt=\"\" width=\"278\" height=\"370\" srcset=\"https:\/\/www.albinfo.ch\/wp-content\/uploads\/2019\/07\/nga-amerika-769x1024.jpeg 769w, https:\/\/www.albinfo.ch\/wp-content\/uploads\/2019\/07\/nga-amerika-225x300.jpeg 225w, https:\/\/www.albinfo.ch\/wp-content\/uploads\/2019\/07\/nga-amerika-768x1023.jpeg 768w, https:\/\/www.albinfo.ch\/wp-content\/uploads\/2019\/07\/nga-amerika-297x396.jpeg 297w, https:\/\/www.albinfo.ch\/wp-content\/uploads\/2019\/07\/nga-amerika-75x100.jpeg 75w, https:\/\/www.albinfo.ch\/wp-content\/uploads\/2019\/07\/nga-amerika-131x175.jpeg 131w, https:\/\/www.albinfo.ch\/wp-content\/uploads\/2019\/07\/nga-amerika.jpeg 1126w\" sizes=\"auto, (max-width: 278px) 100vw, 278px\" \/><\/a><a href=\"https:\/\/www.albinfo.ch\/wp-content\/uploads\/2019\/07\/nga-anglia.jpeg\"><img loading=\"lazy\" decoding=\"async\" class=\"alignnone wp-image-288480\" src=\"https:\/\/www.albinfo.ch\/wp-content\/uploads\/2019\/07\/nga-anglia-769x1024.jpeg\" alt=\"\" width=\"278\" height=\"370\" srcset=\"https:\/\/www.albinfo.ch\/wp-content\/uploads\/2019\/07\/nga-anglia-769x1024.jpeg 769w, https:\/\/www.albinfo.ch\/wp-content\/uploads\/2019\/07\/nga-anglia-225x300.jpeg 225w, https:\/\/www.albinfo.ch\/wp-content\/uploads\/2019\/07\/nga-anglia-768x1023.jpeg 768w, https:\/\/www.albinfo.ch\/wp-content\/uploads\/2019\/07\/nga-anglia-297x396.jpeg 297w, https:\/\/www.albinfo.ch\/wp-content\/uploads\/2019\/07\/nga-anglia-75x100.jpeg 75w, https:\/\/www.albinfo.ch\/wp-content\/uploads\/2019\/07\/nga-anglia-131x175.jpeg 131w, https:\/\/www.albinfo.ch\/wp-content\/uploads\/2019\/07\/nga-anglia.jpeg 1126w\" sizes=\"auto, (max-width: 278px) 100vw, 278px\" \/><\/a><\/p>\n<p>Die Schwestern Miranda und Majlinda Balaj kamen aus Antwerpen in Belgien. Sie hatten beschlossen, das Wochenende in der Schweiz zu verbringen, mit dem einzigen Wunsch, am Alba-Festival teilzunehmen.<\/p>\n<figure id=\"attachment_288430\" aria-describedby=\"caption-attachment-288430\" style=\"width: 661px\" class=\"wp-caption alignnone\"><a href=\"https:\/\/www.albinfo.ch\/wp-content\/uploads\/2019\/07\/540a9062.jpg\"><img loading=\"lazy\" decoding=\"async\" class=\"wp-image-288430\" src=\"https:\/\/www.albinfo.ch\/wp-content\/uploads\/2019\/07\/540a9062.jpg\" alt=\"\" width=\"661\" height=\"440\" srcset=\"https:\/\/www.albinfo.ch\/wp-content\/uploads\/2019\/07\/540a9062.jpg 1000w, https:\/\/www.albinfo.ch\/wp-content\/uploads\/2019\/07\/540a9062-300x200.jpg 300w, https:\/\/www.albinfo.ch\/wp-content\/uploads\/2019\/07\/540a9062-768x511.jpg 768w, https:\/\/www.albinfo.ch\/wp-content\/uploads\/2019\/07\/540a9062-586x389.jpg 586w, https:\/\/www.albinfo.ch\/wp-content\/uploads\/2019\/07\/540a9062-210x141.jpg 210w, https:\/\/www.albinfo.ch\/wp-content\/uploads\/2019\/07\/540a9062-587x391.jpg 587w, https:\/\/www.albinfo.ch\/wp-content\/uploads\/2019\/07\/540a9062-150x100.jpg 150w, https:\/\/www.albinfo.ch\/wp-content\/uploads\/2019\/07\/540a9062-263x175.jpg 263w\" sizes=\"auto, (max-width: 661px) 100vw, 661px\" \/><\/a><figcaption id=\"caption-attachment-288430\" class=\"wp-caption-text\">\u00a9 2019 Albinfo.ch\/Foto Agron Bajrami<\/figcaption><\/figure>\n<p><strong>Alba Festival oder &#8216;Fairy&#8217; Festival?<\/strong><\/p>\n<p>Obwohl es keine Statistik gibt, die diese Annahme best\u00e4tigt, kann man davon ausgehen, dass \u00fcber 65 Prozent der Festivalbesucher junge Frauen waren, die schick gekleidet den hohen Temperaturen standhielten. Wenn man bedenkt, dass die meisten Ber\u00fchmtheiten albanischer Herkunft Frauen sind, vermittelt dies ein Bild der albanischen Frau, das mit dem fr\u00fcheren patriarchalisch gepr\u00e4gten bricht.<\/p>\n<p>So werden junge, erfolgreiche Frauen wie Rita Ora, Dua Lipa, Bebe Rexha, Era Istrefi, Ava Max, Majlinda Kelmendi, Distria Krasniqi, Nora Gjakova, Loriana Kuka und Kosovare Asllani zu Botschafterinnen unserer Kultur.<\/p>\n<figure id=\"attachment_288474\" aria-describedby=\"caption-attachment-288474\" style=\"width: 634px\" class=\"wp-caption alignnone\"><a href=\"https:\/\/www.albinfo.ch\/wp-content\/uploads\/2019\/07\/zvicerani.jpeg\"><img loading=\"lazy\" decoding=\"async\" class=\"wp-image-288474\" src=\"https:\/\/www.albinfo.ch\/wp-content\/uploads\/2019\/07\/zvicerani.jpeg\" alt=\"\" width=\"634\" height=\"700\" srcset=\"https:\/\/www.albinfo.ch\/wp-content\/uploads\/2019\/07\/zvicerani.jpeg 925w, https:\/\/www.albinfo.ch\/wp-content\/uploads\/2019\/07\/zvicerani-272x300.jpeg 272w, https:\/\/www.albinfo.ch\/wp-content\/uploads\/2019\/07\/zvicerani-768x849.jpeg 768w, https:\/\/www.albinfo.ch\/wp-content\/uploads\/2019\/07\/zvicerani-358x396.jpeg 358w, https:\/\/www.albinfo.ch\/wp-content\/uploads\/2019\/07\/zvicerani-91x100.jpeg 91w, https:\/\/www.albinfo.ch\/wp-content\/uploads\/2019\/07\/zvicerani-158x175.jpeg 158w\" sizes=\"auto, (max-width: 634px) 100vw, 634px\" \/><\/a><figcaption id=\"caption-attachment-288474\" class=\"wp-caption-text\">Besart Hoti und Janine Heckendorn<\/figcaption><\/figure>\n<p>Zu guter Letzt konnten wir noch ein Statement einer jungen Schweizerin einholen, die zusammen mit ihrem Freund das Festival besuchte.<\/p>\n<p>\u201eIch f\u00fchlte mich zuvor noch nie so wohl auf einem Festival, wie beim Albafestival. Es war unglaublich, egal wo man war, die Stimmung war super. Die Besucher waren alle gut gelaunt, haben Stimmung gemacht und gingen respektvoll und sehr anst\u00e4ndig miteinander um. Es gab keine Probleme untereinander trotz der erdr\u00fcckenden Hitze und der Menschenmasse. Die Musik und die Performance waren der Hammer. Albanische Musik l\u00e4sst mein Herz h\u00f6herschlagen, da muss man einfach mittanzen. Am besten hat mir gefallen, dass so viele Leute mitgesungen haben, vor allem bei den traditionellen Liedern. Als Schweizerin fragt man sich da, woher die alle den Text kennen.\u201c Das Festival wird Janine n\u00e4chstes Jahr wieder besuchen.<\/p>\n<figure id=\"attachment_288391\" aria-describedby=\"caption-attachment-288391\" style=\"width: 661px\" class=\"wp-caption alignnone\"><a href=\"https:\/\/www.albinfo.ch\/wp-content\/uploads\/2019\/07\/540a8628.jpg\"><img loading=\"lazy\" decoding=\"async\" class=\"wp-image-288391\" src=\"https:\/\/www.albinfo.ch\/wp-content\/uploads\/2019\/07\/540a8628.jpg\" alt=\"\" width=\"661\" height=\"440\" srcset=\"https:\/\/www.albinfo.ch\/wp-content\/uploads\/2019\/07\/540a8628.jpg 1000w, https:\/\/www.albinfo.ch\/wp-content\/uploads\/2019\/07\/540a8628-300x200.jpg 300w, https:\/\/www.albinfo.ch\/wp-content\/uploads\/2019\/07\/540a8628-768x511.jpg 768w, https:\/\/www.albinfo.ch\/wp-content\/uploads\/2019\/07\/540a8628-586x389.jpg 586w, https:\/\/www.albinfo.ch\/wp-content\/uploads\/2019\/07\/540a8628-210x141.jpg 210w, https:\/\/www.albinfo.ch\/wp-content\/uploads\/2019\/07\/540a8628-587x391.jpg 587w, https:\/\/www.albinfo.ch\/wp-content\/uploads\/2019\/07\/540a8628-150x100.jpg 150w, https:\/\/www.albinfo.ch\/wp-content\/uploads\/2019\/07\/540a8628-263x175.jpg 263w\" sizes=\"auto, (max-width: 661px) 100vw, 661px\" \/><\/a><figcaption id=\"caption-attachment-288391\" class=\"wp-caption-text\">\u00a9 2019 Albinfo.ch\/Foto Agron Bajrami<\/figcaption><\/figure>\n<figure id=\"attachment_288267\" aria-describedby=\"caption-attachment-288267\" style=\"width: 660px\" class=\"wp-caption alignnone\"><a href=\"https:\/\/www.albinfo.ch\/wp-content\/uploads\/2019\/07\/rrim_190629_albafestival_8327_lr_web.jpg\"><img loading=\"lazy\" decoding=\"async\" class=\"wp-image-288267\" src=\"https:\/\/www.albinfo.ch\/wp-content\/uploads\/2019\/07\/rrim_190629_albafestival_8327_lr_web-1024x683.jpg\" alt=\"\" width=\"660\" height=\"440\" srcset=\"https:\/\/www.albinfo.ch\/wp-content\/uploads\/2019\/07\/rrim_190629_albafestival_8327_lr_web-1024x683.jpg 1024w, https:\/\/www.albinfo.ch\/wp-content\/uploads\/2019\/07\/rrim_190629_albafestival_8327_lr_web-300x200.jpg 300w, https:\/\/www.albinfo.ch\/wp-content\/uploads\/2019\/07\/rrim_190629_albafestival_8327_lr_web-768x512.jpg 768w, https:\/\/www.albinfo.ch\/wp-content\/uploads\/2019\/07\/rrim_190629_albafestival_8327_lr_web-210x141.jpg 210w, https:\/\/www.albinfo.ch\/wp-content\/uploads\/2019\/07\/rrim_190629_albafestival_8327_lr_web-587x391.jpg 587w, https:\/\/www.albinfo.ch\/wp-content\/uploads\/2019\/07\/rrim_190629_albafestival_8327_lr_web-150x100.jpg 150w, https:\/\/www.albinfo.ch\/wp-content\/uploads\/2019\/07\/rrim_190629_albafestival_8327_lr_web-263x175.jpg 263w, https:\/\/www.albinfo.ch\/wp-content\/uploads\/2019\/07\/rrim_190629_albafestival_8327_lr_web.jpg 2048w\" sizes=\"auto, (max-width: 660px) 100vw, 660px\" \/><\/a><figcaption id=\"caption-attachment-288267\" class=\"wp-caption-text\">\u00a9 2019 Albinfo.ch\/Foto Rromir Imami<\/figcaption><\/figure>\n<figure id=\"attachment_288192\" aria-describedby=\"caption-attachment-288192\" style=\"width: 660px\" class=\"wp-caption alignnone\"><a href=\"https:\/\/www.albinfo.ch\/wp-content\/uploads\/2019\/07\/rrim_190629_albafestival_6364_lr_web.jpg\"><img loading=\"lazy\" decoding=\"async\" class=\"wp-image-288192\" src=\"https:\/\/www.albinfo.ch\/wp-content\/uploads\/2019\/07\/rrim_190629_albafestival_6364_lr_web-1024x683.jpg\" alt=\"\" width=\"660\" height=\"440\" srcset=\"https:\/\/www.albinfo.ch\/wp-content\/uploads\/2019\/07\/rrim_190629_albafestival_6364_lr_web-1024x683.jpg 1024w, https:\/\/www.albinfo.ch\/wp-content\/uploads\/2019\/07\/rrim_190629_albafestival_6364_lr_web-300x200.jpg 300w, https:\/\/www.albinfo.ch\/wp-content\/uploads\/2019\/07\/rrim_190629_albafestival_6364_lr_web-768x512.jpg 768w, https:\/\/www.albinfo.ch\/wp-content\/uploads\/2019\/07\/rrim_190629_albafestival_6364_lr_web-210x141.jpg 210w, https:\/\/www.albinfo.ch\/wp-content\/uploads\/2019\/07\/rrim_190629_albafestival_6364_lr_web-587x391.jpg 587w, https:\/\/www.albinfo.ch\/wp-content\/uploads\/2019\/07\/rrim_190629_albafestival_6364_lr_web-150x100.jpg 150w, https:\/\/www.albinfo.ch\/wp-content\/uploads\/2019\/07\/rrim_190629_albafestival_6364_lr_web-263x175.jpg 263w, https:\/\/www.albinfo.ch\/wp-content\/uploads\/2019\/07\/rrim_190629_albafestival_6364_lr_web.jpg 2048w\" sizes=\"auto, (max-width: 660px) 100vw, 660px\" \/><\/a><figcaption id=\"caption-attachment-288192\" class=\"wp-caption-text\">\u00a9 2019 Albinfo.ch\/Foto Rromir Imami<\/figcaption><\/figure>\n<figure id=\"attachment_288222\" aria-describedby=\"caption-attachment-288222\" style=\"width: 660px\" class=\"wp-caption alignnone\"><a href=\"https:\/\/www.albinfo.ch\/wp-content\/uploads\/2019\/07\/rrim_190629_albafestival_7046_lr_web.jpg\"><img loading=\"lazy\" decoding=\"async\" class=\"wp-image-288222\" src=\"https:\/\/www.albinfo.ch\/wp-content\/uploads\/2019\/07\/rrim_190629_albafestival_7046_lr_web-1024x683.jpg\" alt=\"\" width=\"660\" height=\"440\" srcset=\"https:\/\/www.albinfo.ch\/wp-content\/uploads\/2019\/07\/rrim_190629_albafestival_7046_lr_web-1024x683.jpg 1024w, https:\/\/www.albinfo.ch\/wp-content\/uploads\/2019\/07\/rrim_190629_albafestival_7046_lr_web-300x200.jpg 300w, https:\/\/www.albinfo.ch\/wp-content\/uploads\/2019\/07\/rrim_190629_albafestival_7046_lr_web-768x512.jpg 768w, https:\/\/www.albinfo.ch\/wp-content\/uploads\/2019\/07\/rrim_190629_albafestival_7046_lr_web-210x141.jpg 210w, https:\/\/www.albinfo.ch\/wp-content\/uploads\/2019\/07\/rrim_190629_albafestival_7046_lr_web-587x391.jpg 587w, https:\/\/www.albinfo.ch\/wp-content\/uploads\/2019\/07\/rrim_190629_albafestival_7046_lr_web-150x100.jpg 150w, https:\/\/www.albinfo.ch\/wp-content\/uploads\/2019\/07\/rrim_190629_albafestival_7046_lr_web-263x175.jpg 263w, https:\/\/www.albinfo.ch\/wp-content\/uploads\/2019\/07\/rrim_190629_albafestival_7046_lr_web.jpg 2048w\" sizes=\"auto, (max-width: 660px) 100vw, 660px\" \/><\/a><figcaption id=\"caption-attachment-288222\" class=\"wp-caption-text\">\u00a9 2019 Albinfo.ch\/Foto Rromir Imami<\/figcaption><\/figure>\n<figure id=\"attachment_288153\" aria-describedby=\"caption-attachment-288153\" style=\"width: 660px\" class=\"wp-caption alignnone\"><a href=\"https:\/\/www.albinfo.ch\/wp-content\/uploads\/2019\/07\/rrim_190629_albafestival_4299_lr_web.jpg\"><img loading=\"lazy\" decoding=\"async\" class=\"wp-image-288153\" src=\"https:\/\/www.albinfo.ch\/wp-content\/uploads\/2019\/07\/rrim_190629_albafestival_4299_lr_web-1024x683.jpg\" alt=\"\" width=\"660\" height=\"440\" srcset=\"https:\/\/www.albinfo.ch\/wp-content\/uploads\/2019\/07\/rrim_190629_albafestival_4299_lr_web-1024x683.jpg 1024w, https:\/\/www.albinfo.ch\/wp-content\/uploads\/2019\/07\/rrim_190629_albafestival_4299_lr_web-300x200.jpg 300w, https:\/\/www.albinfo.ch\/wp-content\/uploads\/2019\/07\/rrim_190629_albafestival_4299_lr_web-768x512.jpg 768w, https:\/\/www.albinfo.ch\/wp-content\/uploads\/2019\/07\/rrim_190629_albafestival_4299_lr_web-210x141.jpg 210w, https:\/\/www.albinfo.ch\/wp-content\/uploads\/2019\/07\/rrim_190629_albafestival_4299_lr_web-587x391.jpg 587w, https:\/\/www.albinfo.ch\/wp-content\/uploads\/2019\/07\/rrim_190629_albafestival_4299_lr_web-150x100.jpg 150w, https:\/\/www.albinfo.ch\/wp-content\/uploads\/2019\/07\/rrim_190629_albafestival_4299_lr_web-263x175.jpg 263w, https:\/\/www.albinfo.ch\/wp-content\/uploads\/2019\/07\/rrim_190629_albafestival_4299_lr_web.jpg 2048w\" sizes=\"auto, (max-width: 660px) 100vw, 660px\" \/><\/a><figcaption id=\"caption-attachment-288153\" class=\"wp-caption-text\">\u00a9 2019 Albinfo.ch\/Foto Rromir Imami<\/figcaption><\/figure>\n<figure id=\"attachment_288186\" aria-describedby=\"caption-attachment-288186\" style=\"width: 660px\" class=\"wp-caption alignnone\"><a href=\"https:\/\/www.albinfo.ch\/wp-content\/uploads\/2019\/07\/rrim_190629_albafestival_6195_lr_web.jpg\"><img loading=\"lazy\" decoding=\"async\" class=\"wp-image-288186\" src=\"https:\/\/www.albinfo.ch\/wp-content\/uploads\/2019\/07\/rrim_190629_albafestival_6195_lr_web-1024x683.jpg\" alt=\"\" width=\"660\" height=\"440\" srcset=\"https:\/\/www.albinfo.ch\/wp-content\/uploads\/2019\/07\/rrim_190629_albafestival_6195_lr_web-1024x683.jpg 1024w, https:\/\/www.albinfo.ch\/wp-content\/uploads\/2019\/07\/rrim_190629_albafestival_6195_lr_web-300x200.jpg 300w, https:\/\/www.albinfo.ch\/wp-content\/uploads\/2019\/07\/rrim_190629_albafestival_6195_lr_web-768x512.jpg 768w, https:\/\/www.albinfo.ch\/wp-content\/uploads\/2019\/07\/rrim_190629_albafestival_6195_lr_web-210x141.jpg 210w, https:\/\/www.albinfo.ch\/wp-content\/uploads\/2019\/07\/rrim_190629_albafestival_6195_lr_web-587x391.jpg 587w, https:\/\/www.albinfo.ch\/wp-content\/uploads\/2019\/07\/rrim_190629_albafestival_6195_lr_web-150x100.jpg 150w, https:\/\/www.albinfo.ch\/wp-content\/uploads\/2019\/07\/rrim_190629_albafestival_6195_lr_web-263x175.jpg 263w, https:\/\/www.albinfo.ch\/wp-content\/uploads\/2019\/07\/rrim_190629_albafestival_6195_lr_web.jpg 2048w\" sizes=\"auto, (max-width: 660px) 100vw, 660px\" \/><\/a><figcaption id=\"caption-attachment-288186\" class=\"wp-caption-text\">\u00a9 2019 Albinfo.ch\/Foto Rromir Imami<\/figcaption><\/figure>\n<figure id=\"attachment_288144\" aria-describedby=\"caption-attachment-288144\" style=\"width: 660px\" class=\"wp-caption alignnone\"><a href=\"https:\/\/www.albinfo.ch\/wp-content\/uploads\/2019\/07\/rrim_190629_albafestival_4284_lr_web.jpg\"><img loading=\"lazy\" decoding=\"async\" class=\"wp-image-288144\" src=\"https:\/\/www.albinfo.ch\/wp-content\/uploads\/2019\/07\/rrim_190629_albafestival_4284_lr_web-1024x683.jpg\" alt=\"\" width=\"660\" height=\"440\" srcset=\"https:\/\/www.albinfo.ch\/wp-content\/uploads\/2019\/07\/rrim_190629_albafestival_4284_lr_web-1024x683.jpg 1024w, https:\/\/www.albinfo.ch\/wp-content\/uploads\/2019\/07\/rrim_190629_albafestival_4284_lr_web-300x200.jpg 300w, https:\/\/www.albinfo.ch\/wp-content\/uploads\/2019\/07\/rrim_190629_albafestival_4284_lr_web-768x512.jpg 768w, https:\/\/www.albinfo.ch\/wp-content\/uploads\/2019\/07\/rrim_190629_albafestival_4284_lr_web-210x141.jpg 210w, https:\/\/www.albinfo.ch\/wp-content\/uploads\/2019\/07\/rrim_190629_albafestival_4284_lr_web-587x391.jpg 587w, https:\/\/www.albinfo.ch\/wp-content\/uploads\/2019\/07\/rrim_190629_albafestival_4284_lr_web-150x100.jpg 150w, https:\/\/www.albinfo.ch\/wp-content\/uploads\/2019\/07\/rrim_190629_albafestival_4284_lr_web-263x175.jpg 263w, https:\/\/www.albinfo.ch\/wp-content\/uploads\/2019\/07\/rrim_190629_albafestival_4284_lr_web.jpg 2048w\" sizes=\"auto, (max-width: 660px) 100vw, 660px\" \/><\/a><figcaption id=\"caption-attachment-288144\" class=\"wp-caption-text\">\u00a9 2019 Albinfo.ch\/Foto Rromir Imami<\/figcaption><\/figure>\n<figure id=\"attachment_288388\" aria-describedby=\"caption-attachment-288388\" style=\"width: 667px\" class=\"wp-caption alignnone\"><a href=\"https:\/\/www.albinfo.ch\/wp-content\/uploads\/2019\/07\/540a8610.jpg\"><img loading=\"lazy\" decoding=\"async\" class=\"wp-image-288388\" src=\"https:\/\/www.albinfo.ch\/wp-content\/uploads\/2019\/07\/540a8610-683x1024.jpg\" alt=\"\" width=\"667\" height=\"1000\" srcset=\"https:\/\/www.albinfo.ch\/wp-content\/uploads\/2019\/07\/540a8610-683x1024.jpg 683w, https:\/\/www.albinfo.ch\/wp-content\/uploads\/2019\/07\/540a8610-200x300.jpg 200w, https:\/\/www.albinfo.ch\/wp-content\/uploads\/2019\/07\/540a8610-768x1152.jpg 768w, https:\/\/www.albinfo.ch\/wp-content\/uploads\/2019\/07\/540a8610-264x396.jpg 264w, https:\/\/www.albinfo.ch\/wp-content\/uploads\/2019\/07\/540a8610-67x100.jpg 67w, https:\/\/www.albinfo.ch\/wp-content\/uploads\/2019\/07\/540a8610-117x175.jpg 117w, https:\/\/www.albinfo.ch\/wp-content\/uploads\/2019\/07\/540a8610.jpg 1000w\" sizes=\"auto, (max-width: 667px) 100vw, 667px\" \/><\/a><figcaption id=\"caption-attachment-288388\" class=\"wp-caption-text\">\u00a9 2019 Albinfo.ch\/Foto Agron Bajrami<\/figcaption><\/figure>\n<figure id=\"attachment_288412\" aria-describedby=\"caption-attachment-288412\" style=\"width: 661px\" class=\"wp-caption alignnone\"><a href=\"https:\/\/www.albinfo.ch\/wp-content\/uploads\/2019\/07\/540a8734.jpg\"><img loading=\"lazy\" decoding=\"async\" class=\"wp-image-288412\" src=\"https:\/\/www.albinfo.ch\/wp-content\/uploads\/2019\/07\/540a8734.jpg\" alt=\"\" width=\"661\" height=\"440\" srcset=\"https:\/\/www.albinfo.ch\/wp-content\/uploads\/2019\/07\/540a8734.jpg 1000w, https:\/\/www.albinfo.ch\/wp-content\/uploads\/2019\/07\/540a8734-300x200.jpg 300w, https:\/\/www.albinfo.ch\/wp-content\/uploads\/2019\/07\/540a8734-768x511.jpg 768w, https:\/\/www.albinfo.ch\/wp-content\/uploads\/2019\/07\/540a8734-586x389.jpg 586w, https:\/\/www.albinfo.ch\/wp-content\/uploads\/2019\/07\/540a8734-210x141.jpg 210w, https:\/\/www.albinfo.ch\/wp-content\/uploads\/2019\/07\/540a8734-587x391.jpg 587w, https:\/\/www.albinfo.ch\/wp-content\/uploads\/2019\/07\/540a8734-150x100.jpg 150w, https:\/\/www.albinfo.ch\/wp-content\/uploads\/2019\/07\/540a8734-263x175.jpg 263w\" sizes=\"auto, (max-width: 661px) 100vw, 661px\" \/><\/a><figcaption id=\"caption-attachment-288412\" class=\"wp-caption-text\">\u00a9 2019 Albinfo.ch\/Foto Agron Bajrami<\/figcaption><\/figure>\n<figure id=\"attachment_288291\" aria-describedby=\"caption-attachment-288291\" style=\"width: 660px\" class=\"wp-caption alignnone\"><a href=\"https:\/\/www.albinfo.ch\/wp-content\/uploads\/2019\/07\/rrim_190630_albafestival_6828_lr_web.jpg\"><img loading=\"lazy\" decoding=\"async\" class=\"wp-image-288291\" src=\"https:\/\/www.albinfo.ch\/wp-content\/uploads\/2019\/07\/rrim_190630_albafestival_6828_lr_web-1024x683.jpg\" alt=\"\" width=\"660\" height=\"440\" srcset=\"https:\/\/www.albinfo.ch\/wp-content\/uploads\/2019\/07\/rrim_190630_albafestival_6828_lr_web-1024x683.jpg 1024w, https:\/\/www.albinfo.ch\/wp-content\/uploads\/2019\/07\/rrim_190630_albafestival_6828_lr_web-300x200.jpg 300w, https:\/\/www.albinfo.ch\/wp-content\/uploads\/2019\/07\/rrim_190630_albafestival_6828_lr_web-768x512.jpg 768w, https:\/\/www.albinfo.ch\/wp-content\/uploads\/2019\/07\/rrim_190630_albafestival_6828_lr_web-210x141.jpg 210w, https:\/\/www.albinfo.ch\/wp-content\/uploads\/2019\/07\/rrim_190630_albafestival_6828_lr_web-587x391.jpg 587w, https:\/\/www.albinfo.ch\/wp-content\/uploads\/2019\/07\/rrim_190630_albafestival_6828_lr_web-150x100.jpg 150w, https:\/\/www.albinfo.ch\/wp-content\/uploads\/2019\/07\/rrim_190630_albafestival_6828_lr_web-263x175.jpg 263w, https:\/\/www.albinfo.ch\/wp-content\/uploads\/2019\/07\/rrim_190630_albafestival_6828_lr_web.jpg 2048w\" sizes=\"auto, (max-width: 660px) 100vw, 660px\" \/><\/a><figcaption id=\"caption-attachment-288291\" class=\"wp-caption-text\">\u00a9 2019 Albinfo.ch\/Foto Rromir Imami<\/figcaption><\/figure>\n<figure id=\"attachment_288367\" aria-describedby=\"caption-attachment-288367\" style=\"width: 661px\" class=\"wp-caption alignnone\"><a href=\"https:\/\/www.albinfo.ch\/wp-content\/uploads\/2019\/07\/540a8424.jpg\"><img loading=\"lazy\" decoding=\"async\" class=\"wp-image-288367\" src=\"https:\/\/www.albinfo.ch\/wp-content\/uploads\/2019\/07\/540a8424.jpg\" alt=\"\" width=\"661\" height=\"440\" srcset=\"https:\/\/www.albinfo.ch\/wp-content\/uploads\/2019\/07\/540a8424.jpg 1000w, https:\/\/www.albinfo.ch\/wp-content\/uploads\/2019\/07\/540a8424-300x200.jpg 300w, https:\/\/www.albinfo.ch\/wp-content\/uploads\/2019\/07\/540a8424-768x511.jpg 768w, https:\/\/www.albinfo.ch\/wp-content\/uploads\/2019\/07\/540a8424-586x389.jpg 586w, https:\/\/www.albinfo.ch\/wp-content\/uploads\/2019\/07\/540a8424-210x141.jpg 210w, https:\/\/www.albinfo.ch\/wp-content\/uploads\/2019\/07\/540a8424-587x391.jpg 587w, https:\/\/www.albinfo.ch\/wp-content\/uploads\/2019\/07\/540a8424-150x100.jpg 150w, https:\/\/www.albinfo.ch\/wp-content\/uploads\/2019\/07\/540a8424-263x175.jpg 263w\" sizes=\"auto, (max-width: 661px) 100vw, 661px\" \/><\/a><figcaption id=\"caption-attachment-288367\" class=\"wp-caption-text\">\u00a9 2019 Albinfo.ch\/Foto Agron Bajrami<\/figcaption><\/figure>\n<figure id=\"attachment_288379\" aria-describedby=\"caption-attachment-288379\" style=\"width: 661px\" class=\"wp-caption alignnone\"><a href=\"https:\/\/www.albinfo.ch\/wp-content\/uploads\/2019\/07\/540a8535.jpg\"><img loading=\"lazy\" decoding=\"async\" class=\"wp-image-288379\" src=\"https:\/\/www.albinfo.ch\/wp-content\/uploads\/2019\/07\/540a8535.jpg\" alt=\"\" width=\"661\" height=\"440\" srcset=\"https:\/\/www.albinfo.ch\/wp-content\/uploads\/2019\/07\/540a8535.jpg 1000w, https:\/\/www.albinfo.ch\/wp-content\/uploads\/2019\/07\/540a8535-300x200.jpg 300w, https:\/\/www.albinfo.ch\/wp-content\/uploads\/2019\/07\/540a8535-768x511.jpg 768w, https:\/\/www.albinfo.ch\/wp-content\/uploads\/2019\/07\/540a8535-586x389.jpg 586w, https:\/\/www.albinfo.ch\/wp-content\/uploads\/2019\/07\/540a8535-210x141.jpg 210w, https:\/\/www.albinfo.ch\/wp-content\/uploads\/2019\/07\/540a8535-587x391.jpg 587w, https:\/\/www.albinfo.ch\/wp-content\/uploads\/2019\/07\/540a8535-150x100.jpg 150w, https:\/\/www.albinfo.ch\/wp-content\/uploads\/2019\/07\/540a8535-263x175.jpg 263w\" sizes=\"auto, (max-width: 661px) 100vw, 661px\" \/><\/a><figcaption id=\"caption-attachment-288379\" class=\"wp-caption-text\">\u00a9 2019 Albinfo.ch\/Foto Agron Bajrami<\/figcaption><\/figure>\n<figure id=\"attachment_288306\" aria-describedby=\"caption-attachment-288306\" style=\"width: 660px\" class=\"wp-caption alignnone\"><a href=\"https:\/\/www.albinfo.ch\/wp-content\/uploads\/2019\/07\/rrim_190630_albafestival_9022_lr_web.jpg\"><img loading=\"lazy\" decoding=\"async\" class=\"wp-image-288306\" src=\"https:\/\/www.albinfo.ch\/wp-content\/uploads\/2019\/07\/rrim_190630_albafestival_9022_lr_web-1024x683.jpg\" alt=\"\" width=\"660\" height=\"440\" srcset=\"https:\/\/www.albinfo.ch\/wp-content\/uploads\/2019\/07\/rrim_190630_albafestival_9022_lr_web-1024x683.jpg 1024w, https:\/\/www.albinfo.ch\/wp-content\/uploads\/2019\/07\/rrim_190630_albafestival_9022_lr_web-300x200.jpg 300w, https:\/\/www.albinfo.ch\/wp-content\/uploads\/2019\/07\/rrim_190630_albafestival_9022_lr_web-768x512.jpg 768w, https:\/\/www.albinfo.ch\/wp-content\/uploads\/2019\/07\/rrim_190630_albafestival_9022_lr_web-210x141.jpg 210w, https:\/\/www.albinfo.ch\/wp-content\/uploads\/2019\/07\/rrim_190630_albafestival_9022_lr_web-587x391.jpg 587w, https:\/\/www.albinfo.ch\/wp-content\/uploads\/2019\/07\/rrim_190630_albafestival_9022_lr_web-150x100.jpg 150w, https:\/\/www.albinfo.ch\/wp-content\/uploads\/2019\/07\/rrim_190630_albafestival_9022_lr_web-263x175.jpg 263w, https:\/\/www.albinfo.ch\/wp-content\/uploads\/2019\/07\/rrim_190630_albafestival_9022_lr_web.jpg 2048w\" sizes=\"auto, (max-width: 660px) 100vw, 660px\" \/><\/a><figcaption id=\"caption-attachment-288306\" class=\"wp-caption-text\">\u00a9 2019 Albinfo.ch\/Foto Rromir Imami<\/figcaption><\/figure>\n<figure id=\"attachment_288315\" aria-describedby=\"caption-attachment-288315\" style=\"width: 640px\" class=\"wp-caption alignnone\"><a href=\"https:\/\/www.albinfo.ch\/wp-content\/uploads\/2019\/07\/rrim_190630_albafestival_9526_lr_web.jpg\"><img loading=\"lazy\" decoding=\"async\" class=\"size-large wp-image-288315\" src=\"https:\/\/www.albinfo.ch\/wp-content\/uploads\/2019\/07\/rrim_190630_albafestival_9526_lr_web-1024x683.jpg\" alt=\"\" width=\"640\" height=\"427\" srcset=\"https:\/\/www.albinfo.ch\/wp-content\/uploads\/2019\/07\/rrim_190630_albafestival_9526_lr_web-1024x683.jpg 1024w, https:\/\/www.albinfo.ch\/wp-content\/uploads\/2019\/07\/rrim_190630_albafestival_9526_lr_web-300x200.jpg 300w, https:\/\/www.albinfo.ch\/wp-content\/uploads\/2019\/07\/rrim_190630_albafestival_9526_lr_web-768x512.jpg 768w, https:\/\/www.albinfo.ch\/wp-content\/uploads\/2019\/07\/rrim_190630_albafestival_9526_lr_web-210x141.jpg 210w, https:\/\/www.albinfo.ch\/wp-content\/uploads\/2019\/07\/rrim_190630_albafestival_9526_lr_web-587x391.jpg 587w, https:\/\/www.albinfo.ch\/wp-content\/uploads\/2019\/07\/rrim_190630_albafestival_9526_lr_web-150x100.jpg 150w, https:\/\/www.albinfo.ch\/wp-content\/uploads\/2019\/07\/rrim_190630_albafestival_9526_lr_web-263x175.jpg 263w, https:\/\/www.albinfo.ch\/wp-content\/uploads\/2019\/07\/rrim_190630_albafestival_9526_lr_web.jpg 2048w\" sizes=\"auto, (max-width: 640px) 100vw, 640px\" \/><\/a><figcaption id=\"caption-attachment-288315\" class=\"wp-caption-text\">\u00a9 2019 Albinfo.ch\/Foto Rromir Imami<\/figcaption><\/figure>\n<figure id=\"attachment_288288\" aria-describedby=\"caption-attachment-288288\" style=\"width: 640px\" class=\"wp-caption alignnone\"><a href=\"https:\/\/www.albinfo.ch\/wp-content\/uploads\/2019\/07\/rrim_190630_albafestival_6807_lr_web.jpg\"><img loading=\"lazy\" decoding=\"async\" class=\"size-large wp-image-288288\" src=\"https:\/\/www.albinfo.ch\/wp-content\/uploads\/2019\/07\/rrim_190630_albafestival_6807_lr_web-1024x683.jpg\" alt=\"\" width=\"640\" height=\"427\" srcset=\"https:\/\/www.albinfo.ch\/wp-content\/uploads\/2019\/07\/rrim_190630_albafestival_6807_lr_web-1024x683.jpg 1024w, https:\/\/www.albinfo.ch\/wp-content\/uploads\/2019\/07\/rrim_190630_albafestival_6807_lr_web-300x200.jpg 300w, https:\/\/www.albinfo.ch\/wp-content\/uploads\/2019\/07\/rrim_190630_albafestival_6807_lr_web-768x512.jpg 768w, https:\/\/www.albinfo.ch\/wp-content\/uploads\/2019\/07\/rrim_190630_albafestival_6807_lr_web-210x141.jpg 210w, https:\/\/www.albinfo.ch\/wp-content\/uploads\/2019\/07\/rrim_190630_albafestival_6807_lr_web-587x391.jpg 587w, https:\/\/www.albinfo.ch\/wp-content\/uploads\/2019\/07\/rrim_190630_albafestival_6807_lr_web-150x100.jpg 150w, https:\/\/www.albinfo.ch\/wp-content\/uploads\/2019\/07\/rrim_190630_albafestival_6807_lr_web-263x175.jpg 263w, https:\/\/www.albinfo.ch\/wp-content\/uploads\/2019\/07\/rrim_190630_albafestival_6807_lr_web.jpg 2048w\" sizes=\"auto, (max-width: 640px) 100vw, 640px\" \/><\/a><figcaption id=\"caption-attachment-288288\" class=\"wp-caption-text\">\u00a9 2019 Albinfo.ch\/Foto Rromir Imami<\/figcaption><\/figure>\n<figure id=\"attachment_288180\" aria-describedby=\"caption-attachment-288180\" style=\"width: 640px\" class=\"wp-caption alignnone\"><a href=\"https:\/\/www.albinfo.ch\/wp-content\/uploads\/2019\/07\/rrim_190629_albafestival_4918_lr_web.jpg\"><img loading=\"lazy\" decoding=\"async\" class=\"size-large wp-image-288180\" src=\"https:\/\/www.albinfo.ch\/wp-content\/uploads\/2019\/07\/rrim_190629_albafestival_4918_lr_web-1024x683.jpg\" alt=\"\" width=\"640\" height=\"427\" srcset=\"https:\/\/www.albinfo.ch\/wp-content\/uploads\/2019\/07\/rrim_190629_albafestival_4918_lr_web-1024x683.jpg 1024w, https:\/\/www.albinfo.ch\/wp-content\/uploads\/2019\/07\/rrim_190629_albafestival_4918_lr_web-300x200.jpg 300w, https:\/\/www.albinfo.ch\/wp-content\/uploads\/2019\/07\/rrim_190629_albafestival_4918_lr_web-768x512.jpg 768w, https:\/\/www.albinfo.ch\/wp-content\/uploads\/2019\/07\/rrim_190629_albafestival_4918_lr_web-210x141.jpg 210w, https:\/\/www.albinfo.ch\/wp-content\/uploads\/2019\/07\/rrim_190629_albafestival_4918_lr_web-587x391.jpg 587w, https:\/\/www.albinfo.ch\/wp-content\/uploads\/2019\/07\/rrim_190629_albafestival_4918_lr_web-150x100.jpg 150w, https:\/\/www.albinfo.ch\/wp-content\/uploads\/2019\/07\/rrim_190629_albafestival_4918_lr_web-263x175.jpg 263w, https:\/\/www.albinfo.ch\/wp-content\/uploads\/2019\/07\/rrim_190629_albafestival_4918_lr_web.jpg 2048w\" sizes=\"auto, (max-width: 640px) 100vw, 640px\" \/><\/a><figcaption id=\"caption-attachment-288180\" class=\"wp-caption-text\">\u00a9 2019 Albinfo.ch\/Foto Rromir Imami<\/figcaption><\/figure>\n<figure id=\"attachment_288168\" aria-describedby=\"caption-attachment-288168\" style=\"width: 640px\" class=\"wp-caption alignnone\"><a href=\"https:\/\/www.albinfo.ch\/wp-content\/uploads\/2019\/07\/rrim_190629_albafestival_4638_lr_web.jpg\"><img loading=\"lazy\" decoding=\"async\" class=\"size-large wp-image-288168\" src=\"https:\/\/www.albinfo.ch\/wp-content\/uploads\/2019\/07\/rrim_190629_albafestival_4638_lr_web-1024x683.jpg\" alt=\"\" width=\"640\" height=\"427\" srcset=\"https:\/\/www.albinfo.ch\/wp-content\/uploads\/2019\/07\/rrim_190629_albafestival_4638_lr_web-1024x683.jpg 1024w, https:\/\/www.albinfo.ch\/wp-content\/uploads\/2019\/07\/rrim_190629_albafestival_4638_lr_web-300x200.jpg 300w, https:\/\/www.albinfo.ch\/wp-content\/uploads\/2019\/07\/rrim_190629_albafestival_4638_lr_web-768x512.jpg 768w, https:\/\/www.albinfo.ch\/wp-content\/uploads\/2019\/07\/rrim_190629_albafestival_4638_lr_web-210x141.jpg 210w, https:\/\/www.albinfo.ch\/wp-content\/uploads\/2019\/07\/rrim_190629_albafestival_4638_lr_web-587x391.jpg 587w, https:\/\/www.albinfo.ch\/wp-content\/uploads\/2019\/07\/rrim_190629_albafestival_4638_lr_web-150x100.jpg 150w, https:\/\/www.albinfo.ch\/wp-content\/uploads\/2019\/07\/rrim_190629_albafestival_4638_lr_web-263x175.jpg 263w, https:\/\/www.albinfo.ch\/wp-content\/uploads\/2019\/07\/rrim_190629_albafestival_4638_lr_web.jpg 2048w\" sizes=\"auto, (max-width: 640px) 100vw, 640px\" \/><\/a><figcaption id=\"caption-attachment-288168\" class=\"wp-caption-text\">\u00a9 2019 Albinfo.ch\/Foto Rromir Imami<\/figcaption><\/figure>\n<figure id=\"attachment_288162\" aria-describedby=\"caption-attachment-288162\" style=\"width: 640px\" class=\"wp-caption alignnone\"><a href=\"https:\/\/www.albinfo.ch\/wp-content\/uploads\/2019\/07\/rrim_190629_albafestival_4596_lr_web.jpg\"><img loading=\"lazy\" decoding=\"async\" class=\"size-large wp-image-288162\" src=\"https:\/\/www.albinfo.ch\/wp-content\/uploads\/2019\/07\/rrim_190629_albafestival_4596_lr_web-1024x683.jpg\" alt=\"\" width=\"640\" height=\"427\" srcset=\"https:\/\/www.albinfo.ch\/wp-content\/uploads\/2019\/07\/rrim_190629_albafestival_4596_lr_web-1024x683.jpg 1024w, https:\/\/www.albinfo.ch\/wp-content\/uploads\/2019\/07\/rrim_190629_albafestival_4596_lr_web-300x200.jpg 300w, https:\/\/www.albinfo.ch\/wp-content\/uploads\/2019\/07\/rrim_190629_albafestival_4596_lr_web-768x512.jpg 768w, https:\/\/www.albinfo.ch\/wp-content\/uploads\/2019\/07\/rrim_190629_albafestival_4596_lr_web-210x141.jpg 210w, https:\/\/www.albinfo.ch\/wp-content\/uploads\/2019\/07\/rrim_190629_albafestival_4596_lr_web-587x391.jpg 587w, https:\/\/www.albinfo.ch\/wp-content\/uploads\/2019\/07\/rrim_190629_albafestival_4596_lr_web-150x100.jpg 150w, https:\/\/www.albinfo.ch\/wp-content\/uploads\/2019\/07\/rrim_190629_albafestival_4596_lr_web-263x175.jpg 263w, https:\/\/www.albinfo.ch\/wp-content\/uploads\/2019\/07\/rrim_190629_albafestival_4596_lr_web.jpg 2048w\" sizes=\"auto, (max-width: 640px) 100vw, 640px\" \/><\/a><figcaption id=\"caption-attachment-288162\" class=\"wp-caption-text\">\u00a9 2019 Albinfo.ch\/Foto Rromir Imami<\/figcaption><\/figure>\n<figure id=\"attachment_288159\" aria-describedby=\"caption-attachment-288159\" style=\"width: 640px\" class=\"wp-caption alignnone\"><a href=\"https:\/\/www.albinfo.ch\/wp-content\/uploads\/2019\/07\/rrim_190629_albafestival_4553_lr_web.jpg\"><img loading=\"lazy\" decoding=\"async\" class=\"size-large wp-image-288159\" src=\"https:\/\/www.albinfo.ch\/wp-content\/uploads\/2019\/07\/rrim_190629_albafestival_4553_lr_web-1024x683.jpg\" alt=\"\" width=\"640\" height=\"427\" srcset=\"https:\/\/www.albinfo.ch\/wp-content\/uploads\/2019\/07\/rrim_190629_albafestival_4553_lr_web-1024x683.jpg 1024w, https:\/\/www.albinfo.ch\/wp-content\/uploads\/2019\/07\/rrim_190629_albafestival_4553_lr_web-300x200.jpg 300w, https:\/\/www.albinfo.ch\/wp-content\/uploads\/2019\/07\/rrim_190629_albafestival_4553_lr_web-768x512.jpg 768w, https:\/\/www.albinfo.ch\/wp-content\/uploads\/2019\/07\/rrim_190629_albafestival_4553_lr_web-210x141.jpg 210w, https:\/\/www.albinfo.ch\/wp-content\/uploads\/2019\/07\/rrim_190629_albafestival_4553_lr_web-587x391.jpg 587w, https:\/\/www.albinfo.ch\/wp-content\/uploads\/2019\/07\/rrim_190629_albafestival_4553_lr_web-150x100.jpg 150w, https:\/\/www.albinfo.ch\/wp-content\/uploads\/2019\/07\/rrim_190629_albafestival_4553_lr_web-263x175.jpg 263w, https:\/\/www.albinfo.ch\/wp-content\/uploads\/2019\/07\/rrim_190629_albafestival_4553_lr_web.jpg 2048w\" sizes=\"auto, (max-width: 640px) 100vw, 640px\" \/><\/a><figcaption id=\"caption-attachment-288159\" class=\"wp-caption-text\">\u00a9 2019 Albinfo.ch\/Foto Rromir Imami<\/figcaption><\/figure>\n<figure id=\"attachment_288264\" aria-describedby=\"caption-attachment-288264\" style=\"width: 640px\" class=\"wp-caption alignnone\"><a href=\"https:\/\/www.albinfo.ch\/wp-content\/uploads\/2019\/07\/rrim_190629_albafestival_7974_lr_web.jpg\"><img loading=\"lazy\" decoding=\"async\" class=\"size-large wp-image-288264\" src=\"https:\/\/www.albinfo.ch\/wp-content\/uploads\/2019\/07\/rrim_190629_albafestival_7974_lr_web-1024x683.jpg\" alt=\"\" width=\"640\" height=\"427\" srcset=\"https:\/\/www.albinfo.ch\/wp-content\/uploads\/2019\/07\/rrim_190629_albafestival_7974_lr_web-1024x683.jpg 1024w, https:\/\/www.albinfo.ch\/wp-content\/uploads\/2019\/07\/rrim_190629_albafestival_7974_lr_web-300x200.jpg 300w, https:\/\/www.albinfo.ch\/wp-content\/uploads\/2019\/07\/rrim_190629_albafestival_7974_lr_web-768x512.jpg 768w, https:\/\/www.albinfo.ch\/wp-content\/uploads\/2019\/07\/rrim_190629_albafestival_7974_lr_web-210x141.jpg 210w, https:\/\/www.albinfo.ch\/wp-content\/uploads\/2019\/07\/rrim_190629_albafestival_7974_lr_web-587x391.jpg 587w, https:\/\/www.albinfo.ch\/wp-content\/uploads\/2019\/07\/rrim_190629_albafestival_7974_lr_web-150x100.jpg 150w, https:\/\/www.albinfo.ch\/wp-content\/uploads\/2019\/07\/rrim_190629_albafestival_7974_lr_web-263x175.jpg 263w, https:\/\/www.albinfo.ch\/wp-content\/uploads\/2019\/07\/rrim_190629_albafestival_7974_lr_web.jpg 2048w\" sizes=\"auto, (max-width: 640px) 100vw, 640px\" \/><\/a><figcaption id=\"caption-attachment-288264\" class=\"wp-caption-text\">\u00a9 2019 Albinfo.ch\/Foto Rromir Imami<\/figcaption><\/figure>\n","protected":false},"excerpt":{"rendered":"<p>\u00dcber 20.000 junge Albanerinnen und Albaner haben dieses Wochenende unter freiem Himmel beim ersten albanischen Festival &#8220;Alba Festival&#8221; mit der bekannten albanischen S\u00e4ngerin Rita Ora und vielen anderen Popstars die albanische Musik gefeiert. Die Schow von Rita Ora, der symphytischen, immer l\u00e4chelnden S\u00e4ngerin, hat die Aufmerksamkeit der jungen Leute auf sich gezogen, indem sie sie [&hellip;]<\/p>\n","protected":false},"author":6,"featured_media":288299,"comment_status":"open","ping_status":"open","sticky":false,"template":"","format":"standard","meta":{"footnotes":""},"categories":[1133,1156,1158,1412,2015],"tags":[],"vendi":[],"content_country":[],"class_list":["post-289514","post","type-post","status-publish","format-standard","has-post-thumbnail","hentry","category-e-diaspora-de","category-fotolajmi-de","category-themen-vor-ort","category-newsletter-de","category-newsletter-media-de"],"acf":[],"_links":{"self":[{"href":"https:\/\/www.albinfo.ch\/de\/wp-json\/wp\/v2\/posts\/289514","targetHints":{"allow":["GET"]}}],"collection":[{"href":"https:\/\/www.albinfo.ch\/de\/wp-json\/wp\/v2\/posts"}],"about":[{"href":"https:\/\/www.albinfo.ch\/de\/wp-json\/wp\/v2\/types\/post"}],"author":[{"embeddable":true,"href":"https:\/\/www.albinfo.ch\/de\/wp-json\/wp\/v2\/users\/6"}],"replies":[{"embeddable":true,"href":"https:\/\/www.albinfo.ch\/de\/wp-json\/wp\/v2\/comments?post=289514"}],"version-history":[{"count":0,"href":"https:\/\/www.albinfo.ch\/de\/wp-json\/wp\/v2\/posts\/289514\/revisions"}],"wp:featuredmedia":[{"embeddable":true,"href":"https:\/\/www.albinfo.ch\/de\/wp-json\/wp\/v2\/media\/288299"}],"wp:attachment":[{"href":"https:\/\/www.albinfo.ch\/de\/wp-json\/wp\/v2\/media?parent=289514"}],"wp:term":[{"taxonomy":"category","embeddable":true,"href":"https:\/\/www.albinfo.ch\/de\/wp-json\/wp\/v2\/categories?post=289514"},{"taxonomy":"post_tag","embeddable":true,"href":"https:\/\/www.albinfo.ch\/de\/wp-json\/wp\/v2\/tags?post=289514"},{"taxonomy":"vendi","embeddable":true,"href":"https:\/\/www.albinfo.ch\/de\/wp-json\/wp\/v2\/vendi?post=289514"},{"taxonomy":"content_country","embeddable":true,"href":"https:\/\/www.albinfo.ch\/de\/wp-json\/wp\/v2\/content_country?post=289514"}],"curies":[{"name":"wp","href":"https:\/\/api.w.org\/{rel}","templated":true}]}}