{"id":304144,"date":"2019-08-24T09:13:59","date_gmt":"2019-08-24T07:13:59","guid":{"rendered":"https:\/\/www.albinfo.ch\/?p=304144"},"modified":"2019-08-24T09:13:59","modified_gmt":"2019-08-24T07:13:59","slug":"asylstatistik-juli-2019","status":"publish","type":"post","link":"https:\/\/www.albinfo.ch\/de\/asylstatistik-juli-2019\/","title":{"rendered":"Asylstatistik Juli 2019"},"content":{"rendered":"<p style=\"background: white; box-sizing: border-box; margin: 0cm 0cm 16.3pt 0cm;\"><span style=\"font-size: 11.5pt; font-family: 'Helvetica',sans-serif; color: #454545;\">Die wichtigsten Herkunftsl\u00e4nder der Asylsuchenden in der Schweiz waren im Juli Eritrea mit 289 Gesuchen (105 mehr als im Juni 2019), T\u00fcrkei (154 Gesuche; +75), Afghanistan (135 Gesuche; +50), Syrien (113 Gesuche; +41) und Algerien (84 Gesuche; +47). Seit Jahresbeginn wurden insgesamt 8340 Asylgesuche eingereicht.<\/span><\/p>\n<p style=\"background: white; box-sizing: border-box; margin: 0cm 0cm 16.3pt 0cm;\"><span style=\"font-size: 11.5pt; font-family: 'Helvetica',sans-serif; color: #454545;\">Das Staatssekretariat f\u00fcr Migration erledigte im Juli 1714 Asylgesuche in erster Instanz. Dabei wurden 267 Nichteintretensentscheide gef\u00e4llt (davon 211 auf Grundlage des Dublin-Abkommens), 520 Personen erhielten Asyl und 459 wurden vorl\u00e4ufig aufgenommen. Die Zahl der erstinstanzlich h\u00e4ngigen F\u00e4lle ging im Vergleich zum Vormonat um 193\u00a0auf 10\u00a0025 zur\u00fcck.<\/span><\/p>\n<p style=\"background: white; box-sizing: border-box; margin: 0cm 0cm 16.3pt 0cm;\"><span style=\"font-size: 11.5pt; font-family: 'Helvetica',sans-serif; color: #454545;\">Im Juli haben 574 Personen die Schweiz kontrolliert verlassen. Die Schweiz hat bei 385 Personen einen anderen Dublin-Staat um \u00dcbernahme angefragt, 193 Personen konnten in den zust\u00e4ndigen Dublin-Staat \u00fcberf\u00fchrt werden. Gleichzeitig wurde sie von anderen Dublin-Staaten um \u00dcbernahme von 478 Personen ersucht, 89 Personen wurden ihr \u00fcberstellt. Seit Jahresbeginn wurden 1115 Personen von der Schweiz in den zust\u00e4ndigen Dublin-Staat transferiert, 693 Personen wurden der Schweiz \u00fcberstellt.<\/span><\/p>\n<h3 style=\"background: white; box-sizing: border-box; font-size: 1.2rem; margin: 16.5pt 0cm 8.25pt 0cm;\"><b><span style=\"font-family: 'inherit',serif; color: black;\">Resettlement-Programm<\/span><\/b><\/h3>\n<p style=\"background: white; box-sizing: border-box; margin: 0cm 0cm 16.3pt 0cm;\"><span style=\"font-size: 11.5pt; font-family: 'Helvetica',sans-serif; color: #454545;\">Im November 2018 hatte der Bundesrat vorgeschlagen, f\u00fcr die kommenden Jahre am Grundsatz der Aufnahme von Fl\u00fcchtlingen im Rahmen von UNHCR-Neuansiedlungen festzuhalten. F\u00fcr 2019 ist die Aufnahme von 800 besonders schutzbed\u00fcrftigen Personen geplant, die vor allem aus dem syrischen Konfliktgebiet stammen. Bisher sind 185 Personen in die Schweiz eingereist, wovon 43 im Juli.<\/span><\/p>\n","protected":false},"excerpt":{"rendered":"<p>Im Juli 2019 wurden in der Schweiz 1311 Asylgesuche eingereicht, 4,6 Prozent (\u201363 Gesuche) weniger als im Juli 2018. Dies entspricht einer Zunahme von 30,7 Prozent (+308 Gesuche) gegen\u00fcber Juni 2019, als die Zahl neuer Asylgesuche ausserordentlich gering war (Abnahme von 19,5 Prozent gegen\u00fcber Juni 2018)<\/p>\n","protected":false},"author":4,"featured_media":284755,"comment_status":"open","ping_status":"open","sticky":false,"template":"","format":"standard","meta":{"footnotes":""},"categories":[1141,1140],"tags":[1633,1918],"vendi":[],"content_country":[],"class_list":["post-304144","post","type-post","status-publish","format-standard","has-post-thumbnail","hentry","category-themen","category-leben-in-der-schweiz","tag-zvicer-de","tag-azil-fr-de"],"acf":[],"_links":{"self":[{"href":"https:\/\/www.albinfo.ch\/de\/wp-json\/wp\/v2\/posts\/304144","targetHints":{"allow":["GET"]}}],"collection":[{"href":"https:\/\/www.albinfo.ch\/de\/wp-json\/wp\/v2\/posts"}],"about":[{"href":"https:\/\/www.albinfo.ch\/de\/wp-json\/wp\/v2\/types\/post"}],"author":[{"embeddable":true,"href":"https:\/\/www.albinfo.ch\/de\/wp-json\/wp\/v2\/users\/4"}],"replies":[{"embeddable":true,"href":"https:\/\/www.albinfo.ch\/de\/wp-json\/wp\/v2\/comments?post=304144"}],"version-history":[{"count":0,"href":"https:\/\/www.albinfo.ch\/de\/wp-json\/wp\/v2\/posts\/304144\/revisions"}],"wp:featuredmedia":[{"embeddable":true,"href":"https:\/\/www.albinfo.ch\/de\/wp-json\/wp\/v2\/media\/284755"}],"wp:attachment":[{"href":"https:\/\/www.albinfo.ch\/de\/wp-json\/wp\/v2\/media?parent=304144"}],"wp:term":[{"taxonomy":"category","embeddable":true,"href":"https:\/\/www.albinfo.ch\/de\/wp-json\/wp\/v2\/categories?post=304144"},{"taxonomy":"post_tag","embeddable":true,"href":"https:\/\/www.albinfo.ch\/de\/wp-json\/wp\/v2\/tags?post=304144"},{"taxonomy":"vendi","embeddable":true,"href":"https:\/\/www.albinfo.ch\/de\/wp-json\/wp\/v2\/vendi?post=304144"},{"taxonomy":"content_country","embeddable":true,"href":"https:\/\/www.albinfo.ch\/de\/wp-json\/wp\/v2\/content_country?post=304144"}],"curies":[{"name":"wp","href":"https:\/\/api.w.org\/{rel}","templated":true}]}}