{"id":317697,"date":"2019-10-10T12:12:36","date_gmt":"2019-10-10T10:12:36","guid":{"rendered":"https:\/\/www.albinfo.ch\/?p=317697"},"modified":"2019-10-10T12:43:31","modified_gmt":"2019-10-10T10:43:31","slug":"stopgether-ne-nentor-bashke-do-ta-leme","status":"publish","type":"post","link":"https:\/\/www.albinfo.ch\/de\/stopgether-ne-nentor-bashke-do-ta-leme\/","title":{"rendered":"STOPGETHER: Im November H\u00f6re ich gemeinsam auf"},"content":{"rendered":"<p>Gemeinsam sind wir st\u00e4rker! Darum startet am 20. September\u00a0das erste gemeinsame, nationale Rauchstopp-Programm auf\u00a0Facebook. Mit <a href=\"https:\/\/www.stopsmoking.ch\/de\/\">STOPGETHER<\/a> rufen die Lungenliga\u00a0und Gesundheitsf\u00f6rderung Wallis dazu auf, dass Raucherinnen\u00a0 und Raucher in der ganzen Schweiz sich auf Facebook einer<br \/>\nGruppe anschliessen, um gemeinsam im November das Rauchen\u00a0aufzugeben. Die Teilnehmerinnen und Teilnehmer erhalten\u00a0zus\u00e4tzlich zahlreiche Angebote und Ratschl\u00e4ge auf ein und\u00a0derselben Plattform.<\/p>\n<p><strong>GEMEINSAM, GEMEINSAM, GEMEINSAM<\/strong><br \/>\nDas Programm <a href=\"https:\/\/www.stopsmoking.ch\/de\/\">STOPGETHER<\/a> \u2013 zusammengesetzt aus den englischen W\u00f6rtern \u00abstop\u00bb und\u00a0\u00abtogether\u00bb, also \u00abgemeinsam aufh\u00f6ren\u00bb \u2013 steht f\u00fcr positive Inspiration sowie gemeinsame Motivation.\u00a0Angelehnt an \u00e4hnliche Programme, die sich in Frankreich, England und der Romandie bew\u00e4hrt\u00a0haben, pr\u00e4sentiert sich STOPGETHER w\u00e4hrend zweieinhalb Monaten in der gesamten Schweiz\u00a0als neues digitales und kostenloses Rauchstopp-Programm.<\/p>\n<p><strong>Das Programm besteht aus 3 Phasen:<\/strong><br \/>\nder Rekrutierungs- und Vorbereitungsphase im Oktober, dem Verzicht aufs Rauchen im November\u00a0sowie einer zweiw\u00f6chigen Konsolidierung bis Mitte Dezember. Auf diese Weise begleitet\u00a0<a href=\"https:\/\/www.stopsmoking.ch\/de\/\">STOPGETHER<\/a> diejenigen, die mit dem Rauchen aufh\u00f6ren m\u00f6chten, und unterst\u00fctzt diese, ihre<br \/>\nChancen optimal zu nutzen \u2013 und zwar gemeinsam.<\/p>\n<p><strong>ZUS\u00c4TZLICHE HILFSANGEBOTE<\/strong><br \/>\nDie Teilnehmerinnen und Teilnehmer werden entsprechend den Sprachregionen (D\/F\/I) in drei\u00a0Facebook-Gruppen aufgeteilt. Sie k\u00f6nnen sich nicht nur gegenseitig unterst\u00fctzen, sie erhalten\u00a0auch t\u00e4gliche Informationen zum Thema: Infografiken, Tipps, Mutmacher-Beitr\u00e4ge, kleine Wettbewerbe,\u00a0usw. Das Ganze wird von einem Community-Team geleitet, das t\u00e4glich von 6 Uhr bis\u00a0Mitternacht f\u00fcr die Teilnehmerinnen und Teilnehmer da ist und sie zum Durchhalten anspornt.\u00a0F\u00fcr spezifische Fragen stehen ausserdem Tabakentw\u00f6hnungsspezialisten unterst\u00fctzend zur Seite.<\/p>\n<p>Zudem kann man sich bei der Rauchstopplinie:\u00a0<strong>084 000 181<\/strong> in zehn Sprachen pers\u00f6nlich\u00a0beraten lassen.<\/p>\n<p>Viele weitere Hilfsmittel sind ausserdem unter stopgether.ch verf\u00fcgbar. Die Webseite widmet\u00a0sich der Kampagne und ist Teil der neuen nationalen Plattform zur Tabakentw\u00f6hnung stopsmoking.ch.\u00a0Diese vom Tabakpr\u00e4ventionsfonds mitfinanzierte Webplattform haben die Krebsliga\u00a0 Schweiz,\u00a0Gesundheitsf\u00f6rderung Wallis, die Lungenliga und die Arbeitsgemeinschaft Tabakpr\u00e4vention\u00a0Schweiz zusammen aufgebaut.<\/p>\n<p><strong>EIN DYNAMISCHES UND VIELVERSPRECHENDES PROGRAMM<\/strong><br \/>\nSTOPGETHER basiert auf einer gemeinschaftlichen Dynamik. So bietet die Community eine\u00a0wertvolle Hilfe, sich auszutauschen, einander Anekdoten zu erz\u00e4hlen, den Frust loszuwerden\u00a0und die Unterst\u00fctzung Gleichgesinnter zu nutzen.\u00a0Die gemeinsame Dynamik zeigt sich in Filmen und Fotos. Diese dienen unter anderem dazu,\u00a0Teilnehmerinnen und Teilnehmer zu gewinnen. Schweizweit basiert die gesamte Kommunikation\u00a0auf einem positiven, spielerischen Ansatz. So auch die r\u00e4tselhaften Strassenplakate in\u00a0zehn Schweizer St\u00e4dten. Wie die gesamte Kampagne funktionieren auch diese nur gemeinsam!<br \/>\nUnd nat\u00fcrlich wird auch die Botschaft gemeinsam vermittelt: Jeder Projektpartner tr\u00e4gt mit\u00a0seinen eigenen Mitteln und Aktionen zum Gelingen von <a href=\"https:\/\/www.stopsmoking.ch\/de\/\">STOPGETHER<\/a> bei.<\/p>\n<p><iframe loading=\"lazy\" title=\"Stopgether - DE\" width=\"587\" height=\"330\" src=\"https:\/\/www.youtube.com\/embed\/ZgOOtwAS0y8?feature=oembed\" frameborder=\"0\" allow=\"accelerometer; autoplay; clipboard-write; encrypted-media; gyroscope; picture-in-picture; web-share\" referrerpolicy=\"strict-origin-when-cross-origin\" allowfullscreen><\/iframe><\/p>\n<p><strong>SIE MACHEN MIT!<\/strong><br \/>\nZum ersten Mal arbeitet eine Tabakpr\u00e4ventionskampagne mit Influencerinnen und\u00a0Influencern zusammen.<br \/>\n6 Schweizer Pers\u00f6nlichkeiten unterst\u00fctzen das Programm und m\u00f6chten es mit ihren\u00a0Followerinnen und Followern teilen. Zwei von ihnen werden sogar selbst im November\u00a0mit dem Rauchen aufh\u00f6ren. Die anderen werden mit Wort und Tat ihre Community\u00a0bei deren Vorhaben unterst\u00fctzen.<\/p>\n<p><strong>Steffi Buchli \u2013 Moderatorin, Ex-Raucherin<\/strong><br \/>\n\u00ab Als das Rauchen zum Stress wurde, wusste ich: Es ist Zeit, aufzuh\u00f6ren.\u00a0Geklappt hats erst im dritten Versuch. Ich hoffe, dass meine Erfahrungen anderen helfen.\u00bb<\/p>\n<p><strong>Ariella K\u00e4slin \u2013 Kunstturn-Europameisterin, Nichtraucherin<\/strong><br \/>\n\u00ab Der Griff zur Zigarette schien mir verlockend, weil ich immer etwas mit meinem Gewicht k\u00e4mpfte.\u00a0Heute bin ich froh, dass ich trotzdem Nichtraucherin geblieben bin.\u00bb<\/p>\n<p><strong>Andrea Brotschi \u2013 Model, Gelegenheitsraucherin<\/strong><br \/>\n\u00ab Mein Ziel ist es, im November gar nicht zu rauchen \u2013 auch nicht nach einem Essen\u00a0mit Freunden und einem feinen Glas Wein! Ich glaube, dass ich das schaffe.\u00bb<\/p>\n<p><strong>Adela Smajic \u2013 Moderatorin, Ex-\u00abBachelorette\u00bb, Raucherin<\/strong><br \/>\n\u00ab Ich stehe in der \u00d6ffentlichkeit und bin ein Vorbild f\u00fcr junge Leute \u2013 da geht es doch nicht,\u00a0wenn ich in der Ecke stehe und rauche!\u00bb<\/p>\n<p><strong>Alex Fontana \u2013 Rennfahrer, Nichtraucher<\/strong><br \/>\n\u00ab Ich selbst habe nie geraucht. Aber mein Vater ist ein langj\u00e4hriger starker Raucher, deshalb\u00a0mache ich bei dieser Kampagne mit. Obwohl ich sehe, wie schlecht es f\u00fcr seinen K\u00f6rper ist,\u00a0konnte ich ihn nie davon \u00fcberzeugen, mit dem Rauchen aufzuh\u00f6ren. Zumindest bis jetzt nicht.\u00bb<\/p>\n<p><strong>Sylvain Nicolier \u2013 Travel-Blogger, Nichtraucher<\/strong><br \/>\n\u00ab Ich m\u00f6chte anderen helfen, mit dem Rauchen aufzuh\u00f6ren. Wenn ich einer der Faktoren\u00a0sein kann, die sie zum Aufh\u00f6ren ermutigen, umso besser.\u00bb<\/p>\n<p>Bilder und Logos finden Sie auf: <a href=\"https:\/\/www.stopsmoking.ch\/de\/\">stopgether.ch\/de\/kontakt\/medias<\/a><br \/>\nVideos: <a href=\"https:\/\/www.youtube.com\/watch?v=NNbGDnpIA1Y\">stopgether<\/a><\/p>\n<p><strong>F\u00fcr Medienausk\u00fcnfte:<\/strong><br \/>\n<strong>Gesundheitsf\u00f6rderung Wallis<\/strong><br \/>\n<strong>Alexandre Dubuis, Ph.D.<\/strong><br \/>\n<strong>Verantwortlicher STOPGETHER<\/strong><br \/>\n<strong>Mobil : 079 525 85 45<\/strong><br \/>\n<strong>E-Mail: alexandre.dubuis@psvalais.ch<\/strong><br \/>\n<a href=\"https:\/\/www.stopsmoking.ch\/de\/\"><strong>stopgether.ch<\/strong><\/a><\/p>\n","protected":false},"excerpt":{"rendered":"<p>STOPGETHER w\u00e4hrend zweieinhalb Monaten in der gesamten Schweiz\u00a0als neues digitales und kostenloses Rauchstopp-Programm<\/p>\n","protected":false},"author":6,"featured_media":317657,"comment_status":"open","ping_status":"open","sticky":false,"template":"","format":"standard","meta":{"footnotes":""},"categories":[24006,1140],"tags":[],"vendi":[],"content_country":[],"class_list":["post-317697","post","type-post","status-publish","format-standard","has-post-thumbnail","hentry","category-lajme-jeta-ne-zvicer-de","category-leben-in-der-schweiz"],"acf":[],"_links":{"self":[{"href":"https:\/\/www.albinfo.ch\/de\/wp-json\/wp\/v2\/posts\/317697","targetHints":{"allow":["GET"]}}],"collection":[{"href":"https:\/\/www.albinfo.ch\/de\/wp-json\/wp\/v2\/posts"}],"about":[{"href":"https:\/\/www.albinfo.ch\/de\/wp-json\/wp\/v2\/types\/post"}],"author":[{"embeddable":true,"href":"https:\/\/www.albinfo.ch\/de\/wp-json\/wp\/v2\/users\/6"}],"replies":[{"embeddable":true,"href":"https:\/\/www.albinfo.ch\/de\/wp-json\/wp\/v2\/comments?post=317697"}],"version-history":[{"count":0,"href":"https:\/\/www.albinfo.ch\/de\/wp-json\/wp\/v2\/posts\/317697\/revisions"}],"wp:featuredmedia":[{"embeddable":true,"href":"https:\/\/www.albinfo.ch\/de\/wp-json\/wp\/v2\/media\/317657"}],"wp:attachment":[{"href":"https:\/\/www.albinfo.ch\/de\/wp-json\/wp\/v2\/media?parent=317697"}],"wp:term":[{"taxonomy":"category","embeddable":true,"href":"https:\/\/www.albinfo.ch\/de\/wp-json\/wp\/v2\/categories?post=317697"},{"taxonomy":"post_tag","embeddable":true,"href":"https:\/\/www.albinfo.ch\/de\/wp-json\/wp\/v2\/tags?post=317697"},{"taxonomy":"vendi","embeddable":true,"href":"https:\/\/www.albinfo.ch\/de\/wp-json\/wp\/v2\/vendi?post=317697"},{"taxonomy":"content_country","embeddable":true,"href":"https:\/\/www.albinfo.ch\/de\/wp-json\/wp\/v2\/content_country?post=317697"}],"curies":[{"name":"wp","href":"https:\/\/api.w.org\/{rel}","templated":true}]}}