{"id":327684,"date":"2019-11-13T08:30:26","date_gmt":"2019-11-13T07:30:26","guid":{"rendered":"https:\/\/www.albinfo.ch\/?p=327684"},"modified":"2019-11-25T11:37:51","modified_gmt":"2019-11-25T10:37:51","slug":"shuk-orani-ist-zum-zweiten-mal-teil-der-contemporary-art-fair-in-padova","status":"publish","type":"post","link":"https:\/\/www.albinfo.ch\/de\/shuk-orani-ist-zum-zweiten-mal-teil-der-contemporary-art-fair-in-padova\/","title":{"rendered":"Shuk Orani ist zum zweiten Mal Teil der Contemporary Art Fair in Padova"},"content":{"rendered":"<p>Dieses Jahr wird erneut die Pavillons von Padova Fiere f\u00fcr die 30. Ausgabe der Arte Padova, einer der \u00e4ltesten Veranstaltungen der Kunstwelt in Italien, belebt. Diese findet\u00a0vom 15. bis 18. November 2019 statt. Dies ist die j\u00e4hrliche Messe f\u00fcr zeitgen\u00f6ssische Kunst in Padua, eine Kunstausstellung, die K\u00fcnstlern, Galeristen, Kritikern, Kunstliebhabern und Sammlern gewidmet ist. Dort entdeckt man Malerei, Skulptur, Grafik, Fotografie, aber es finden auch dort Konferenzen und Buchpr\u00e4sentationen statt.<\/p>\n<p><a href=\"https:\/\/www.albinfo.ch\/wp-content\/uploads\/2019\/11\/arte_padova-2019-1.png\"><img loading=\"lazy\" decoding=\"async\" class=\"alignnone wp-image-327679\" src=\"https:\/\/www.albinfo.ch\/wp-content\/uploads\/2019\/11\/arte_padova-2019-1.png\" alt=\"\" width=\"580\" height=\"577\" srcset=\"https:\/\/www.albinfo.ch\/wp-content\/uploads\/2019\/11\/arte_padova-2019-1.png 634w, https:\/\/www.albinfo.ch\/wp-content\/uploads\/2019\/11\/arte_padova-2019-1-150x150.png 150w, https:\/\/www.albinfo.ch\/wp-content\/uploads\/2019\/11\/arte_padova-2019-1-398x396.png 398w, https:\/\/www.albinfo.ch\/wp-content\/uploads\/2019\/11\/arte_padova-2019-1-280x280.png 280w, https:\/\/www.albinfo.ch\/wp-content\/uploads\/2019\/11\/arte_padova-2019-1-100x100.png 100w, https:\/\/www.albinfo.ch\/wp-content\/uploads\/2019\/11\/arte_padova-2019-1-176x175.png 176w\" sizes=\"auto, (max-width: 580px) 100vw, 580px\" \/><\/a><\/p>\n<p>Arte Padova ist nicht nur ein wichtiger Schritt f\u00fcr etablierte oder aufstrebende K\u00fcnstler, sondern auch f\u00fcr junge Talente, die im Bereich Contemporary Art Talent vertreten sind. Im Mittelpunkt dieser Messe f\u00fcr zeitgen\u00f6ssische Kunst steht die UFOFabrik Contemporary Art Gallery und die\u00a0 Epsilon Art Gallery, die in diesem Jahr &#8220;The surprise of the relevant decline&#8221; pr\u00e4sentiert, eine Ausstellung, die von Mauro Defrancesco, einem italienischen Galeristen, kuratiert wird.<\/p>\n<p>Ziel seiner Ausstellung ist es, Optimismus \u00fcber den Ursprung der Kunst zu vermitteln und gleichzeitig K\u00fcnstlern neue k\u00fcnstlerische Horizonte zu er\u00f6ffnen, die es ihnen erm\u00f6glichen, mit dem Publikum zu dialogieren. Eine vielf\u00e4ltige Gruppe von K\u00fcnstlern wird von dem Kurator vorgestellt, darunter Shuk Orani, Luciano Caggianello, Feofeo, Luana Segato und viele andere.<\/p>\n<p><a href=\"https:\/\/www.albinfo.ch\/wp-content\/uploads\/2019\/11\/portrait_9_sf.png\"><img loading=\"lazy\" decoding=\"async\" class=\"alignnone wp-image-327654\" src=\"https:\/\/www.albinfo.ch\/wp-content\/uploads\/2019\/11\/portrait_9_sf.png\" alt=\"\" width=\"580\" height=\"415\" srcset=\"https:\/\/www.albinfo.ch\/wp-content\/uploads\/2019\/11\/portrait_9_sf.png 951w, https:\/\/www.albinfo.ch\/wp-content\/uploads\/2019\/11\/portrait_9_sf-300x215.png 300w, https:\/\/www.albinfo.ch\/wp-content\/uploads\/2019\/11\/portrait_9_sf-768x549.png 768w, https:\/\/www.albinfo.ch\/wp-content\/uploads\/2019\/11\/portrait_9_sf-554x396.png 554w, https:\/\/www.albinfo.ch\/wp-content\/uploads\/2019\/11\/portrait_9_sf-140x100.png 140w, https:\/\/www.albinfo.ch\/wp-content\/uploads\/2019\/11\/portrait_9_sf-245x175.png 245w\" sizes=\"auto, (max-width: 580px) 100vw, 580px\" \/><\/a><\/p>\n<p>Im Rahmen dieser Ausstellung werden wir uns besonders f\u00fcr einen der K\u00fcnstler, Shuk Orani, interessieren. Der geb\u00fcrtige Albaner lebt und arbeitet seit 1993 als freischaffender K\u00fcnstler in Hamburg. In seiner Kunst stellt sich Orani mit dem Neuen und dem Alten auseinander, hinterfragt und \u00f6ffnet sich der nat\u00fcrlichen Entwicklung. Orani ist ein Kritiker der menschlichen Orientierungslosigkeit und mangelnder Bereitschaft, \u00fcber gr\u00f6\u00dfere Zusammenh\u00e4nge nachzudenken, da es an Ged\u00e4chtnis, Gef\u00fchlen und Intuitionen mangelt.<\/p>\n<p>Nach der Vorstellung, dass dieser wachsende Mangel eine Reduktion der Realit\u00e4t bewirkt, untersucht der K\u00fcnstler, wie die farbige Materie eine zun\u00e4chst defiziente Struktur ver\u00e4ndern und neue Wahrnehmungsm\u00f6glichkeiten generieren kann. Seine Leidenschaft f\u00fcr Kunst und Literatur treibt ihn t\u00e4glich zu neuen W\u00fcnschen und neuen k\u00fcnstlerischen Projekten. Zwischen Abstraktion, Neoexpressionismus oder Figuration sind seine Werke lebendig, impulsiv, dynamisch und besonders ausdrucksstark.<\/p>\n<p>Sein Talent dauerte jedoch nicht Jahre, um sich auszudr\u00fccken, denn Orani wurde bereits international gesehen, in Einzel- und Gruppenausstellungen. In renommierten Institutionen wie dem Museum f\u00fcr Zeitgen\u00f6ssische Kunst in Peking, dem Louvre-Museum im Rahmen eines Fotopreises in Paris oder im Nationaltheater seiner Heimatstadt im Kosovo.<\/p>\n<p><a href=\"https:\/\/www.albinfo.ch\/wp-content\/uploads\/2019\/11\/portrait_8_sf-1.png\"><img loading=\"lazy\" decoding=\"async\" class=\"alignnone wp-image-327675\" src=\"https:\/\/www.albinfo.ch\/wp-content\/uploads\/2019\/11\/portrait_8_sf-1.png\" alt=\"\" width=\"580\" height=\"772\" srcset=\"https:\/\/www.albinfo.ch\/wp-content\/uploads\/2019\/11\/portrait_8_sf-1.png 716w, https:\/\/www.albinfo.ch\/wp-content\/uploads\/2019\/11\/portrait_8_sf-1-225x300.png 225w, https:\/\/www.albinfo.ch\/wp-content\/uploads\/2019\/11\/portrait_8_sf-1-298x396.png 298w, https:\/\/www.albinfo.ch\/wp-content\/uploads\/2019\/11\/portrait_8_sf-1-75x100.png 75w, https:\/\/www.albinfo.ch\/wp-content\/uploads\/2019\/11\/portrait_8_sf-1-131x175.png 131w\" sizes=\"auto, (max-width: 580px) 100vw, 580px\" \/><\/a><\/p>\n<p>Vor einigen Wochen wurde er auch an der letzten Contemporary Art Fair in Z\u00fcrich 2019 vertretet. Dies ist das zweite Mal, dass er seine Arbeit im Rahmen der Arte Padova pr\u00e4sentiert (zuletzt 2014). Dieses Jahr pr\u00e4sentiert der deutsch-kosovarischer K\u00fcnstler vier seiner spektakul\u00e4ren Frauenportraits. In seinen Werken entdeckt man ausschlie\u00dflich weibliche Portr\u00e4ts, die akribisch mit feinen schwarzen Linien bearbeitet sind, eine gelbe Farbe, die mit Rot \u00fcberlagert ist, in einer Art\u00a0non finito.<\/p>\n<p>Abstraktion und befreite Farben dienen als Bildkonzepte, die das \u00dcberwindliche, das Unendliche vermitteln und den sakralen Charakter der Malerei wiederbeleben. Doch vor diesem Hintergrund faszinieren die Bildkompositionen vor allem durch ihre Sinnlichkeit.<\/p>\n<p>&nbsp;<\/p>\n","protected":false},"excerpt":{"rendered":"<p>Hamburger K\u00fcnstler Shuk Orani ist zum zweiten Mal Teil derContemporary Art Fair in Padova \u2013 15.11-18.11.2019-Pavillon 7 \u2013 Stand 240)<\/p>\n","protected":false},"author":4,"featured_media":327666,"comment_status":"open","ping_status":"open","sticky":false,"template":"","format":"standard","meta":{"footnotes":""},"categories":[1133,1138],"tags":[],"vendi":[],"content_country":[],"class_list":["post-327684","post","type-post","status-publish","format-standard","has-post-thumbnail","hentry","category-e-diaspora-de","category-kultur"],"acf":[],"_links":{"self":[{"href":"https:\/\/www.albinfo.ch\/de\/wp-json\/wp\/v2\/posts\/327684","targetHints":{"allow":["GET"]}}],"collection":[{"href":"https:\/\/www.albinfo.ch\/de\/wp-json\/wp\/v2\/posts"}],"about":[{"href":"https:\/\/www.albinfo.ch\/de\/wp-json\/wp\/v2\/types\/post"}],"author":[{"embeddable":true,"href":"https:\/\/www.albinfo.ch\/de\/wp-json\/wp\/v2\/users\/4"}],"replies":[{"embeddable":true,"href":"https:\/\/www.albinfo.ch\/de\/wp-json\/wp\/v2\/comments?post=327684"}],"version-history":[{"count":0,"href":"https:\/\/www.albinfo.ch\/de\/wp-json\/wp\/v2\/posts\/327684\/revisions"}],"wp:featuredmedia":[{"embeddable":true,"href":"https:\/\/www.albinfo.ch\/de\/wp-json\/wp\/v2\/media\/327666"}],"wp:attachment":[{"href":"https:\/\/www.albinfo.ch\/de\/wp-json\/wp\/v2\/media?parent=327684"}],"wp:term":[{"taxonomy":"category","embeddable":true,"href":"https:\/\/www.albinfo.ch\/de\/wp-json\/wp\/v2\/categories?post=327684"},{"taxonomy":"post_tag","embeddable":true,"href":"https:\/\/www.albinfo.ch\/de\/wp-json\/wp\/v2\/tags?post=327684"},{"taxonomy":"vendi","embeddable":true,"href":"https:\/\/www.albinfo.ch\/de\/wp-json\/wp\/v2\/vendi?post=327684"},{"taxonomy":"content_country","embeddable":true,"href":"https:\/\/www.albinfo.ch\/de\/wp-json\/wp\/v2\/content_country?post=327684"}],"curies":[{"name":"wp","href":"https:\/\/api.w.org\/{rel}","templated":true}]}}