{"id":488915,"date":"2021-07-23T14:46:15","date_gmt":"2021-07-23T12:46:15","guid":{"rendered":"https:\/\/www.albinfo.ch\/?p=488915"},"modified":"2021-07-23T14:47:07","modified_gmt":"2021-07-23T12:47:07","slug":"masserey-die-schweiz-liegt-mit-der-impfung-ueber-dem-eu-durchschnitt","status":"publish","type":"post","link":"https:\/\/www.albinfo.ch\/de\/masserey-die-schweiz-liegt-mit-der-impfung-ueber-dem-eu-durchschnitt\/","title":{"rendered":"Masserey: Die Schweiz liegt mit der Impfung \u00fcber dem EU-Durchschnitt"},"content":{"rendered":"<h4>Virgine Masserey ist seit \u00fcber f\u00fcnf Jahren Leiterin der Sektion Infektionskontrolle beim\u00a0Bundesamt f\u00fcr\u00a0Gesundheit BAG. Wir haben Frau Masserey getroffen, um \u00fcber die Impfbereitschaft der Gesellschaft und Prognosen der Pandemie zu besprechen. Die Skepsis gegen\u00fcber der Impfung bleibt weiterhin bestehen und das BAG muss nun auch auf Social-Media-Kampagnen ausweichen, um jede Bev\u00f6lkerungsgruppe zu erreichen.<\/h4>\n<p><strong>Welche Impfzentren stehen unter Ihrer Obhut und wo sind diese f\u00fcr Reisende?<\/strong><\/p>\n<p>Das BAG betreibt keine Impfzentren, sondern die Kantone. Die Anzahl der Impfzentren variiert, denn es gibt auch solche, die nur am Wochenende in Betrieb sind oder mobil bei Einkaufszentren oder Anl\u00e4ssen im Einsatz stehen. Jeder Kanton entscheidet selbst, wie die lokalen Bev\u00f6lkerungsgruppen am besten erreicht werden mit dem Impfangebot. Das BAG ist im st\u00e4ndigen Kontakt mit den Kantonen und unterst\u00fctzt diese in ihren Bestrebungen, m\u00f6glichst viele Personen in der Bev\u00f6lkerung zu erreichen.<br \/>\n<strong>In der Schweiz wird k\u00fcrzlich von einer deutlich geringeren Zahl an Impfungen berichtet, wird sich dieses Ph\u00e4nomen Ihrer Meinung nach auf eine andere m\u00f6gliche Pandemiewelle negativ auswirken?<\/strong><\/p>\n<p>Das l\u00e4sst sich heute noch nicht sagen. Die Impfkampagne in der Schweiz ist auf gutem Weg, ein Grossteil der Bev\u00f6lkerung hatte die Gelegenheit, sich impfen zu lassen. Es ist davon auszugehen, dass die Sommerferienzeit zu einer kleineren Nachfrage nach Impfterminen f\u00fchrt, weil vor den Ferien oft nicht die beiden n\u00f6tigen Impftermine wahrgenommen werden k\u00f6nnen. Dies steht nicht in Verbindung mit der generellen Impfbereitschaft, die in den vergangenen Monaten kontinuierlich zugenommen hat, je nach Umfrage betr\u00e4gt sie zwischen 70 und 80%. Es ist naheliegend, dass das \u00abImpftempo\u00bb in den kommenden Wochen etwas abnimmt. Wir gehen davon aus, dass sich weitere impfbereite Menschen bis im Herbst impfen lassen werden.<\/p>\n<p><strong>Als Impfprognose wurde gesagt, dass bis September etwa 60% der Bev\u00f6lkerung die Impfung erhalten werden, halten Sie diesen Prozentsatz mit diesem Tempo, das sich derzeit entwickelt, f\u00fcr m\u00f6glich?<\/strong><br \/>\nWir sind zufrieden mit dem Impffortschritt. 51% der Erwachsenen in der Schweiz sind doppelt geimpft, hier liegen wir deutlich \u00fcber dem Durchschnitt in der EU. 63% der Erwachsenen haben mind. 1 Impfdosis erhalten. Das BAG ist zuversichtlich, dass sich die Impfquote weiter steigern wird. Gewisse Menschen ben\u00f6tigen mehr Zeit f\u00fcr ihren Impfentscheid als andere, daf\u00fcr haben wir Verst\u00e4ndnis.<\/p>\n<p><strong>Das BAG meldet seit Beginn der Pandemie t\u00e4gliche Statistiken zu Infektionen und Todesf\u00e4llen, aber eine genaue Zahl von Heilungen haben wir nicht kennengelernt. Gibt es Statistiken zur genauen Zahl, wie viele von Covid genesen sind?<\/strong><\/p>\n<p>Dar\u00fcber f\u00fchrt das BAG keine Statistik. Aber wir publizieren t\u00e4glich neue Zahlen \u00fcber die F\u00e4lle und die Todesf\u00e4lle.<\/p>\n<p><strong>Wie viele Personen wurden bisher in der Schweiz insgesamt getestet und wie viele Personen wurden genau geimpft?<\/strong><br \/>\nVom 8. Juni 2020 bis 14. Juli 2021 gab es in der Schweiz 8&#8217;012&#8217;269 Tests, davon 675\u00a0748 positive Covid-19-F\u00e4lle. 4&#8217;563&#8217;894 Menschen hatten mindestens eine Impfdosis erhalten.<\/p>\n<p><strong>Einige Ausl\u00e4nder:innen sind sehr skeptisch gegen\u00fcber der Impfung eingestellt. Wie ist die Arbeit mit deren Impfbereitschaft und speziell Albaner:innen (Kosovar:innen etc.)?<\/strong><br \/>\nZum heutigen Zeitpunkt liegen uns noch zu wenig Informationen \u00fcber die Impfbereitschaft in den verschiedenen Migrationsgruppen vor. F\u00fcr Migrantinnen und Migranten der Schweiz stellt das BAG Informationen in diversen Sprachen zur Verf\u00fcgung. Auch die Kampagnenwebseite zum Coronavirus ist in 24 Sprachen \u00fcbersetzt. Zudem arbeitet das BAG mit verschiedenen Organisationen sowie mit Diaspora-TV zusammen, um die Migrationsbev\u00f6lkerung mit den n\u00f6tigen Informationen zu versorgen, damit sie ihren Impfentscheid treffen kann.<\/p>\n<p><strong>In den letzten Wochen haben wir eine deutliche Abnahme der Impfbereitschaft, auch bei den Schweizer:innen wahrgenommen. Wie erkl\u00e4ren Sie sich das und haben Sie Pl\u00e4ne, diese Stimmung zu \u00e4ndern?<\/strong><br \/>\nDas ist nachvollziehbar: Viele Menschen haben bereits die M\u00f6glichkeit erhalten, sich impfen zu lassen. Zudem ist Sommerferienzeit. Unsere Statistiken zeigen, dass die Impfquote in den j\u00fcngeren Altersgruppen weiterhin steigt. Es ist normal, dass gewisse Menschen mehr Zeit ben\u00f6tigen, um sich zu entscheiden.<\/p>\n<p>Wir nutzen weiterhin jede Gelegenheit, um die Wichtigkeit der Impfung, insbesondere vor Reisen und angesichts der Delta-Variante, zu vermitteln. Zudem unterst\u00fctzen wir die Kantone in ihren Bem\u00fchungen all jene zu erreichen, die den Schritt zur Impfung noch nicht getan haben (bspw. Impfungen in Betrieben, in mobilen Bussen, Walk-in-Impfungen)<\/p>\n<p><strong>Ausserdem ist der Anteil der Jugendlichen, die sich impfen lassen m\u00f6chten, sehr gering. Wie erkl\u00e4ren Sie das und gibt es eine Idee f\u00fcr eine Sensibilisierungskampagne?<\/strong><\/p>\n<p>Die Erfahrungen in der Covid-19-Pandemie haben gezeigt, dass Kinder und Jugendliche nur ein geringes Risiko haben, schwer an Covid-19 zu erkranken. Junge Menschen standen am Anfang nicht im Fokus der Impfkampagne, dieser galt \u00e4lteren Menschen und jenen mit chronischen Krankheiten. So k\u00f6nnen sich 12- bis 15-J\u00e4hrige erst seit kurzem sich sch\u00fctzen lassen.<br \/>\nUm diese zu erreichen, kl\u00e4rt das BAG insbesondere in den sozialen Medien \u00fcber die Covid-19 Impfung auf, damit sich junge Menschen eine Meinung bilden k\u00f6nnen. Die Impfzahlen in den j\u00fcngeren Altersklassen zeigen weiterhin nach oben, wir gehen davon aus, dass sich weitere junge Menschen in den kommenden Wochen f\u00fcr eine Covid-19 Impfung entscheiden werden. Auch, weil sie Delta-Variante des Virus auf dem Vormarsch ist. Und die jungen Leute erkennen, dass die Impfung die R\u00fcckkehr ins normale Leben erleichtert: Reisen und die Teilnahme an kulturellen und sportlichen Veranstaltungen erfordern ein Gesundheitszeugnis.<\/p>\n<p><strong>Wir haben einen Anstieg der Zahl der Infizierten, aber die Zahl der Krankenhauseinweisungen und Todesf\u00e4lle hat sich nicht erh\u00f6ht. <\/strong><strong>Wie wird das erkl\u00e4rt?<\/strong><br \/>\nEinerseits liegt zwischen der Infektion und ihren Folgen, also einem m\u00f6glichen Krankenhausaufenthalt oder im schlimmsten Fall dem Tod, eine Zeitspanne. Andererseits werden gef\u00e4hrdete Personen heute sehr h\u00e4ufig geimpft. Die Wirksamkeit der in der Schweiz verf\u00fcgbaren Impfstoffe gegen schwere Formen der Krankheit ist ausgezeichnet, so dass die Auswirkungen auf Krankenhausaufenthalte und Todesf\u00e4lle bei diesen Menschen begrenzt sind. Dies wird auch durch Daten, insbesondere aus Gro\u00dfbritannien, best\u00e4tigt. Da das Virus jedoch weiterhin in der ungeimpften Bev\u00f6lkerung zirkuliert, kann ein Einfluss auf Krankenhausaufenthalte und sogar Todesf\u00e4lle nicht ausgeschlossen werden.<\/p>\n<p><strong>Sieht das BAG angesichts der Zunahme der Delta-Mutation ein Risiko f\u00fcr einen neuen Pandemieausbruch, \u00e4hnlich wie im letzten Herbst?<\/strong><br \/>\nBis im Herbst wird ein relativ grosser Teil der Bev\u00f6lkerung in der Schweiz noch nicht geimpft sein. Unter diesen Menschen wird das Coronavirus zirkulieren. Die Variante Delta wird mit seiner besseren \u00dcbertragbarkeit wohl einen Betrag zur raschen Ausbreitung in der nicht-immunen Bev\u00f6lkerung leisten. Ob und in welchem Umfang eine weitere Welle die Schweiz treffen wird, ist gegenw\u00e4rtig nur schwer vorhersagbar. Dies wird vor allem davon abh\u00e4ngen, dass diejenigen geimpft werden, bei denen die Wahrscheinlichkeit eines Krankenhausaufenthalts am gr\u00f6\u00dften ist (Erwachsene ab dem 40. Lebensjahr).<\/p>\n<p><strong>Das BAG arbeitet mit verschiedenen Organisationen sowie mit Diaspora-TV zusammen, um die Migrationsbev\u00f6lkerung mit den n\u00f6tigen Informationen zu versorgen, damit sie ihren Impfentscheid treffen kann. \u00a0<\/strong><\/p>\n","protected":false},"excerpt":{"rendered":"<p>Die Skepsis gegen\u00fcber der Impfung bleibt weiterhin bestehen und das BAG muss nun auch auf Social-Media-Kampagnen ausweichen, um jede Bev\u00f6lkerungsgruppe zu erreichen<\/p>\n","protected":false},"author":4,"featured_media":488913,"comment_status":"open","ping_status":"open","sticky":false,"template":"","format":"standard","meta":{"footnotes":""},"categories":[1141,22520,24631,1140],"tags":[1633],"vendi":[],"content_country":[29888,31836,31837],"class_list":["post-488915","post","type-post","status-publish","format-standard","has-post-thumbnail","hentry","category-themen","category-coronavirus-minute-fuer-minute","category-nachrichten-de-2","category-leben-in-der-schweiz","tag-zvicer-de","content_country-zvicer","content_country-austria-de","content_country-germany-de"],"acf":[],"_links":{"self":[{"href":"https:\/\/www.albinfo.ch\/de\/wp-json\/wp\/v2\/posts\/488915","targetHints":{"allow":["GET"]}}],"collection":[{"href":"https:\/\/www.albinfo.ch\/de\/wp-json\/wp\/v2\/posts"}],"about":[{"href":"https:\/\/www.albinfo.ch\/de\/wp-json\/wp\/v2\/types\/post"}],"author":[{"embeddable":true,"href":"https:\/\/www.albinfo.ch\/de\/wp-json\/wp\/v2\/users\/4"}],"replies":[{"embeddable":true,"href":"https:\/\/www.albinfo.ch\/de\/wp-json\/wp\/v2\/comments?post=488915"}],"version-history":[{"count":0,"href":"https:\/\/www.albinfo.ch\/de\/wp-json\/wp\/v2\/posts\/488915\/revisions"}],"wp:featuredmedia":[{"embeddable":true,"href":"https:\/\/www.albinfo.ch\/de\/wp-json\/wp\/v2\/media\/488913"}],"wp:attachment":[{"href":"https:\/\/www.albinfo.ch\/de\/wp-json\/wp\/v2\/media?parent=488915"}],"wp:term":[{"taxonomy":"category","embeddable":true,"href":"https:\/\/www.albinfo.ch\/de\/wp-json\/wp\/v2\/categories?post=488915"},{"taxonomy":"post_tag","embeddable":true,"href":"https:\/\/www.albinfo.ch\/de\/wp-json\/wp\/v2\/tags?post=488915"},{"taxonomy":"vendi","embeddable":true,"href":"https:\/\/www.albinfo.ch\/de\/wp-json\/wp\/v2\/vendi?post=488915"},{"taxonomy":"content_country","embeddable":true,"href":"https:\/\/www.albinfo.ch\/de\/wp-json\/wp\/v2\/content_country?post=488915"}],"curies":[{"name":"wp","href":"https:\/\/api.w.org\/{rel}","templated":true}]}}