{"id":576379,"date":"2022-07-20T12:17:59","date_gmt":"2022-07-20T10:17:59","guid":{"rendered":"https:\/\/www.albinfo.ch\/?p=576379"},"modified":"2022-07-20T12:17:59","modified_gmt":"2022-07-20T10:17:59","slug":"straycoco-ihr-koennt-nicht-einfach-hunde-von-der-strasse-mitnehmen","status":"publish","type":"post","link":"https:\/\/www.albinfo.ch\/de\/straycoco-ihr-koennt-nicht-einfach-hunde-von-der-strasse-mitnehmen\/","title":{"rendered":"StrayCoCo: &#8220;Ihr k\u00f6nnt nicht einfach Hunde von der Strasse mitnehmen&#8221;"},"content":{"rendered":"<p>INFORMATION f\u00fcr Reisende in den Kosovo:<br \/>\nLiebe Tierfreunde, passt auf! Die Hundestiftung StrayCoCo informiert: Das Z\u00fcrcher und das Basler Veterin\u00e4ramt haben letzte Woche wieder zwei illegal importierte Hunde aus dem Kosovo beschlagnahmt. Ihr k\u00f6nnt nicht einfach Hunde oder Katzen von der Strasse mitnehmen oder im Kosovo kaufen. Sowohl die EU wie auch die Schweiz haben strenge Vorschriften, wann ein Tier importiert werden darf. Einfach ein Hundepass und eine Tollwutimpfung gen\u00fcgen nicht!<br \/>\nGlaubt auch nicht leichtsinnig irgendeinem Tierarzt, da die meisten Tier\u00e4rzte des Kosovos mit den Importvorschriften in die EU\/Schweiz nicht vertraut sind. Es gibt nur wenige Tier\u00e4rzte in Pristina, dann in Gjakova, Vushtrri und Mitrovica, welche regelm\u00e4ssig Hunde f\u00fcr den Export vorbereiten. Die Vorbereitungszeit betr\u00e4gt 4 Monate.<\/p>\n<p>Was verlangen die EU und die Schweiz?<br \/>\n1.) Chipimplantat;<br \/>\n2.) Gleichzeitig Impfung gegen Tollwut &#8211; alles im Impfpass eingetragen;<br \/>\n3.) Einen Monat nach der Tollwutimpfung muss ein Titertest in einem von der EU anerkannten Labor durchgef\u00fchrt werden;<br \/>\n4.) Hat der Hund den Test bestanden, m\u00fcsst ihr noch 3 Monate warten, bevor ihr ihn mit entsprechenden Dokumenten nebst dem Pass und Titertest in die EU\/Schweiz einf\u00fchren d\u00fcrft.<br \/>\n5.) Dann gibt es Unterschiede, ob ihr ein Tier mit dem Auto oder Flug mitnehmt. In der Schweiz braucht ihr mit dem Flug eine Importbewilligung des Bundesamtes f\u00fcr Veterin\u00e4rwesen. Zudem erlaubt die Schweiz dem Besitzer nicht, den Hund einer Drittperson anzuvertrauen &#8211; ihr m\u00fcsst selbst fliegen. Mit dem Auto d\u00fcrft ihr \u00fcberall ohne Bewilligung der Veterin\u00e4r\u00e4mter einreisen, vorausgesetzt ihr habt die Vorschriften oben beachtet. Auch Drittpersonen d\u00fcrfen euch den Hund mitbringen.<\/p>\n<p>Wenn ihr ein Tier \u201eretten\u201c wollt, nehmt euch die Zeit und schickt es nicht in den sicheren Tod in der Schweiz\/EU! Das ist keine Rettung! Findet Verwandte, die bereits sind, eure Hunde f\u00fcr die wenigen Monate zu betreuen, bis sie ausreisefertig sind. Dann alles Gute euch und eurem neuen Haustier! Gruss auch von StrayCoCo.com<\/p>\n","protected":false},"excerpt":{"rendered":"<p>Sowohl die EU wie auch die Schweiz haben strenge Vorschriften, wann ein Tier importiert werden darf. Einfach ein Hundepass und eine Tollwutimpfung gen\u00fcgen nicht!<\/p>\n","protected":false},"author":4,"featured_media":576380,"comment_status":"open","ping_status":"open","sticky":false,"template":"","format":"standard","meta":{"footnotes":""},"categories":[24636,24006,1133,1140],"tags":[1580,1633],"vendi":[],"content_country":[29888,31836,31837],"class_list":["post-576379","post","type-post","status-publish","format-standard","has-post-thumbnail","hentry","category-nachrichten-de-4","category-lajme-jeta-ne-zvicer-de","category-e-diaspora-de","category-leben-in-der-schweiz","tag-kosove-de-fr","tag-zvicer-de","content_country-zvicer","content_country-austria-de","content_country-germany-de"],"acf":[],"_links":{"self":[{"href":"https:\/\/www.albinfo.ch\/de\/wp-json\/wp\/v2\/posts\/576379","targetHints":{"allow":["GET"]}}],"collection":[{"href":"https:\/\/www.albinfo.ch\/de\/wp-json\/wp\/v2\/posts"}],"about":[{"href":"https:\/\/www.albinfo.ch\/de\/wp-json\/wp\/v2\/types\/post"}],"author":[{"embeddable":true,"href":"https:\/\/www.albinfo.ch\/de\/wp-json\/wp\/v2\/users\/4"}],"replies":[{"embeddable":true,"href":"https:\/\/www.albinfo.ch\/de\/wp-json\/wp\/v2\/comments?post=576379"}],"version-history":[{"count":0,"href":"https:\/\/www.albinfo.ch\/de\/wp-json\/wp\/v2\/posts\/576379\/revisions"}],"wp:featuredmedia":[{"embeddable":true,"href":"https:\/\/www.albinfo.ch\/de\/wp-json\/wp\/v2\/media\/576380"}],"wp:attachment":[{"href":"https:\/\/www.albinfo.ch\/de\/wp-json\/wp\/v2\/media?parent=576379"}],"wp:term":[{"taxonomy":"category","embeddable":true,"href":"https:\/\/www.albinfo.ch\/de\/wp-json\/wp\/v2\/categories?post=576379"},{"taxonomy":"post_tag","embeddable":true,"href":"https:\/\/www.albinfo.ch\/de\/wp-json\/wp\/v2\/tags?post=576379"},{"taxonomy":"vendi","embeddable":true,"href":"https:\/\/www.albinfo.ch\/de\/wp-json\/wp\/v2\/vendi?post=576379"},{"taxonomy":"content_country","embeddable":true,"href":"https:\/\/www.albinfo.ch\/de\/wp-json\/wp\/v2\/content_country?post=576379"}],"curies":[{"name":"wp","href":"https:\/\/api.w.org\/{rel}","templated":true}]}}