{"id":588682,"date":"2022-09-15T09:00:18","date_gmt":"2022-09-15T07:00:18","guid":{"rendered":"https:\/\/www.albinfo.ch\/zana-un-conte-de-fees-2-0\/"},"modified":"2022-09-14T11:45:15","modified_gmt":"2022-09-14T09:45:15","slug":"ein-feenmaerchen-2-0","status":"publish","type":"post","link":"https:\/\/www.albinfo.ch\/de\/ein-feenmaerchen-2-0\/","title":{"rendered":"Ein Feenm\u00e4rchen 2.0"},"content":{"rendered":"<p>\u201eIch bin geboren und aufgewachsen im Kosovo, bin also ein Produkt des Kosovo\u201c. Das ist die Visitenkarte von Zana Tabaku, einer der ersten Frauen im Kosovo im IT-Bereich. Als J\u00fcngste von sieben Kindern, verliert sie ihren Vater fr\u00fch und wird von ihrer Mutter, einer starken Frau mit Unternehmergeist, gro\u00dfgezogen. Die Mutter wird auch ihr Vorbild werden. In ihrem Unternehmen \u201eAppDec\u201c in dem Applikationen entwickelt werden, 40% der 30 Mitarbeiterinnen sind Frauen.<\/p>\n<p>Weder die 12 chirurgischen Eingriffe die sie \u00fcberstehen musste noch die instabile politische und wirtschaftliche Lage im Kosovo, konnten ihren Erfolgsweg aufhalten, ohne dabei ein einziges Mal zu tr\u00e4umen ihre Heimat zu verlassen.<\/p>\n<p>Von den ersten Tagen in einem Internetcaf\u00e9 im Rande von Prishtina wo sie ihre Passion entdeckte bis zur Gr\u00fcndung des Unternehmens, das heute mehr als eine Million wert ist, ist Zana Tabakus Reise beeindruckend. Und diese Geschichte geht weiter.<\/p>\n<p>&nbsp;<\/p>\n<p><iframe loading=\"lazy\" title=\"YouTube video player\" src=\"https:\/\/www.youtube.com\/embed\/oXG8ZURQPBM\" width=\"560\" height=\"315\" frameborder=\"0\" allowfullscreen=\"allowfullscreen\"><\/iframe><\/p>\n","protected":false},"excerpt":{"rendered":"<p>3\/4<br \/>\nDie vier einzigartigen Portraits die wir in diesen Reportagen zeigen werden, sind inspirierende Geschichten. Yll, Zana, Rrezeart und Blerinda erz\u00e4hlen, wie sie die Kraft fanden und nie den Glauben verloren haben um ihre Tr\u00e4ume im Kosovo zu verwirklichen. Mit diesem kleinen Beitrag m\u00f6chten wir die unerm\u00fcdliche Arbeit von diesen jungen Frauen und M\u00e4nnern hervorheben die zusammen mit vielen anderen, ihren Beitrag f\u00fcr den Wandel des Landes und der kosovarischen Gesellschaft leisten.<\/p>\n","protected":false},"author":10,"featured_media":573410,"comment_status":"open","ping_status":"open","sticky":false,"template":"","format":"standard","meta":{"footnotes":""},"categories":[33483,3930,1131,3952,1129,1149,2234,1158,1412,2015],"tags":[33485],"vendi":[],"content_country":[31836,31837],"class_list":["post-588682","post","type-post","status-publish","format-standard","has-post-thumbnail","hentry","category-takimi-de","category-erfolgsgeschichten","category-investitionen","category-kosova-de","category-ch-balkan","category-albinfo-tv-de","category-dossier-de","category-themen-vor-ort","category-newsletter-de","category-newsletter-media-de","tag-potencialet-ne-kosove-de","content_country-austria-de","content_country-germany-de"],"acf":[],"_links":{"self":[{"href":"https:\/\/www.albinfo.ch\/de\/wp-json\/wp\/v2\/posts\/588682","targetHints":{"allow":["GET"]}}],"collection":[{"href":"https:\/\/www.albinfo.ch\/de\/wp-json\/wp\/v2\/posts"}],"about":[{"href":"https:\/\/www.albinfo.ch\/de\/wp-json\/wp\/v2\/types\/post"}],"author":[{"embeddable":true,"href":"https:\/\/www.albinfo.ch\/de\/wp-json\/wp\/v2\/users\/10"}],"replies":[{"embeddable":true,"href":"https:\/\/www.albinfo.ch\/de\/wp-json\/wp\/v2\/comments?post=588682"}],"version-history":[{"count":0,"href":"https:\/\/www.albinfo.ch\/de\/wp-json\/wp\/v2\/posts\/588682\/revisions"}],"wp:featuredmedia":[{"embeddable":true,"href":"https:\/\/www.albinfo.ch\/de\/wp-json\/wp\/v2\/media\/573410"}],"wp:attachment":[{"href":"https:\/\/www.albinfo.ch\/de\/wp-json\/wp\/v2\/media?parent=588682"}],"wp:term":[{"taxonomy":"category","embeddable":true,"href":"https:\/\/www.albinfo.ch\/de\/wp-json\/wp\/v2\/categories?post=588682"},{"taxonomy":"post_tag","embeddable":true,"href":"https:\/\/www.albinfo.ch\/de\/wp-json\/wp\/v2\/tags?post=588682"},{"taxonomy":"vendi","embeddable":true,"href":"https:\/\/www.albinfo.ch\/de\/wp-json\/wp\/v2\/vendi?post=588682"},{"taxonomy":"content_country","embeddable":true,"href":"https:\/\/www.albinfo.ch\/de\/wp-json\/wp\/v2\/content_country?post=588682"}],"curies":[{"name":"wp","href":"https:\/\/api.w.org\/{rel}","templated":true}]}}