{"id":615777,"date":"2022-12-31T11:47:57","date_gmt":"2022-12-31T10:47:57","guid":{"rendered":"https:\/\/www.albinfo.ch\/?p=615777"},"modified":"2022-12-31T12:43:58","modified_gmt":"2022-12-31T11:43:58","slug":"kosovos-landesgrenzen-bleiben-frei-und-sicher","status":"publish","type":"post","link":"https:\/\/www.albinfo.ch\/de\/kosovos-landesgrenzen-bleiben-frei-und-sicher\/","title":{"rendered":"Kosovos Landesgrenzen bleiben frei und sicher"},"content":{"rendered":"<p>In der politischen Medienlandschaft Europas wurde in j\u00fcngster Zeit vermehrt das Scheinwerferlicht auf die Beziehung zwischen Kosovo und Serbien geworfen. Doch welche Ziele verfolgten dabei die beiden Nachbarstaaten und welche Rolle spielt der Norden Kosovos f\u00fcr die EU-Beitrittskandidatur der beiden L\u00e4nder? Albinfo ordnet die Ereignisse chronologisch ein.<\/p>\n<p>Kosovo kann noch vor der Jahreswende wieder aufatmen, denn der j\u00fcngste demokratische Staat Europas konnte zusammen mit Regierungschef Albin Kurti und Friedensbem\u00fchungen aus Seiten der NATO daf\u00fcr sorgen, dass der kosovarische Bezirk Mitrovica wieder barrikadenfrei wurde. Was jedoch bis vor kurzem gef\u00e4hrdet wurde, ist niemand Geringeres als der best\u00e4ndige politische Frieden zwischen den Grenzen der beiden Balkanstaaten. Der Frieden ist und bleibt eine notwendige Bedingung f\u00fcr ein Fortschreiten im politischen Prozess der Beitrittskandidatur Serbiens und dem Bewerberstaat Kosovo in die EU-Mitgliedschaft.<\/p>\n<p>Die landesweite Anordnung der Regierung in Pristina, serbische Autokennzeichen gegen kosovarische Kennzeichen auszutauschen, landete im November vor Gericht in Br\u00fcssel und wurde zugunsten der serbischen Minderheit entschieden. Doch zeitgleich war in Br\u00fcssel auch die Rede von weiteren Verhandlungen mit erfolgsversprechenden Aussichten f\u00fcr Kosovos EU-Beitrittskandidatur. Doch in diesem politischen Prozess bleibt eine Bedingung zentral, n\u00e4mlich die Normalisierung der Beziehung zwischen beiden Balkanstaaten. Deshalb wundert es nicht, weswegen die Region Mitrovica regelm\u00e4ssig und schonungslos durch Serbien zum politischen Spielball instrumentalisiert wird.<\/p>\n<p>F\u00fcr Schlagzeilen sorgten zuletzt auch die beinahe drei Wochen andauernde Barrikaden in der Stadt Mitrovica, wo maskierte Serben mit Traktoren und quergestellten Lkws die \u00f6ffentlichen Strassen blockierten. Die Demonstrationsversuche wurden als Druckmittel gebraucht, um die Freilassung eines Ex-Polizisten zu bezwecken. In den Augen der kosovarischen Regierung wurden die Ereignisse von Beginn an, als zum Scheitern verurteilte Eskalationsversuche Serbiens gegen den souver\u00e4nen Werdegang Kosovos verurteilt.<\/p>\n<p>In der letzten Phase dieser Konfliktreihe kursierten dramatische Bilder mit Haubitzen, serbischen Panzerfahrzeuge an der Grenze zu Kosovo, \u00abzum Schutz der serbischen B\u00fcrger\u00bb, wie Vucic verk\u00fcnden liess. Der Grund? Zuvor ordnete die kosovarische Regierung alle Beteiligten auf, die Blockaden friedlich aufzul\u00f6sen. Doch Vucic m\u00fcnzte die Deeskalationsbem\u00fchungen von Albin Kurti als einen Sturmaufruf gegen die serbischen Barrikaden um und versuchte mit seinen Auftritten seine W\u00e4hler auf symbolpolitischer Ebene zu erreichen. Am Ende muss Serbien sich zur\u00fcckziehen und Kosovos Grenzen blieben sicher und frei.<\/p>\n<p>So liesse sich die Chronik kurz zusammenfassen und dabei geraten folgende Akteure in Vergessenheit, n\u00e4mlich die oft am meisten leidtragende Zivilbev\u00f6lkerung in der ethnisch vielf\u00e4ltigen Gesellschaft Kosovos, besonders in Mitrovica, die Reisenden aus der Diaspora und viele unbeteiligte serbische B\u00fcrger in Kosovo oder albanischst\u00e4mmige B\u00fcrger in Serbien. Denn ausserhalb der medialen B\u00fchne tragen besonders diese Menschen mit jedem Tag historische Altlasten, die im heutigen freien und souver\u00e4nen Kosovo und im Kosovo von morgen keinen Platz mehr finden sollten. Vielmehr m\u00fcssen die Friedensbem\u00fchungen vom Regierungschef Albin Kurti zusammen mit der NATO gest\u00e4rkt werden und durch die kosovarischen Pr\u00e4sidentin Vjosa Osmani der Fokus Richtung EU-Mitgliedschaft weiterhin souver\u00e4n und unbeirrt weiterverfolgt werden.<\/p>\n<p><strong>\u00a0<\/strong><\/p>\n<p><strong>\u00a0<\/strong><\/p>\n<p><strong>\u00a0<\/strong><\/p>\n<p><strong>\u00a0<\/strong><\/p>\n<p>&nbsp;<\/p>\n<p><strong>\u00a0<\/strong><\/p>\n<p><strong>\u00a0<\/strong><\/p>\n<p><strong>\u00a0<\/strong><\/p>\n<p>&nbsp;<\/p>\n","protected":false},"excerpt":{"rendered":"<p>Kosovo kann noch vor der Jahreswende wieder aufatmen, denn der j\u00fcngste demokratische Staat Europas konnte zusammen mit Regierungschef Albin Kurti und Friedensbem\u00fchungen aus Seiten der NATO daf\u00fcr sorgen, dass der kosovarische Bezirk Mitrovica wieder barrikadenfrei wurde<\/p>\n","protected":false},"author":4,"featured_media":615525,"comment_status":"open","ping_status":"open","sticky":false,"template":"","format":"standard","meta":{"footnotes":""},"categories":[24621,1129],"tags":[],"vendi":[],"content_country":[29888,31836,31837],"class_list":["post-615777","post","type-post","status-publish","format-standard","has-post-thumbnail","hentry","category-kosova-de-3","category-ch-balkan","content_country-zvicer","content_country-austria-de","content_country-germany-de"],"acf":[],"_links":{"self":[{"href":"https:\/\/www.albinfo.ch\/de\/wp-json\/wp\/v2\/posts\/615777","targetHints":{"allow":["GET"]}}],"collection":[{"href":"https:\/\/www.albinfo.ch\/de\/wp-json\/wp\/v2\/posts"}],"about":[{"href":"https:\/\/www.albinfo.ch\/de\/wp-json\/wp\/v2\/types\/post"}],"author":[{"embeddable":true,"href":"https:\/\/www.albinfo.ch\/de\/wp-json\/wp\/v2\/users\/4"}],"replies":[{"embeddable":true,"href":"https:\/\/www.albinfo.ch\/de\/wp-json\/wp\/v2\/comments?post=615777"}],"version-history":[{"count":0,"href":"https:\/\/www.albinfo.ch\/de\/wp-json\/wp\/v2\/posts\/615777\/revisions"}],"wp:featuredmedia":[{"embeddable":true,"href":"https:\/\/www.albinfo.ch\/de\/wp-json\/wp\/v2\/media\/615525"}],"wp:attachment":[{"href":"https:\/\/www.albinfo.ch\/de\/wp-json\/wp\/v2\/media?parent=615777"}],"wp:term":[{"taxonomy":"category","embeddable":true,"href":"https:\/\/www.albinfo.ch\/de\/wp-json\/wp\/v2\/categories?post=615777"},{"taxonomy":"post_tag","embeddable":true,"href":"https:\/\/www.albinfo.ch\/de\/wp-json\/wp\/v2\/tags?post=615777"},{"taxonomy":"vendi","embeddable":true,"href":"https:\/\/www.albinfo.ch\/de\/wp-json\/wp\/v2\/vendi?post=615777"},{"taxonomy":"content_country","embeddable":true,"href":"https:\/\/www.albinfo.ch\/de\/wp-json\/wp\/v2\/content_country?post=615777"}],"curies":[{"name":"wp","href":"https:\/\/api.w.org\/{rel}","templated":true}]}}