{"id":709188,"date":"2024-01-25T18:06:16","date_gmt":"2024-01-25T17:06:16","guid":{"rendered":"https:\/\/www.albinfo.ch\/?p=709188"},"modified":"2024-08-15T10:47:51","modified_gmt":"2024-08-15T08:47:51","slug":"hinter-den-kulissen-des-erfolgs-interview-mit-pren-pervorfi","status":"publish","type":"post","link":"https:\/\/www.albinfo.ch\/de\/hinter-den-kulissen-des-erfolgs-interview-mit-pren-pervorfi\/","title":{"rendered":"Hinter den Kulissen des Erfolgs: Interview mit Pren Pervorfi\u00a0"},"content":{"rendered":"<p>Pren Pervorfi, COO von GenTwo, im Advisory Board von der smzh AG und Verwaltungsrat bei Oepfelbaum IT Management AG, hat nicht nur einen beeindruckenden beruflichen Werdegang, sondern auch eine inspirierende Geschichte zu erz\u00e4hlen, wie er es geschafft hat, in der schweizerischen Gesch\u00e4ftswelt Fuss zu fassen, eine Spitzenposition mit F\u00fchrungsrolle zu \u00fcbernehmen und gleichzeitig seinen albanischen Wurzeln treu zu bleiben.<\/p>\n<p><strong>Albinfo.ch: K\u00f6nnten Sie uns Ihren beruflichen Werdegang skizzieren und die wichtigsten Meilensteine auf dem Weg zu Ihrer Position als COO bei GenTwo darlegen?<\/strong><\/p>\n<p><strong>P. Pervorfi:<\/strong> Nach meinem Bachelor in Wirtschaftsinformatik und einem Master in Banking &amp; Finance arbeitete ich zwei Jahre im Consulting. Anschlie\u00dfend wechselte ich zur Bank Vontobel, wo ich die Digitalisierungsinitiativen leiten konnte. In dieser Zeit implementierte ich gemeinsam mit meinen Teams auch den Robo Advisor \u00abVolt\u00bb. Zudem war ich als Vertreter der Bank in der Digitalisierungsexperten-Gruppe des Bundesrates aktiv. Nach zehn Jahren bei Vontobel wechselte ich zu Julius Baer. Dort war ich f\u00fcr die digitalen Client Channels und das Digitale Advisory zust\u00e4ndig. Nach erfolgreichen 2,5 Jahren bei Julius Baer \u00fcbernahm ich die Position des COO bei GenTwo. Hier leite ich, gemeinsam mit meinem Team von \u00fcber 40 Mitarbeitern, die Entwicklung unserer eigenen Assetization-Plattform. Etwa die H\u00e4lfte meines Teams ist in Pristina t\u00e4tig und unterst\u00fctzt uns in den Bereichen Design und Software-Entwicklung.<\/p>\n<p><strong>Als COO bei GenTwo sind Sie f\u00fcr strategische Aspekte verantwortlich. Welche Strategien und Ans\u00e4tze verfolgt Ihr Unternehmen, um in der heutigen Gesch\u00e4ftswelt erfolgreich zu sein?<\/strong><\/p>\n<p><strong>P.Pervorfi: <\/strong>Wir m\u00f6chten als Symbol f\u00fcr Disruption und Innovation gelten. Unsere Strategie unterscheidet uns von anderen, da sie darauf ausgerichtet ist, stets schnell und der Zeit voraus zu sein. Hierf\u00fcr haben wir spezielle Innovationsprozesse und eine Organisationsform implementiert, die entlang der Customer Journeys ausgerichtet sind und uns maximale Agilit\u00e4t erm\u00f6glichen.<\/p>\n<p><strong>albinfo.ch:<\/strong> <strong>Hat Ihre albanische Sprache Ihre berufliche Karriere beeinflusst?<\/strong><\/p>\n<p><strong>P.Pervorfi:<\/strong> Die albanische Sprache war weder ein Vorteil noch ein Nachteil in meiner Karriere. Ich war stets in internationalen Unternehmen, bei denen die Leistung und nicht die Herkunft relevant war. Dank dem schweizerischen Schulsystem durfte ich auch als Kind mit Migrationshintergrund alle Vorteile nutzen.<\/p>\n<p><strong>Albinfo.ch: Als Mitglied Gesch\u00e4ftsleitung bei GenTwo AG, Advisory Board von smzh und Mitglied des Verwaltungsrates bei Oepfelbaum IT Management AG jonglieren Sie mit verschiedenen Verantwortlichkeiten. Wie schaffen Sie es, diese Aufgaben in beiden Unternehmen erfolgreich zu bew\u00e4ltigen?<\/strong><\/p>\n<p><strong>P.Pervorfi: <\/strong>Zum Erreichen meiner Ziele ist nicht nur sorgf\u00e4ltige Organisation und unerm\u00fcdlicher Flei\u00df erforderlich, sondern vor allem auch ein harmonisches, engagiertes Team und ein unterst\u00fctzendes privates Umfeld, das stets an meiner Seite steht und mich in meinen Ambitionen best\u00e4rkt.<\/p>\n<p><strong>Albinfo.ch: Welche beruflichen Ratschl\u00e4ge w\u00fcrden Sie jungen, aufstrebenden Fachleuten mit Migrationshintergrund geben, die ihre Karriere in der Schweiz aufbauen m\u00f6chten?<\/strong><\/p>\n<p><strong>P.Pervorfi:<\/strong> Ich w\u00fcrde eine sehr solide Ausbildung anstreben welche die Basis f\u00fcr die berufliche Karriere bildet. Sei nicht einfach nur neugierig \u2013 sei besessen davon, st\u00e4ndig mehr zu lernen. Baut euch ein Netzwerk um euch auszutauschen. Sucht euch ein Umfeld, das euch nicht nur fordert, sondern euch an eure Grenzen treibt. Und findet einen Mentor, der bereit ist, euch wirklich zu zeigen, wie es l\u00e4uft. Mir haben meine Vorgesetzten immer massiv herausfordernde Aufgaben zugeworfen, und ich habe jede genutzt, um gr\u00f6\u00dfer und besser zu werden. Denkt nicht nur an heute oder morgen, plant f\u00fcr die kommenden Jahrzehnte. Diese Zukunftsplanung wird der Anker sein R\u00fcckschl\u00e4ge (es wird sie geben!) zu verarbeiten.\u202f Und vergesst nie den Grundsatz: Ohne Fleiss kein Preis.<\/p>\n<p>&nbsp;<\/p>\n<p>&nbsp;<\/p>\n","protected":false},"excerpt":{"rendered":"<p>&#8220;Ich w\u00fcrde eine sehr solide Ausbildung anstreben welche die Basis f\u00fcr die berufliche Karriere bildet. Sei nicht einfach nur neugierig \u2013 sei besessen davon, st\u00e4ndig mehr zu lernen. Baut euch ein Netzwerk um euch auszutauschen&#8221;<\/p>\n","protected":false},"author":4,"featured_media":709184,"comment_status":"closed","ping_status":"closed","sticky":false,"template":"","format":"standard","meta":{"footnotes":""},"categories":[1134,1131,3952,8182,16810,1129,1133,1412,2015],"tags":[1579,1580,1633],"vendi":[31858],"content_country":[29888,31836,31837],"class_list":["post-709188","post","type-post","status-publish","format-standard","has-post-thumbnail","hentry","category-integration","category-investitionen","category-kosova-de","category-finances","category-albanische-banker-in-der-schweiz","category-ch-balkan","category-e-diaspora-de","category-newsletter-de","category-newsletter-media-de","tag-financa-de","tag-kosove-de-fr","tag-zvicer-de","vendi-zuerich","content_country-zvicer","content_country-austria-de","content_country-germany-de"],"acf":[],"_links":{"self":[{"href":"https:\/\/www.albinfo.ch\/de\/wp-json\/wp\/v2\/posts\/709188","targetHints":{"allow":["GET"]}}],"collection":[{"href":"https:\/\/www.albinfo.ch\/de\/wp-json\/wp\/v2\/posts"}],"about":[{"href":"https:\/\/www.albinfo.ch\/de\/wp-json\/wp\/v2\/types\/post"}],"author":[{"embeddable":true,"href":"https:\/\/www.albinfo.ch\/de\/wp-json\/wp\/v2\/users\/4"}],"replies":[{"embeddable":true,"href":"https:\/\/www.albinfo.ch\/de\/wp-json\/wp\/v2\/comments?post=709188"}],"version-history":[{"count":1,"href":"https:\/\/www.albinfo.ch\/de\/wp-json\/wp\/v2\/posts\/709188\/revisions"}],"predecessor-version":[{"id":761640,"href":"https:\/\/www.albinfo.ch\/de\/wp-json\/wp\/v2\/posts\/709188\/revisions\/761640"}],"wp:featuredmedia":[{"embeddable":true,"href":"https:\/\/www.albinfo.ch\/de\/wp-json\/wp\/v2\/media\/709184"}],"wp:attachment":[{"href":"https:\/\/www.albinfo.ch\/de\/wp-json\/wp\/v2\/media?parent=709188"}],"wp:term":[{"taxonomy":"category","embeddable":true,"href":"https:\/\/www.albinfo.ch\/de\/wp-json\/wp\/v2\/categories?post=709188"},{"taxonomy":"post_tag","embeddable":true,"href":"https:\/\/www.albinfo.ch\/de\/wp-json\/wp\/v2\/tags?post=709188"},{"taxonomy":"vendi","embeddable":true,"href":"https:\/\/www.albinfo.ch\/de\/wp-json\/wp\/v2\/vendi?post=709188"},{"taxonomy":"content_country","embeddable":true,"href":"https:\/\/www.albinfo.ch\/de\/wp-json\/wp\/v2\/content_country?post=709188"}],"curies":[{"name":"wp","href":"https:\/\/api.w.org\/{rel}","templated":true}]}}