{"id":83291,"date":"2015-05-22T13:45:53","date_gmt":"2015-05-22T11:45:53","guid":{"rendered":"http:\/\/www.albinfo.ch\/?p=83291"},"modified":"2015-05-22T17:05:11","modified_gmt":"2015-05-22T15:05:11","slug":"shtohet-numri-i-te-huajve-ne-zvicer-2","status":"publish","type":"post","link":"https:\/\/www.albinfo.ch\/de\/shtohet-numri-i-te-huajve-ne-zvicer-2\/","title":{"rendered":"St\u00e4rkere Zuwanderung im ersten Quartal"},"content":{"rendered":"<p>68\u00a0% der st\u00e4ndigen ausl\u00e4ndischen Wohnbev\u00f6lkerung stammen aus den EU-28\/EFTA-Staaten. Der Wanderungssaldo lag im ersten Quartal bei 22\u00a0942 Personen.<\/p>\n<p>Die Einwanderung hat im Beobachtungszeitraum zwischen Januar und M\u00e4rz 2015 im Vergleich zur Vorjahresperiode um 2,6\u00a0% zugenommen. Gleichzeitig hat die Auswanderung im gleichen Zeitraum um 0,3\u00a0% abgenommen. Von Januar bis M\u00e4rz 2015 sind 39\u00a0102 Personen in die st\u00e4ndige Wohnbev\u00f6lkerung eingewandert, 16\u00a0892 Personen sind ausgewandert.<\/p>\n<p>Zwischen Januar und M\u00e4rz 2015 sind gesamthaft 40\u00a0161 Staatsangeh\u00f6rige aus der EU-28\/EFTA zur Aufnahme einer Erwerbst\u00e4tigkeit in die Schweiz eingewandert. Diese Zahl schliesst auch Personen mit Kurzaufenthaltsbewilligungen ein. Gegen\u00fcber der gleichen Periode im Vorjahr bedeutet dies eine Zunahme von 10,4\u00a0%.<\/p>\n<p>Im gleichen Zeitraum sind gesamthaft 11\u00a0835 Ausl\u00e4nderinnen und Ausl\u00e4nder im Familiennachzug in die st\u00e4ndige Wohnbev\u00f6lkerung der Schweiz eingewandert. Knapp 20\u00a0% von ihnen kamen im Familiennachzug einer Schweizerin bzw. eines Schweizers in die Schweiz.<\/p>\n<p>Ein Viertel der Kontingente f\u00fcr Drittstaatenangeh\u00f6rige beansprucht<\/p>\n<p>2015 stehen f\u00fcr Erwerbst\u00e4tige aus Drittstaaten 4000 Kurzaufenthaltsbewilligungen und 2500 Aufenthaltsbewilligungen zur Verf\u00fcgung. Die Aussch\u00f6pfung dieser Kontingente lag Ende M\u00e4rz bei 25\u00a0% f\u00fcr die Kurzaufenthalter und bei 23\u00a0% f\u00fcr die Aufenthalter.<\/p>\n<p><a title=\"news.admin.ch\" href=\"http:\/\/news.admin.ch\">news.admin.ch<\/a><\/p>\n","protected":false},"excerpt":{"rendered":"<p>Ende M\u00e4rz 2015 lebten 1 967 844 Ausl\u00e4nderinnen und Ausl\u00e4nder in der Schweiz. <\/p>\n","protected":false},"author":4,"featured_media":41758,"comment_status":"open","ping_status":"open","sticky":false,"template":"","format":"standard","meta":{"footnotes":""},"categories":[1188,1140],"tags":[],"vendi":[],"content_country":[],"class_list":["post-83291","post","type-post","status-publish","format-standard","has-post-thumbnail","hentry","category-shkurt-ch-de","category-leben-in-der-schweiz"],"acf":[],"_links":{"self":[{"href":"https:\/\/www.albinfo.ch\/de\/wp-json\/wp\/v2\/posts\/83291","targetHints":{"allow":["GET"]}}],"collection":[{"href":"https:\/\/www.albinfo.ch\/de\/wp-json\/wp\/v2\/posts"}],"about":[{"href":"https:\/\/www.albinfo.ch\/de\/wp-json\/wp\/v2\/types\/post"}],"author":[{"embeddable":true,"href":"https:\/\/www.albinfo.ch\/de\/wp-json\/wp\/v2\/users\/4"}],"replies":[{"embeddable":true,"href":"https:\/\/www.albinfo.ch\/de\/wp-json\/wp\/v2\/comments?post=83291"}],"version-history":[{"count":0,"href":"https:\/\/www.albinfo.ch\/de\/wp-json\/wp\/v2\/posts\/83291\/revisions"}],"wp:featuredmedia":[{"embeddable":true,"href":"https:\/\/www.albinfo.ch\/de\/wp-json\/wp\/v2\/media\/41758"}],"wp:attachment":[{"href":"https:\/\/www.albinfo.ch\/de\/wp-json\/wp\/v2\/media?parent=83291"}],"wp:term":[{"taxonomy":"category","embeddable":true,"href":"https:\/\/www.albinfo.ch\/de\/wp-json\/wp\/v2\/categories?post=83291"},{"taxonomy":"post_tag","embeddable":true,"href":"https:\/\/www.albinfo.ch\/de\/wp-json\/wp\/v2\/tags?post=83291"},{"taxonomy":"vendi","embeddable":true,"href":"https:\/\/www.albinfo.ch\/de\/wp-json\/wp\/v2\/vendi?post=83291"},{"taxonomy":"content_country","embeddable":true,"href":"https:\/\/www.albinfo.ch\/de\/wp-json\/wp\/v2\/content_country?post=83291"}],"curies":[{"name":"wp","href":"https:\/\/api.w.org\/{rel}","templated":true}]}}