{"id":862821,"date":"2025-09-25T21:19:04","date_gmt":"2025-09-25T19:19:04","guid":{"rendered":"https:\/\/www.albinfo.ch\/?p=862821"},"modified":"2025-09-26T00:21:09","modified_gmt":"2025-09-25T22:21:09","slug":"begaj-fordert-die-aufnahme-des-kosovo-in-die-uno","status":"publish","type":"post","link":"https:\/\/www.albinfo.ch\/de\/begaj-fordert-die-aufnahme-des-kosovo-in-die-uno\/","title":{"rendered":"Begaj fordert die Aufnahme des Kosovo in die UNO"},"content":{"rendered":"<p data-start=\"2223\" data-end=\"2415\">Der Pr\u00e4sident Albaniens, Bajram Begaj, hat es als ungerecht bezeichnet, dass Kosovo nicht Mitglied der Generalversammlung der Vereinten Nationen ist, berichtet albinfo.ch.<\/p>\n<p data-start=\"2417\" data-end=\"2573\">Er erkl\u00e4rte, dass die Anerkennung der Unabh\u00e4ngigkeit des Kosovo und seine Aufnahme in die UNO ein Akt der Gerechtigkeit gegen\u00fcber dem Volk des Kosovo sei.<\/p>\n<p data-start=\"2575\" data-end=\"2645\">Zudem forderte er die Achtung der Rechte der Albaner im Pre\u0161evo-Tal.<\/p>\n<p data-start=\"2647\" data-end=\"3087\">\u201eDer Platz des Kosovo in dieser Versammlung bleibt zu Unrecht leer. Die Anerkennung der Unabh\u00e4ngigkeit des Kosovo, die Unterst\u00fctzung f\u00fcr seine Mitgliedschaft in den Vereinten Nationen und anderen internationalen Organisationen sind ein Akt der Gerechtigkeit gegen\u00fcber dem Volk des Kosovo, ein Schritt, der den Frieden und die Sicherheit im westlichen Balkan weiter st\u00e4rkt und einen Beitrag zur Stabilit\u00e4t Europas leistet\u201c, erkl\u00e4rte Begaj.<\/p>\n<p data-start=\"3089\" data-end=\"3291\">Er f\u00fcgte hinzu, dass Albanien ein Land sei, das sich f\u00fcr Frieden, internationale Zusammenarbeit und demokratische Werte einsetzt, mit einer klaren Vision f\u00fcr eine gerechtere und nachhaltigere Zukunft.<\/p>\n<p data-start=\"3293\" data-end=\"3590\">Begaj bezeichnete die UNO als eine universelle Plattform f\u00fcr Dialog und Zusammenarbeit und betonte, dass Albanien sich f\u00fcr diplomatische L\u00f6sungen von Konflikten engagiere. In diesem Zusammenhang verurteilte er die russische Aggression gegen die Ukraine und forderte ein Ende des Krieges in Gaza.<\/p>\n<p data-start=\"3592\" data-end=\"3782\">F\u00fcr Albanien hob der Pr\u00e4sident die Zielsetzung hervor, der EU bis 2030 beizutreten, sowie die eingeleiteten Reformen zur Digitalisierung \u00f6ffentlicher Dienste und zur Korruptionsbek\u00e4mpfung.<\/p>\n<p data-start=\"3784\" data-end=\"4510\" data-is-last-node=\"\" data-is-only-node=\"\">\u201eKein Land kann eine bessere Zukunft entwerfen, ohne die Jugend in den Mittelpunkt der nationalen Strategien zu stellen. Durch Reformen im Bildungswesen, die digitale Transformation und Besch\u00e4ftigung arbeitet Albanien daran, den Jugendlichen mehr M\u00f6glichkeiten zu er\u00f6ffnen, Neues zu lernen, Innovationen zu entwickeln und aktiv an der Gesellschaft teilzunehmen. Wir glauben, dass Investitionen in die Jugend die wirksamsten Investitionen f\u00fcr Frieden, Wohlstand und nachhaltige Entwicklung sind. Heute haben wir die Pflicht, als Generation, die 80 Jahre Frieden und Fortschritt geerbt hat, unseren Kindern die Voraussetzungen f\u00fcr eine sichere, friedliche Welt mit W\u00fcrde, Zusammenarbeit und Fortschritt zu schaffen\u201c, so Begaj.<\/p>\n","protected":false},"excerpt":{"rendered":"<p>Begaj: Der Beitritt des Kosovo zur UNO ist ein Akt der Gerechtigkeit gegen\u00fcber seinem Volk<\/p>\n","protected":false},"author":6,"featured_media":862652,"comment_status":"closed","ping_status":"closed","sticky":false,"template":"","format":"standard","meta":{"footnotes":""},"categories":[23263,3952,23262,24631,1129],"tags":[],"vendi":[],"content_country":[29888,31836,31837],"class_list":["post-862821","post","type-post","status-publish","format-standard","has-post-thumbnail","hentry","category-kosova-de-2","category-kosova-de","category-at-balkani-de","category-nachrichten-de-2","category-ch-balkan","content_country-zvicer","content_country-austria-de","content_country-germany-de"],"acf":[],"_links":{"self":[{"href":"https:\/\/www.albinfo.ch\/de\/wp-json\/wp\/v2\/posts\/862821","targetHints":{"allow":["GET"]}}],"collection":[{"href":"https:\/\/www.albinfo.ch\/de\/wp-json\/wp\/v2\/posts"}],"about":[{"href":"https:\/\/www.albinfo.ch\/de\/wp-json\/wp\/v2\/types\/post"}],"author":[{"embeddable":true,"href":"https:\/\/www.albinfo.ch\/de\/wp-json\/wp\/v2\/users\/6"}],"replies":[{"embeddable":true,"href":"https:\/\/www.albinfo.ch\/de\/wp-json\/wp\/v2\/comments?post=862821"}],"version-history":[{"count":1,"href":"https:\/\/www.albinfo.ch\/de\/wp-json\/wp\/v2\/posts\/862821\/revisions"}],"predecessor-version":[{"id":862822,"href":"https:\/\/www.albinfo.ch\/de\/wp-json\/wp\/v2\/posts\/862821\/revisions\/862822"}],"wp:featuredmedia":[{"embeddable":true,"href":"https:\/\/www.albinfo.ch\/de\/wp-json\/wp\/v2\/media\/862652"}],"wp:attachment":[{"href":"https:\/\/www.albinfo.ch\/de\/wp-json\/wp\/v2\/media?parent=862821"}],"wp:term":[{"taxonomy":"category","embeddable":true,"href":"https:\/\/www.albinfo.ch\/de\/wp-json\/wp\/v2\/categories?post=862821"},{"taxonomy":"post_tag","embeddable":true,"href":"https:\/\/www.albinfo.ch\/de\/wp-json\/wp\/v2\/tags?post=862821"},{"taxonomy":"vendi","embeddable":true,"href":"https:\/\/www.albinfo.ch\/de\/wp-json\/wp\/v2\/vendi?post=862821"},{"taxonomy":"content_country","embeddable":true,"href":"https:\/\/www.albinfo.ch\/de\/wp-json\/wp\/v2\/content_country?post=862821"}],"curies":[{"name":"wp","href":"https:\/\/api.w.org\/{rel}","templated":true}]}}