{"id":863055,"date":"2025-09-26T21:00:12","date_gmt":"2025-09-26T19:00:12","guid":{"rendered":"https:\/\/www.albinfo.ch\/?p=863055"},"modified":"2025-09-26T21:00:42","modified_gmt":"2025-09-26T19:00:42","slug":"ein-republikanischer-kongressabgeordneter-sagt-dass-osmani-sich-auch-mit-trump-getroffen-habe","status":"publish","type":"post","link":"https:\/\/www.albinfo.ch\/de\/ein-republikanischer-kongressabgeordneter-sagt-dass-osmani-sich-auch-mit-trump-getroffen-habe\/","title":{"rendered":"Ein republikanischer Kongressabgeordneter sagt, dass Osmani sich auch mit Trump getroffen habe."},"content":{"rendered":"<p data-start=\"694\" data-end=\"980\">Der US-Kongressabgeordnete Keith Self hat ein Treffen mit der Pr\u00e4sidentin des Kosovo, Vjosa Osmani, bekannt gegeben, w\u00e4hrend sie sich in New York aufh\u00e4lt, um an der hochrangigen Woche der Generalversammlung der Vereinten Nationen teilzunehmen, berichtet albinfo.ch.<\/p>\n<p data-start=\"982\" data-end=\"1161\">Der Republikaner Self erkl\u00e4rte bei der Bekanntgabe seines Treffens mit Osmani unter anderem, dass die Pr\u00e4sidentin des Kosovo auch den US-Pr\u00e4sidenten Donald Trump getroffen habe.<\/p>\n<p data-start=\"1163\" data-end=\"1387\" data-is-last-node=\"\" data-is-only-node=\"\">&#8220;Ich bin Pr\u00e4sidentin Osmani aus dem Kosovo dankbar, dass sie sich gestern nach ihren Treffen mit Pr\u00e4sident Trump und den Mitgliedern der Vereinten Nationen Zeit f\u00fcr mich genommen hat&#8221;, schrieb Keith in einem Facebook-Post.<\/p>\n<p class=\"p1\"><span class=\"s1\"><a href=\"https:\/\/www.facebook.com\/share\/19ucwgBXVi\/?mibextid=wwXIfr\">https:\/\/www.facebook.com\/share\/19ucwgBXVi\/?mibextid=wwXIfr<\/a><\/span><\/p>\n","protected":false},"excerpt":{"rendered":"<p>Der US-Kongressabgeordnete Keith Self hat ein Treffen mit der Pr\u00e4sidentin des Kosovo, Vjosa Osmani, bekannt gegeben, w\u00e4hrend sie sich in New York aufh\u00e4lt, um an der hochrangigen Woche der Generalversammlung der Vereinten Nationen teilzunehmen, berichtet albinfo.ch. Der Republikaner Self erkl\u00e4rte bei der Bekanntgabe seines Treffens mit Osmani unter anderem, dass die Pr\u00e4sidentin des Kosovo auch [&hellip;]<\/p>\n","protected":false},"author":6,"featured_media":862927,"comment_status":"closed","ping_status":"closed","sticky":false,"template":"","format":"standard","meta":{"footnotes":""},"categories":[23263,3952,23262,24631,1129],"tags":[],"vendi":[],"content_country":[29888,31836,31837],"class_list":["post-863055","post","type-post","status-publish","format-standard","has-post-thumbnail","hentry","category-kosova-de-2","category-kosova-de","category-at-balkani-de","category-nachrichten-de-2","category-ch-balkan","content_country-zvicer","content_country-austria-de","content_country-germany-de"],"acf":[],"_links":{"self":[{"href":"https:\/\/www.albinfo.ch\/de\/wp-json\/wp\/v2\/posts\/863055","targetHints":{"allow":["GET"]}}],"collection":[{"href":"https:\/\/www.albinfo.ch\/de\/wp-json\/wp\/v2\/posts"}],"about":[{"href":"https:\/\/www.albinfo.ch\/de\/wp-json\/wp\/v2\/types\/post"}],"author":[{"embeddable":true,"href":"https:\/\/www.albinfo.ch\/de\/wp-json\/wp\/v2\/users\/6"}],"replies":[{"embeddable":true,"href":"https:\/\/www.albinfo.ch\/de\/wp-json\/wp\/v2\/comments?post=863055"}],"version-history":[{"count":1,"href":"https:\/\/www.albinfo.ch\/de\/wp-json\/wp\/v2\/posts\/863055\/revisions"}],"predecessor-version":[{"id":863057,"href":"https:\/\/www.albinfo.ch\/de\/wp-json\/wp\/v2\/posts\/863055\/revisions\/863057"}],"wp:featuredmedia":[{"embeddable":true,"href":"https:\/\/www.albinfo.ch\/de\/wp-json\/wp\/v2\/media\/862927"}],"wp:attachment":[{"href":"https:\/\/www.albinfo.ch\/de\/wp-json\/wp\/v2\/media?parent=863055"}],"wp:term":[{"taxonomy":"category","embeddable":true,"href":"https:\/\/www.albinfo.ch\/de\/wp-json\/wp\/v2\/categories?post=863055"},{"taxonomy":"post_tag","embeddable":true,"href":"https:\/\/www.albinfo.ch\/de\/wp-json\/wp\/v2\/tags?post=863055"},{"taxonomy":"vendi","embeddable":true,"href":"https:\/\/www.albinfo.ch\/de\/wp-json\/wp\/v2\/vendi?post=863055"},{"taxonomy":"content_country","embeddable":true,"href":"https:\/\/www.albinfo.ch\/de\/wp-json\/wp\/v2\/content_country?post=863055"}],"curies":[{"name":"wp","href":"https:\/\/api.w.org\/{rel}","templated":true}]}}