{"id":864526,"date":"2025-10-02T18:10:15","date_gmt":"2025-10-02T16:10:15","guid":{"rendered":"https:\/\/www.albinfo.ch\/?p=864526"},"modified":"2025-10-03T09:05:05","modified_gmt":"2025-10-03T07:05:05","slug":"die-3-fussballspieler-albanischer-herkunft-in-der-schweizer-liste-fuer-oktober","status":"publish","type":"post","link":"https:\/\/www.albinfo.ch\/de\/die-3-fussballspieler-albanischer-herkunft-in-der-schweizer-liste-fuer-oktober\/","title":{"rendered":"Die 3 Fu\u00dfballspieler albanischer Herkunft in der Schweizer Liste f\u00fcr Oktober"},"content":{"rendered":"<p data-start=\"3146\" data-end=\"3479\">Die Schweizer Nationalmannschaft bestreitet im Oktober zwei wichtige Spiele in der zweiten Phase der Qualifikation f\u00fcr die Weltmeisterschaft 2026. Das Team von Trainer Murat Yakin spielt am 10. Oktober in Stockholm gegen Schweden und anschlie\u00dfend am 13. Oktober in Ljubljana gegen Slowenien, berichtet albinfo.ch.<\/p>\n<p data-start=\"3481\" data-end=\"3780\">F\u00fcr diese beiden Ausw\u00e4rtsspiele hat Trainer Yakin eine Liste mit 24 Spielern ver\u00f6ffentlicht, die im Vergleich zum September einige Ver\u00e4nderungen enth\u00e4lt. Wie gewohnt bleibt Kapit\u00e4n Granit Xhaka eine Schl\u00fcsselperson im Team, w\u00e4hrend bekannte Namen zur\u00fcckkehren und neue Spieler erstmals dabei sind.<\/p>\n<p data-start=\"3782\" data-end=\"3826\"><strong data-start=\"3782\" data-end=\"3824\">\u00dcberraschungen und R\u00fcckkehrer im Kader<\/strong><\/p>\n<p data-start=\"3828\" data-end=\"4154\">Eine der meistdiskutierten Neuigkeiten ist die erstmalige Nominierung des albanischen Verteidigers Adrian Bajrami f\u00fcr die A-Nationalmannschaft der Schweiz, nachdem er k\u00fcrzlich die albanische Nationalmannschaft verlassen hat. Mit starken Leistungen beim FC Luzern hat Bajrami nun die Chance, sein Deb\u00fct bei der Nati zu geben.<\/p>\n<p data-start=\"4156\" data-end=\"4424\">Auch St\u00fcrmer Andi Zeqiri ist nach einer l\u00e4ngeren Abwesenheit wieder im Aufgebot. Ebenso wurden Torh\u00fcter Yvon Mvogo und Mittelfeldspieler Djibril Sow erneut einberufen, um die durch Verletzungen von Denis Zakaria und Michel Aebischer entstandenen L\u00fccken zu schlie\u00dfen.<\/p>\n<p data-start=\"4426\" data-end=\"4575\">Zum ersten Mal wurde auch Luca Jaquez, der 22-j\u00e4hrige Verteidiger des VfB Stuttgart und Gewinner des DFB-Pokals, in die Nationalmannschaft berufen.<\/p>\n<p data-start=\"4577\" data-end=\"4611\"><strong data-start=\"4577\" data-end=\"4609\">Ziel: Weltmeisterschaft 2026<\/strong><\/p>\n<p data-start=\"4613\" data-end=\"4865\">Die Schweiz startete erfolgreich in die Qualifikation und sicherte sich zwei \u00fcberzeugende Siege ohne Gegentore: 4:0 gegen Kosovo und 3:0 gegen Slowenien. Trainer Murat Yakin betonte die Bedeutung von Kontinuit\u00e4t und Harmonie innerhalb der Mannschaft:<\/p>\n<p data-start=\"4867\" data-end=\"5058\">&#8220;Das Team ist im vergangenen Jahr noch enger zusammenger\u00fcckt und arbeitet auf und neben dem Platz gut zusammen. Deshalb konzentriere ich mich weiterhin auf die Kontinuit\u00e4t&#8221;, erkl\u00e4rte Yakin.<\/p>\n<p data-start=\"5060\" data-end=\"5178\">Trotz des guten Starts warnt der Trainer, dass die Spiele im Oktober ernsthafte Herausforderungen darstellen werden:<\/p>\n<p data-start=\"5180\" data-end=\"5424\">&#8220;Wir haben zwei schwierige Ausw\u00e4rtsspiele vor uns, in denen uns die Gegner fordern werden. Wir wollen mehr Punkte holen, um den n\u00e4chsten Schritt in Richtung unseres gro\u00dfen Ziels\u00a0 der Qualifikation f\u00fcr die Weltmeisterschaft 2026\u00a0 zu machen.&#8221;<\/p>\n<p data-start=\"5426\" data-end=\"5460\"><strong data-start=\"5426\" data-end=\"5458\">Unterst\u00fctzung durch die Fans<\/strong><\/p>\n<p data-start=\"5462\" data-end=\"5725\">Die Nati wird voraussichtlich auch im Ausland von zahlreichen Fans unterst\u00fctzt. Rund 1 800 Schweizer Fans haben sich Tickets f\u00fcr das Spiel in Stockholm gegen Schweden gesichert, w\u00e4hrend etwa 800 Anh\u00e4nger in Ljubljana f\u00fcr das Duell mit Slowenien erwartet werden.<\/p>\n<p data-start=\"5727\" data-end=\"5802\"><strong data-start=\"5727\" data-end=\"5800\">Spieler mit albanischer Herkunft in der Schweizer Nationalmannschaft:<\/strong><\/p>\n<p data-start=\"5805\" data-end=\"5910\">Granit Xhaka &#8211; Mittelfeldspieler (Kapit\u00e4n)<br data-start=\"5847\" data-end=\"5850\" \/>Herkunft aus dem Kosovo (Eltern aus Pristina und Podujeva)<\/p>\n<p data-start=\"5913\" data-end=\"6036\">Adrian Bajrami &#8211; Innenverteidiger<br data-start=\"5946\" data-end=\"5949\" \/>Herkunft aus Albanien (ehemaliger Spieler der U21 und A-Nationalmannschaft Albaniens)<\/p>\n<p data-start=\"6039\" data-end=\"6110\">Andi Zeqiri &#8211; St\u00fcrmer<br data-start=\"6060\" data-end=\"6063\" \/>Herkunft aus dem Kosovo (Familie aus Prizren)<\/p>\n<figure id=\"attachment_864350\" aria-describedby=\"caption-attachment-864350\" style=\"width: 502px\" class=\"wp-caption alignnone\"><a href=\"https:\/\/www.albinfo.ch\/wp-content\/uploads\/2025\/10\/screenshot-2025-10-02-133307.png\"><img loading=\"lazy\" decoding=\"async\" class=\" wp-image-864350\" src=\"https:\/\/www.albinfo.ch\/wp-content\/uploads\/2025\/10\/screenshot-2025-10-02-133307.png\" alt=\"\" width=\"502\" height=\"627\" srcset=\"https:\/\/www.albinfo.ch\/wp-content\/uploads\/2025\/10\/screenshot-2025-10-02-133307.png 670w, https:\/\/www.albinfo.ch\/wp-content\/uploads\/2025\/10\/screenshot-2025-10-02-133307-240x300.png 240w, https:\/\/www.albinfo.ch\/wp-content\/uploads\/2025\/10\/screenshot-2025-10-02-133307-317x396.png 317w, https:\/\/www.albinfo.ch\/wp-content\/uploads\/2025\/10\/screenshot-2025-10-02-133307-80x100.png 80w, https:\/\/www.albinfo.ch\/wp-content\/uploads\/2025\/10\/screenshot-2025-10-02-133307-140x175.png 140w\" sizes=\"auto, (max-width: 502px) 100vw, 502px\" \/><\/a><figcaption id=\"caption-attachment-864350\" class=\"wp-caption-text\">screenshot<\/figcaption><\/figure>\n","protected":false},"excerpt":{"rendered":"<p>Die Schweiz ver\u00f6ffentlicht die Liste f\u00fcr die Oktober-Spiele<\/p>\n","protected":false},"author":6,"featured_media":864347,"comment_status":"closed","ping_status":"closed","sticky":false,"template":"","format":"standard","meta":{"footnotes":""},"categories":[4023,24631,1110,1139],"tags":[],"vendi":[],"content_country":[29888,31836,31837],"class_list":["post-864526","post","type-post","status-publish","format-standard","has-post-thumbnail","hentry","category-futboll-de","category-nachrichten-de-2","category-unkategorisiert","category-sport","content_country-zvicer","content_country-austria-de","content_country-germany-de"],"acf":[],"_links":{"self":[{"href":"https:\/\/www.albinfo.ch\/de\/wp-json\/wp\/v2\/posts\/864526","targetHints":{"allow":["GET"]}}],"collection":[{"href":"https:\/\/www.albinfo.ch\/de\/wp-json\/wp\/v2\/posts"}],"about":[{"href":"https:\/\/www.albinfo.ch\/de\/wp-json\/wp\/v2\/types\/post"}],"author":[{"embeddable":true,"href":"https:\/\/www.albinfo.ch\/de\/wp-json\/wp\/v2\/users\/6"}],"replies":[{"embeddable":true,"href":"https:\/\/www.albinfo.ch\/de\/wp-json\/wp\/v2\/comments?post=864526"}],"version-history":[{"count":1,"href":"https:\/\/www.albinfo.ch\/de\/wp-json\/wp\/v2\/posts\/864526\/revisions"}],"predecessor-version":[{"id":864527,"href":"https:\/\/www.albinfo.ch\/de\/wp-json\/wp\/v2\/posts\/864526\/revisions\/864527"}],"wp:featuredmedia":[{"embeddable":true,"href":"https:\/\/www.albinfo.ch\/de\/wp-json\/wp\/v2\/media\/864347"}],"wp:attachment":[{"href":"https:\/\/www.albinfo.ch\/de\/wp-json\/wp\/v2\/media?parent=864526"}],"wp:term":[{"taxonomy":"category","embeddable":true,"href":"https:\/\/www.albinfo.ch\/de\/wp-json\/wp\/v2\/categories?post=864526"},{"taxonomy":"post_tag","embeddable":true,"href":"https:\/\/www.albinfo.ch\/de\/wp-json\/wp\/v2\/tags?post=864526"},{"taxonomy":"vendi","embeddable":true,"href":"https:\/\/www.albinfo.ch\/de\/wp-json\/wp\/v2\/vendi?post=864526"},{"taxonomy":"content_country","embeddable":true,"href":"https:\/\/www.albinfo.ch\/de\/wp-json\/wp\/v2\/content_country?post=864526"}],"curies":[{"name":"wp","href":"https:\/\/api.w.org\/{rel}","templated":true}]}}