{"id":864753,"date":"2025-10-03T21:02:58","date_gmt":"2025-10-03T19:02:58","guid":{"rendered":"https:\/\/www.albinfo.ch\/?p=864753"},"modified":"2025-10-03T21:04:14","modified_gmt":"2025-10-03T19:04:14","slug":"franco-foda-veroeffentlicht-die-erweiterte-liste-fuer-die-oktober-spiele","status":"publish","type":"post","link":"https:\/\/www.albinfo.ch\/de\/franco-foda-veroeffentlicht-die-erweiterte-liste-fuer-die-oktober-spiele\/","title":{"rendered":"Franco Foda ver\u00f6ffentlicht die erweiterte Liste f\u00fcr die Oktober-Spiele"},"content":{"rendered":"<p data-start=\"995\" data-end=\"1419\">Der Nationaltrainer des Kosovo, Franco Foda, hat die erweiterte Liste der Spieler f\u00fcr die beiden Oktober-Spiele in der Gruppe B der Qualifikation f\u00fcr die Weltmeisterschaft 2026 ver\u00f6ffentlicht. Die Dardanen treffen zun\u00e4chst auf Slowenien und danach auf eine schwere Partie gegen Schweden. Diese Spiele d\u00fcrften entscheidend f\u00fcr den weiteren Verlauf des Kosovo in dieser Kampagne sein, berichtet albinfo.ch.<\/p>\n<p data-start=\"1421\" data-end=\"1818\">Auf Fodas Liste kehren mehrere wichtige Namen zur\u00fcck, w\u00e4hrend auch neue Deb\u00fctanten hinzugekommen sind. Bedeutende Ausf\u00e4lle gibt es bei einigen Spielern aufgrund von Verletzungen oder Formschw\u00e4chen, doch die Pr\u00e4senz junger Talente bringt Optimismus und erh\u00f6ht den Wettbewerb innerhalb der Mannschaft. Dies sind die Spieler, die der deutsche Trainer f\u00fcr die erweiterte Oktober-Liste nominiert hat.<\/p>\n<p><a href=\"https:\/\/www.albinfo.ch\/wp-content\/uploads\/2025\/10\/img_3178.jpeg\"><img loading=\"lazy\" decoding=\"async\" class=\"alignnone wp-image-864578\" src=\"https:\/\/www.albinfo.ch\/wp-content\/uploads\/2025\/10\/img_3178-1024x1024.jpeg\" alt=\"\" width=\"500\" height=\"500\" srcset=\"https:\/\/www.albinfo.ch\/wp-content\/uploads\/2025\/10\/img_3178-1024x1024.jpeg 1024w, https:\/\/www.albinfo.ch\/wp-content\/uploads\/2025\/10\/img_3178-300x300.jpeg 300w, https:\/\/www.albinfo.ch\/wp-content\/uploads\/2025\/10\/img_3178-150x150.jpeg 150w, https:\/\/www.albinfo.ch\/wp-content\/uploads\/2025\/10\/img_3178-768x768.jpeg 768w, https:\/\/www.albinfo.ch\/wp-content\/uploads\/2025\/10\/img_3178-396x396.jpeg 396w, https:\/\/www.albinfo.ch\/wp-content\/uploads\/2025\/10\/img_3178-280x280.jpeg 280w, https:\/\/www.albinfo.ch\/wp-content\/uploads\/2025\/10\/img_3178-100x100.jpeg 100w, https:\/\/www.albinfo.ch\/wp-content\/uploads\/2025\/10\/img_3178-175x175.jpeg 175w, https:\/\/www.albinfo.ch\/wp-content\/uploads\/2025\/10\/img_3178.jpeg 1500w\" sizes=\"auto, (max-width: 500px) 100vw, 500px\" \/><\/a> <a href=\"https:\/\/www.albinfo.ch\/wp-content\/uploads\/2025\/10\/img_3179.jpeg\"><img loading=\"lazy\" decoding=\"async\" class=\"alignnone wp-image-864581\" src=\"https:\/\/www.albinfo.ch\/wp-content\/uploads\/2025\/10\/img_3179-1024x1024.jpeg\" alt=\"\" width=\"500\" height=\"500\" srcset=\"https:\/\/www.albinfo.ch\/wp-content\/uploads\/2025\/10\/img_3179-1024x1024.jpeg 1024w, https:\/\/www.albinfo.ch\/wp-content\/uploads\/2025\/10\/img_3179-300x300.jpeg 300w, https:\/\/www.albinfo.ch\/wp-content\/uploads\/2025\/10\/img_3179-150x150.jpeg 150w, https:\/\/www.albinfo.ch\/wp-content\/uploads\/2025\/10\/img_3179-768x768.jpeg 768w, https:\/\/www.albinfo.ch\/wp-content\/uploads\/2025\/10\/img_3179-396x396.jpeg 396w, https:\/\/www.albinfo.ch\/wp-content\/uploads\/2025\/10\/img_3179-280x280.jpeg 280w, https:\/\/www.albinfo.ch\/wp-content\/uploads\/2025\/10\/img_3179-100x100.jpeg 100w, https:\/\/www.albinfo.ch\/wp-content\/uploads\/2025\/10\/img_3179-175x175.jpeg 175w, https:\/\/www.albinfo.ch\/wp-content\/uploads\/2025\/10\/img_3179.jpeg 1500w\" sizes=\"auto, (max-width: 500px) 100vw, 500px\" \/><\/a><\/p>\n","protected":false},"excerpt":{"rendered":"<p>Die Dardanen mit der neuen Liste gegen Slowenien und Schweden<\/p>\n","protected":false},"author":6,"featured_media":858849,"comment_status":"closed","ping_status":"closed","sticky":false,"template":"","format":"standard","meta":{"footnotes":""},"categories":[23263,4023,23262,24631,1110,1139],"tags":[],"vendi":[],"content_country":[29888,31836,31837],"class_list":["post-864753","post","type-post","status-publish","format-standard","has-post-thumbnail","hentry","category-kosova-de-2","category-futboll-de","category-at-balkani-de","category-nachrichten-de-2","category-unkategorisiert","category-sport","content_country-zvicer","content_country-austria-de","content_country-germany-de"],"acf":[],"_links":{"self":[{"href":"https:\/\/www.albinfo.ch\/de\/wp-json\/wp\/v2\/posts\/864753","targetHints":{"allow":["GET"]}}],"collection":[{"href":"https:\/\/www.albinfo.ch\/de\/wp-json\/wp\/v2\/posts"}],"about":[{"href":"https:\/\/www.albinfo.ch\/de\/wp-json\/wp\/v2\/types\/post"}],"author":[{"embeddable":true,"href":"https:\/\/www.albinfo.ch\/de\/wp-json\/wp\/v2\/users\/6"}],"replies":[{"embeddable":true,"href":"https:\/\/www.albinfo.ch\/de\/wp-json\/wp\/v2\/comments?post=864753"}],"version-history":[{"count":1,"href":"https:\/\/www.albinfo.ch\/de\/wp-json\/wp\/v2\/posts\/864753\/revisions"}],"predecessor-version":[{"id":864755,"href":"https:\/\/www.albinfo.ch\/de\/wp-json\/wp\/v2\/posts\/864753\/revisions\/864755"}],"wp:featuredmedia":[{"embeddable":true,"href":"https:\/\/www.albinfo.ch\/de\/wp-json\/wp\/v2\/media\/858849"}],"wp:attachment":[{"href":"https:\/\/www.albinfo.ch\/de\/wp-json\/wp\/v2\/media?parent=864753"}],"wp:term":[{"taxonomy":"category","embeddable":true,"href":"https:\/\/www.albinfo.ch\/de\/wp-json\/wp\/v2\/categories?post=864753"},{"taxonomy":"post_tag","embeddable":true,"href":"https:\/\/www.albinfo.ch\/de\/wp-json\/wp\/v2\/tags?post=864753"},{"taxonomy":"vendi","embeddable":true,"href":"https:\/\/www.albinfo.ch\/de\/wp-json\/wp\/v2\/vendi?post=864753"},{"taxonomy":"content_country","embeddable":true,"href":"https:\/\/www.albinfo.ch\/de\/wp-json\/wp\/v2\/content_country?post=864753"}],"curies":[{"name":"wp","href":"https:\/\/api.w.org\/{rel}","templated":true}]}}