{"id":866004,"date":"2025-10-09T23:09:59","date_gmt":"2025-10-09T21:09:59","guid":{"rendered":"https:\/\/www.albinfo.ch\/?p=866004"},"modified":"2025-10-23T16:39:19","modified_gmt":"2025-10-23T14:39:19","slug":"chicago-anila-aliu-gewinnt-den-hauptpreis-beim-ccpa-concerto-competition","status":"publish","type":"post","link":"https:\/\/www.albinfo.ch\/de\/chicago-anila-aliu-gewinnt-den-hauptpreis-beim-ccpa-concerto-competition\/","title":{"rendered":"Chicago: Anila Aliu gewinnt den Hauptpreis beim \u201eCCPA Concerto Competition\u201c."},"content":{"rendered":"<p data-start=\"867\" data-end=\"1116\">Die albanische Pianistin Anila Aliu hat einen weiteren gro\u00dfen Erfolg auf der internationalen B\u00fchne erzielt, indem sie den ersten Preis beim renommierten \u201eCCPA Concerto Competition\u201c in Chicago gewonnen hat, berichtet albinfo.ch.<\/p>\n<p data-start=\"1118\" data-end=\"1329\">In diesem Wettbewerb, der jedes Jahr herausragende Solisten der klassischen Musik aus der ganzen Welt vereint, \u00fcberzeugte Anila mit ihrer au\u00dfergew\u00f6hnlichen Interpretation und ihrem hohen k\u00fcnstlerischen Niveau.<\/p>\n<p data-start=\"1331\" data-end=\"1537\">Dank dieses Triumphs wird sie die Ehre haben, als Solistin mit dem CCPA-Orchester unter der Leitung von Maestro Dr. Benjamin Firer aufzutreten. Das Konzert findet am Freitag um 19:30 Uhr in Chicago statt.<\/p>\n<p data-start=\"1539\" data-end=\"1800\" data-is-last-node=\"\" data-is-only-node=\"\">Dies ist ein weiterer bedeutender Schritt in der Karriere der albanischen Pianistin, die sich zunehmend auf der internationalen B\u00fchne etabliert und die albanische Musik und ihr Talent w\u00fcrdevoll vor dem amerikanischen Publikum repr\u00e4sentiert. \/Albinfo.ch<\/p>\n","protected":false},"excerpt":{"rendered":"<p>Triumph f\u00fcr Anila Aliu, die albanische Pianistin, die die Jury begeisterte.<\/p>\n","protected":false},"author":6,"featured_media":865827,"comment_status":"closed","ping_status":"closed","sticky":false,"template":"","format":"standard","meta":{"footnotes":""},"categories":[33056,24636,24659,1134,1130,3952,24621,24631,24635,1129,1138],"tags":[],"vendi":[],"content_country":[29888,31836,31837],"class_list":["post-866004","post","type-post","status-publish","format-standard","has-post-thumbnail","hentry","category-de-balkani-de","category-nachrichten-de-4","category-musik","category-integration","category-aktuell","category-kosova-de","category-kosova-de-3","category-nachrichten-de-2","category-nachrichten-de-3","category-ch-balkan","category-kultur","content_country-zvicer","content_country-austria-de","content_country-germany-de"],"acf":[],"_links":{"self":[{"href":"https:\/\/www.albinfo.ch\/de\/wp-json\/wp\/v2\/posts\/866004","targetHints":{"allow":["GET"]}}],"collection":[{"href":"https:\/\/www.albinfo.ch\/de\/wp-json\/wp\/v2\/posts"}],"about":[{"href":"https:\/\/www.albinfo.ch\/de\/wp-json\/wp\/v2\/types\/post"}],"author":[{"embeddable":true,"href":"https:\/\/www.albinfo.ch\/de\/wp-json\/wp\/v2\/users\/6"}],"replies":[{"embeddable":true,"href":"https:\/\/www.albinfo.ch\/de\/wp-json\/wp\/v2\/comments?post=866004"}],"version-history":[{"count":1,"href":"https:\/\/www.albinfo.ch\/de\/wp-json\/wp\/v2\/posts\/866004\/revisions"}],"predecessor-version":[{"id":866005,"href":"https:\/\/www.albinfo.ch\/de\/wp-json\/wp\/v2\/posts\/866004\/revisions\/866005"}],"wp:featuredmedia":[{"embeddable":true,"href":"https:\/\/www.albinfo.ch\/de\/wp-json\/wp\/v2\/media\/865827"}],"wp:attachment":[{"href":"https:\/\/www.albinfo.ch\/de\/wp-json\/wp\/v2\/media?parent=866004"}],"wp:term":[{"taxonomy":"category","embeddable":true,"href":"https:\/\/www.albinfo.ch\/de\/wp-json\/wp\/v2\/categories?post=866004"},{"taxonomy":"post_tag","embeddable":true,"href":"https:\/\/www.albinfo.ch\/de\/wp-json\/wp\/v2\/tags?post=866004"},{"taxonomy":"vendi","embeddable":true,"href":"https:\/\/www.albinfo.ch\/de\/wp-json\/wp\/v2\/vendi?post=866004"},{"taxonomy":"content_country","embeddable":true,"href":"https:\/\/www.albinfo.ch\/de\/wp-json\/wp\/v2\/content_country?post=866004"}],"curies":[{"name":"wp","href":"https:\/\/api.w.org\/{rel}","templated":true}]}}