{"id":866738,"date":"2025-10-12T19:00:25","date_gmt":"2025-10-12T17:00:25","guid":{"rendered":"https:\/\/www.albinfo.ch\/?p=866738"},"modified":"2025-10-23T16:13:11","modified_gmt":"2025-10-23T14:13:11","slug":"ab-heute-treten-die-neuen-ein-und-ausreiseregeln-in-die-europaeische-union-in-kraft","status":"publish","type":"post","link":"https:\/\/www.albinfo.ch\/de\/ab-heute-treten-die-neuen-ein-und-ausreiseregeln-in-die-europaeische-union-in-kraft\/","title":{"rendered":"Ab heute treten die neuen Ein und Ausreiseregeln in die Europ\u00e4ische Union in Kraft"},"content":{"rendered":"<p data-start=\"1826\" data-end=\"2075\">Ab heute hat die schrittweise Umsetzung der neuen Ein und Ausreiseregeln in das Hoheitsgebiet der L\u00e4nder der Europ\u00e4ischen Union begonnen, die f\u00fcr Staatsangeh\u00f6rige von Drittstaaten gelten, die von der Visumfreiheit profitieren.<\/p>\n<p data-start=\"2077\" data-end=\"2369\">Die EU-Staaten an den Au\u00dfengrenzen des Blocks sowie die \u00fcbrigen Schengen-L\u00e4nder beginnen nach und nach mit der Nutzung des neuen Ein- und Ausreisesystems (Entry-Exit System &#8211; EES). Diese Regeln gelten auch f\u00fcr kosovarische Staatsb\u00fcrger, die visumfrei in die Europ\u00e4ische Union reisen d\u00fcrfen.<\/p>\n<p data-start=\"2371\" data-end=\"2595\">Nach Angaben der EU werden diese Bestimmungen die Visaliberalisierung nicht einschr\u00e4nken, sondern lediglich zu einer besseren Kontrolle der Ein- und Ausreisen beitragen und somit die Sicherheit der Mitgliedstaaten erh\u00f6hen.<\/p>\n<p data-start=\"2597\" data-end=\"2938\">Ab heute werden an den Grenz\u00fcberg\u00e4ngen die Fingerabdr\u00fccke von vier Fingern der rechten Hand sowie ein digitales Foto erfasst, die in das neue Datensystem eingetragen werden. Diese Prozedur erfolgt nur beim ersten Eintritt von Drittstaatsangeh\u00f6rigen in die EU, sp\u00e4ter gen\u00fcgt der Vergleich des Passfotos mit dem gespeicherten Bild im System.<\/p>\n<p data-start=\"2940\" data-end=\"3161\">Der Sprecher der Europ\u00e4ischen Kommission f\u00fcr Inneres, Markus Lamert, erkl\u00e4rte, dass das neue System in den ersten sechs Monaten nur eingeschr\u00e4nkt genutzt werde und ab dem 10. April 2026 vollst\u00e4ndig in Kraft treten soll.<\/p>\n<p data-start=\"3163\" data-end=\"3515\" data-is-last-node=\"\" data-is-only-node=\"\">Die Visaliberalisierung erm\u00f6glicht Reisen in die EU ausschlie\u00dflich zu Besuchszwecken, mit einem Aufenthalt von bis zu 90 Tagen pro Besuch und maximal 180 Tagen pro Jahr. Wer diese Regeln verletzt, kann\u00a0 dank des neuen Systems leichter identifizierbar\u00a0 mit Sanktionen rechnen, einschlie\u00dflich eines Einreiseverbots in das Gebiet der Europ\u00e4ischen Union.<\/p>\n","protected":false},"excerpt":{"rendered":"<p>Diese Regeln gelten auch f\u00fcr kosovarische Staatsb\u00fcrger, die ohne Visum in die Europ\u00e4ische Union reisen d\u00fcrfen.<\/p>\n","protected":false},"author":6,"featured_media":447703,"comment_status":"closed","ping_status":"closed","sticky":false,"template":"","format":"standard","meta":{"footnotes":""},"categories":[10649,24626,1130,3952,1129,1157],"tags":[],"vendi":[],"content_country":[29888,31836,31837],"class_list":["post-866738","post","type-post","status-publish","format-standard","has-post-thumbnail","hentry","category-albanien","category-nord-macedonia-de-2","category-aktuell","category-kosova-de","category-ch-balkan","category-welt","content_country-zvicer","content_country-austria-de","content_country-germany-de"],"acf":[],"_links":{"self":[{"href":"https:\/\/www.albinfo.ch\/de\/wp-json\/wp\/v2\/posts\/866738","targetHints":{"allow":["GET"]}}],"collection":[{"href":"https:\/\/www.albinfo.ch\/de\/wp-json\/wp\/v2\/posts"}],"about":[{"href":"https:\/\/www.albinfo.ch\/de\/wp-json\/wp\/v2\/types\/post"}],"author":[{"embeddable":true,"href":"https:\/\/www.albinfo.ch\/de\/wp-json\/wp\/v2\/users\/6"}],"replies":[{"embeddable":true,"href":"https:\/\/www.albinfo.ch\/de\/wp-json\/wp\/v2\/comments?post=866738"}],"version-history":[{"count":2,"href":"https:\/\/www.albinfo.ch\/de\/wp-json\/wp\/v2\/posts\/866738\/revisions"}],"predecessor-version":[{"id":866741,"href":"https:\/\/www.albinfo.ch\/de\/wp-json\/wp\/v2\/posts\/866738\/revisions\/866741"}],"wp:featuredmedia":[{"embeddable":true,"href":"https:\/\/www.albinfo.ch\/de\/wp-json\/wp\/v2\/media\/447703"}],"wp:attachment":[{"href":"https:\/\/www.albinfo.ch\/de\/wp-json\/wp\/v2\/media?parent=866738"}],"wp:term":[{"taxonomy":"category","embeddable":true,"href":"https:\/\/www.albinfo.ch\/de\/wp-json\/wp\/v2\/categories?post=866738"},{"taxonomy":"post_tag","embeddable":true,"href":"https:\/\/www.albinfo.ch\/de\/wp-json\/wp\/v2\/tags?post=866738"},{"taxonomy":"vendi","embeddable":true,"href":"https:\/\/www.albinfo.ch\/de\/wp-json\/wp\/v2\/vendi?post=866738"},{"taxonomy":"content_country","embeddable":true,"href":"https:\/\/www.albinfo.ch\/de\/wp-json\/wp\/v2\/content_country?post=866738"}],"curies":[{"name":"wp","href":"https:\/\/api.w.org\/{rel}","templated":true}]}}