{"id":866770,"date":"2025-10-12T21:43:42","date_gmt":"2025-10-12T19:43:42","guid":{"rendered":"https:\/\/www.albinfo.ch\/?p=866770"},"modified":"2025-10-23T16:08:44","modified_gmt":"2025-10-23T14:08:44","slug":"kosovo-und-albanien-auf-dem-zweiten-platz-so-funktioniert-die-play-off-phase-fuer-die-weltmeisterschaft","status":"publish","type":"post","link":"https:\/\/www.albinfo.ch\/de\/kosovo-und-albanien-auf-dem-zweiten-platz-so-funktioniert-die-play-off-phase-fuer-die-weltmeisterschaft\/","title":{"rendered":"Kosovo und Albanien auf dem zweiten Platz: So funktioniert die Play-off-Phase f\u00fcr die Weltmeisterschaft"},"content":{"rendered":"<p data-start=\"1233\" data-end=\"1352\">Zum ersten Mal in der Geschichte wird die Weltmeisterschaft 2026 mit 48 Mannschaften ausgetragen.<\/p>\n<p data-start=\"1354\" data-end=\"1565\">Sechzehn europ\u00e4ische Nationalteams werden an der Endrunde teilnehmen, die in Kanada, Mexiko und den USA stattfindet, w\u00e4hrend Albaniens Chancen nach dem gro\u00dfen Erfolg in Serbien nun sehr realistisch erscheinen.<\/p>\n<p data-start=\"1567\" data-end=\"1756\">Die ersten 12 Teams der Gruppen qualifizieren sich direkt f\u00fcr die Weltmeisterschaft 2026, w\u00e4hrend die verbleibenden 4 Pl\u00e4tze \u00fcber die Play-off-Phase vergeben werden, berichtet albinfo.ch.<\/p>\n<p data-start=\"1758\" data-end=\"1831\"><strong data-start=\"1758\" data-end=\"1829\">Wie funktioniert die Play-off-Phase f\u00fcr die Weltmeisterschaft 2026?<\/strong><\/p>\n<p data-start=\"1833\" data-end=\"2033\">Die 12 Gruppenzweiten der Qualifikationsphase nehmen an den Play-offs teil, zusammen mit 4 Teams aus der UEFA Nations League 2024\/25, die sich aufgrund ihrer Leistungen in den Gruppen qualifizieren.<\/p>\n<p data-start=\"2035\" data-end=\"2246\">Damit bilden die Gruppenzweiten und die 4 Nations-League-Teams 8 Paarungen, aus denen die 4 Mannschaften hervorgehen, die sich zus\u00e4tzlich zu den 12 Direktqualifizierten f\u00fcr die Weltmeisterschaft qualifizieren.<\/p>\n<p data-start=\"2248\" data-end=\"2419\" data-is-last-node=\"\" data-is-only-node=\"\">Albanien w\u00fcrde, falls es die Gruppe auf dem zweiten Platz beendet, in der Play-off-Phase zwei Gegner zugelost bekommen und um ein Ticket f\u00fcr die Weltmeisterschaft k\u00e4mpfen.<\/p>\n","protected":false},"excerpt":{"rendered":"<p>Les 12 premi\u00e8res \u00e9quipes de chaque groupe se qualifieront directement pour la Coupe du Monde 2026, tandis que les 4 places restantes seront d\u00e9termin\u00e9es \u00e0 travers la phase de barrages.<\/p>\n","protected":false},"author":6,"featured_media":866603,"comment_status":"closed","ping_status":"closed","sticky":false,"template":"","format":"standard","meta":{"footnotes":""},"categories":[24641,4023,1139],"tags":[],"vendi":[],"content_country":[29888,31836,31837],"class_list":["post-866770","post","type-post","status-publish","format-standard","has-post-thumbnail","hentry","category-andere-de-2","category-futboll-de","category-sport","content_country-zvicer","content_country-austria-de","content_country-germany-de"],"acf":[],"_links":{"self":[{"href":"https:\/\/www.albinfo.ch\/de\/wp-json\/wp\/v2\/posts\/866770","targetHints":{"allow":["GET"]}}],"collection":[{"href":"https:\/\/www.albinfo.ch\/de\/wp-json\/wp\/v2\/posts"}],"about":[{"href":"https:\/\/www.albinfo.ch\/de\/wp-json\/wp\/v2\/types\/post"}],"author":[{"embeddable":true,"href":"https:\/\/www.albinfo.ch\/de\/wp-json\/wp\/v2\/users\/6"}],"replies":[{"embeddable":true,"href":"https:\/\/www.albinfo.ch\/de\/wp-json\/wp\/v2\/comments?post=866770"}],"version-history":[{"count":1,"href":"https:\/\/www.albinfo.ch\/de\/wp-json\/wp\/v2\/posts\/866770\/revisions"}],"predecessor-version":[{"id":866775,"href":"https:\/\/www.albinfo.ch\/de\/wp-json\/wp\/v2\/posts\/866770\/revisions\/866775"}],"wp:featuredmedia":[{"embeddable":true,"href":"https:\/\/www.albinfo.ch\/de\/wp-json\/wp\/v2\/media\/866603"}],"wp:attachment":[{"href":"https:\/\/www.albinfo.ch\/de\/wp-json\/wp\/v2\/media?parent=866770"}],"wp:term":[{"taxonomy":"category","embeddable":true,"href":"https:\/\/www.albinfo.ch\/de\/wp-json\/wp\/v2\/categories?post=866770"},{"taxonomy":"post_tag","embeddable":true,"href":"https:\/\/www.albinfo.ch\/de\/wp-json\/wp\/v2\/tags?post=866770"},{"taxonomy":"vendi","embeddable":true,"href":"https:\/\/www.albinfo.ch\/de\/wp-json\/wp\/v2\/vendi?post=866770"},{"taxonomy":"content_country","embeddable":true,"href":"https:\/\/www.albinfo.ch\/de\/wp-json\/wp\/v2\/content_country?post=866770"}],"curies":[{"name":"wp","href":"https:\/\/api.w.org\/{rel}","templated":true}]}}