{"id":866891,"date":"2025-10-13T16:56:16","date_gmt":"2025-10-13T14:56:16","guid":{"rendered":"https:\/\/www.albinfo.ch\/?p=866891"},"modified":"2025-10-23T16:04:08","modified_gmt":"2025-10-23T14:04:08","slug":"albanien-auf-platz-18-weltweit-in-der-cybersicherheit","status":"publish","type":"post","link":"https:\/\/www.albinfo.ch\/de\/albanien-auf-platz-18-weltweit-in-der-cybersicherheit\/","title":{"rendered":"Albanien auf Platz 18 weltweit in der Cybersicherheit"},"content":{"rendered":"<p data-start=\"1594\" data-end=\"1796\">Der albanische Premierminister Edi Rama erkl\u00e4rte heute, dass Albanien im Bereich der Cybersicherheit einen au\u00dfergew\u00f6hnlichen Erfolg erzielt habe und weltweit auf Platz 18 rangiere.<\/p>\n<p data-start=\"1798\" data-end=\"1978\">In seinem Podcast <em data-start=\"1816\" data-end=\"1824\">Flasim<\/em> sagte Rama, dass Albanien laut dem <em data-start=\"1860\" data-end=\"1891\">Cyber National Security Index<\/em> 85 Punkte erreicht und sich damit im Vergleich zu 2023 um 36 Pl\u00e4tze verbessert habe.<\/p>\n<p data-start=\"1980\" data-end=\"2561\">&#8220;Dieses Ergebnis stellt einen Anstieg um 36 Pl\u00e4tze im Vergleich zu 2023 dar, als unser Land mit 62,34 Punkten den 54. Platz belegte. Innerhalb von zwei Jahren haben wir Dutzende gro\u00dfe und erfahrene Staaten in diesem Bereich \u00fcberholt und uns zu einer der beeindruckendsten Erfolgsgeschichten in der globalen Cybersicherheit entwickelt \u2013 als Ergebnis einer umfassenden 360-Grad-Reaktion auf einen \u00e4u\u00dferst gef\u00e4hrlichen Cyberangriff gegen unsere digitale Infrastruktur, der von einem gro\u00dfen Staat mit bekannter Cyberterrorismus-Aktivit\u00e4t ausging&#8221;, betonte Rama, berichtet albinfo.ch.<\/p>\n<p data-start=\"2563\" data-end=\"2910\">Der <em data-start=\"2567\" data-end=\"2605\">National Cyber Security Index (NCSI)<\/em> ist ein internationaler Index, der den Vorbereitungsgrad der Staaten zur Verhinderung von Bedrohungen und zum Umgang mit Cybervorf\u00e4llen misst. Er wird von der <em data-start=\"2765\" data-end=\"2793\">E-Governance Academy (EGA)<\/em> in Estland entwickelt, einer weltweit anerkannten Organisation f\u00fcr digitale Regierungsf\u00fchrung und Cybersicherheit.<\/p>\n<p data-start=\"2912\" data-end=\"3177\" data-is-last-node=\"\" data-is-only-node=\"\">Der Index umfasst 112 L\u00e4nder und bewertet \u00fcber 40 Indikatoren, darunter den rechtlichen und institutionellen Rahmen, den Schutz kritischer Dienste und personenbezogener Daten, die Reaktions- und Krisenmanagementf\u00e4higkeiten sowie die internationale Zusammenarbeit.<\/p>\n","protected":false},"excerpt":{"rendered":"<p>Albanien hat eine au\u00dfergew\u00f6hnliche Leistung erzielt, indem es laut dem Cyber National Security Index 85 Punkte erreichte und sich im Vergleich zum Jahr 2023 um 36 Pl\u00e4tze verbessert hat.<\/p>\n","protected":false},"author":6,"featured_media":653820,"comment_status":"closed","ping_status":"closed","sticky":false,"template":"","format":"standard","meta":{"footnotes":""},"categories":[33056,10649,1130,24621,24635,24691,24695,1129],"tags":[],"vendi":[],"content_country":[29888,31836,31837],"class_list":["post-866891","post","type-post","status-publish","format-standard","has-post-thumbnail","hentry","category-de-balkani-de","category-albanien","category-aktuell","category-kosova-de-3","category-nachrichten-de-3","category-kuriositaeten","category-autotech-de","category-ch-balkan","content_country-zvicer","content_country-austria-de","content_country-germany-de"],"acf":[],"_links":{"self":[{"href":"https:\/\/www.albinfo.ch\/de\/wp-json\/wp\/v2\/posts\/866891","targetHints":{"allow":["GET"]}}],"collection":[{"href":"https:\/\/www.albinfo.ch\/de\/wp-json\/wp\/v2\/posts"}],"about":[{"href":"https:\/\/www.albinfo.ch\/de\/wp-json\/wp\/v2\/types\/post"}],"author":[{"embeddable":true,"href":"https:\/\/www.albinfo.ch\/de\/wp-json\/wp\/v2\/users\/6"}],"replies":[{"embeddable":true,"href":"https:\/\/www.albinfo.ch\/de\/wp-json\/wp\/v2\/comments?post=866891"}],"version-history":[{"count":1,"href":"https:\/\/www.albinfo.ch\/de\/wp-json\/wp\/v2\/posts\/866891\/revisions"}],"predecessor-version":[{"id":866892,"href":"https:\/\/www.albinfo.ch\/de\/wp-json\/wp\/v2\/posts\/866891\/revisions\/866892"}],"wp:featuredmedia":[{"embeddable":true,"href":"https:\/\/www.albinfo.ch\/de\/wp-json\/wp\/v2\/media\/653820"}],"wp:attachment":[{"href":"https:\/\/www.albinfo.ch\/de\/wp-json\/wp\/v2\/media?parent=866891"}],"wp:term":[{"taxonomy":"category","embeddable":true,"href":"https:\/\/www.albinfo.ch\/de\/wp-json\/wp\/v2\/categories?post=866891"},{"taxonomy":"post_tag","embeddable":true,"href":"https:\/\/www.albinfo.ch\/de\/wp-json\/wp\/v2\/tags?post=866891"},{"taxonomy":"vendi","embeddable":true,"href":"https:\/\/www.albinfo.ch\/de\/wp-json\/wp\/v2\/vendi?post=866891"},{"taxonomy":"content_country","embeddable":true,"href":"https:\/\/www.albinfo.ch\/de\/wp-json\/wp\/v2\/content_country?post=866891"}],"curies":[{"name":"wp","href":"https:\/\/api.w.org\/{rel}","templated":true}]}}