{"id":868520,"date":"2025-10-19T22:29:50","date_gmt":"2025-10-19T20:29:50","guid":{"rendered":"https:\/\/www.albinfo.ch\/?p=868520"},"modified":"2025-10-22T17:36:27","modified_gmt":"2025-10-22T15:36:27","slug":"rosa-fuers-leben-bashkimi-fit-vereint-die-energie-gesundheit-und-solidaritaet-der-albanischen-frauen","status":"publish","type":"post","link":"https:\/\/www.albinfo.ch\/de\/rosa-fuers-leben-bashkimi-fit-vereint-die-energie-gesundheit-und-solidaritaet-der-albanischen-frauen\/","title":{"rendered":"Rosa f\u00fcrs Leben &#8221; Bashkimi Fit &#8221; vereint die Energie, Gesundheit und Solidarit\u00e4t der albanischen Frauen"},"content":{"rendered":"<p>Im Rahmen des Pinktobers, des Monats des Bewusstseins f\u00fcr den Kampf gegen Brustkrebs, hat sich das Programm &#8221; Bashkimi Fit &#8220;, das von der Albanischen Kulturvereinigung &#8221; Bashkimi &#8221; ins Leben gerufen wurde, der globalen Sensibilisierungskampagne angeschlossen und das rosa Logo getragen\u00a0 das weltweite Symbol f\u00fcr St\u00e4rke, F\u00fcrsorge und Hoffnung f\u00fcr Frauen.<\/p>\n<p><a href=\"https:\/\/www.albinfo.ch\/wp-content\/uploads\/2025\/10\/roze-berne.jpg\"><img loading=\"lazy\" decoding=\"async\" class=\"alignnone wp-image-868459\" src=\"https:\/\/www.albinfo.ch\/wp-content\/uploads\/2025\/10\/roze-berne.jpg\" alt=\"\" width=\"450\" height=\"600\" srcset=\"https:\/\/www.albinfo.ch\/wp-content\/uploads\/2025\/10\/roze-berne.jpg 1530w, https:\/\/www.albinfo.ch\/wp-content\/uploads\/2025\/10\/roze-berne-225x300.jpg 225w, https:\/\/www.albinfo.ch\/wp-content\/uploads\/2025\/10\/roze-berne-768x1024.jpg 768w, https:\/\/www.albinfo.ch\/wp-content\/uploads\/2025\/10\/roze-berne-1152x1536.jpg 1152w, https:\/\/www.albinfo.ch\/wp-content\/uploads\/2025\/10\/roze-berne-297x396.jpg 297w, https:\/\/www.albinfo.ch\/wp-content\/uploads\/2025\/10\/roze-berne-75x100.jpg 75w, https:\/\/www.albinfo.ch\/wp-content\/uploads\/2025\/10\/roze-berne-131x175.jpg 131w\" sizes=\"auto, (max-width: 450px) 100vw, 450px\" \/><\/a><\/p>\n<p data-start=\"878\" data-end=\"1229\">Dieses Programm, das k\u00f6rperliche Aktivit\u00e4t, Musik und albanischen Tanz miteinander verbindet, hat das Ziel, einen gesunden Lebensstil, positive Energie und ein Gemeinschaftsgef\u00fchl unter albanischen Frauen zu f\u00f6rdern\u00a0 mit einer starken Botschaft: Die Sorge um den eigenen K\u00f6rper und die Gesundheit ist auch ein Akt der Selbstliebe.<\/p>\n<p data-start=\"1231\" data-end=\"1581\">Bei der im Rahmen dieses symbolischen Monats organisierten Veranstaltung traten die Teilnehmerinnen von &#8221; Bashkimi Fit &#8221; in rosa T-Shirts auf\u00a0 einer Farbe, die die Unterst\u00fctzung f\u00fcr alle Frauen verk\u00f6rpert, die gegen Brustkrebs k\u00e4mpfen. Das neue Logo \u2013 &#8221; Bashkimi Fit f\u00fcrs Leben &#8221; \u2013 wurde als Aufruf zu Einheit, St\u00e4rke und Lebensfreude pr\u00e4sentiert.<\/p>\n<p data-start=\"1583\" data-end=\"1735\" data-is-last-node=\"\" data-is-only-node=\"\">Die Atmosph\u00e4re wird stets durch albanische Musik und Lieder belebt, begleitet von traditionellen T\u00e4nzen, die den Geist unserer Kultur \u00fcberallhin tragen.<\/p>\n<p><a href=\"https:\/\/www.albinfo.ch\/wp-content\/uploads\/2025\/10\/roze-bashkimi.jpg\"><img loading=\"lazy\" decoding=\"async\" class=\"alignnone wp-image-868456\" src=\"https:\/\/www.albinfo.ch\/wp-content\/uploads\/2025\/10\/roze-bashkimi.jpg\" alt=\"\" width=\"450\" height=\"600\" srcset=\"https:\/\/www.albinfo.ch\/wp-content\/uploads\/2025\/10\/roze-bashkimi.jpg 1530w, https:\/\/www.albinfo.ch\/wp-content\/uploads\/2025\/10\/roze-bashkimi-225x300.jpg 225w, https:\/\/www.albinfo.ch\/wp-content\/uploads\/2025\/10\/roze-bashkimi-768x1024.jpg 768w, https:\/\/www.albinfo.ch\/wp-content\/uploads\/2025\/10\/roze-bashkimi-1152x1536.jpg 1152w, https:\/\/www.albinfo.ch\/wp-content\/uploads\/2025\/10\/roze-bashkimi-297x396.jpg 297w, https:\/\/www.albinfo.ch\/wp-content\/uploads\/2025\/10\/roze-bashkimi-75x100.jpg 75w, https:\/\/www.albinfo.ch\/wp-content\/uploads\/2025\/10\/roze-bashkimi-131x175.jpg 131w\" sizes=\"auto, (max-width: 450px) 100vw, 450px\" \/><\/a><\/p>\n<p data-start=\"927\" data-end=\"1222\">Durch diese Aktivit\u00e4t st\u00e4rken die Frauen des Vereins &#8221; Bashkimi &#8221; nicht nur ihre Bindungen und ihre Gemeinschaft, sondern leisten auch einen Beitrag zur Sensibilisierung f\u00fcr die Bedeutung der Fr\u00fcherkennung, der Pr\u00e4vention und der kontinuierlichen Pflege der Frauengesundheit.<\/p>\n<p data-start=\"1224\" data-end=\"1438\">Der Pinktober bei &#8221; Bashkimi Fit &#8221; ist\u00a0 \u00fcber seine Symbolik hinaus\u00a0 eine st\u00e4ndige Erinnerung daran, dass Zusammenhalt, Sport, Positivit\u00e4t und eine gesunde Einstellung Kr\u00e4fte sind, die das Leben lebendig halten.<\/p>\n<p data-start=\"1440\" data-end=\"1862\" data-is-last-node=\"\" data-is-only-node=\"\">Diese Veranstaltung, organisiert vom Albanischen Kulturverein &#8221; Bashkimi &#8221; unter der Leitung der Vorsitzenden Arbenita Surdulli, in Zusammenarbeit mit der Frauenkommission unter der Leitung von Hamide Avdiaj und mit der Teilnahme der Programmleiterinnen Teuta Kryeziu und Dr. Alida Ramaj, steht f\u00fcr das kontinuierliche Engagement des Vereins zur F\u00f6rderung von Wohlbefinden, Bewusstsein und Solidarit\u00e4t in der Gemeinschaft.<\/p>\n","protected":false},"excerpt":{"rendered":"<p>Bei der im Rahmen dieses symbolischen Monats organisierten Veranstaltung traten die Teilnehmerinnen von &#8221; Bashkimi Fit &#8221; in rosa T-Shirts gemeinsam auf.<\/p>\n","protected":false},"author":6,"featured_media":868467,"comment_status":"closed","ping_status":"closed","sticky":false,"template":"","format":"standard","meta":{"footnotes":""},"categories":[33333,24636,1134,1135,1136,24631,1133],"tags":[],"vendi":[31855],"content_country":[29888,31836,31837],"class_list":["post-868520","post","type-post","status-publish","format-standard","has-post-thumbnail","hentry","category-vereinigungen","category-nachrichten-de-4","category-integration","category-frauen","category-sprachen","category-nachrichten-de-2","category-e-diaspora-de","vendi-bern-de","content_country-zvicer","content_country-austria-de","content_country-germany-de"],"acf":[],"_links":{"self":[{"href":"https:\/\/www.albinfo.ch\/de\/wp-json\/wp\/v2\/posts\/868520","targetHints":{"allow":["GET"]}}],"collection":[{"href":"https:\/\/www.albinfo.ch\/de\/wp-json\/wp\/v2\/posts"}],"about":[{"href":"https:\/\/www.albinfo.ch\/de\/wp-json\/wp\/v2\/types\/post"}],"author":[{"embeddable":true,"href":"https:\/\/www.albinfo.ch\/de\/wp-json\/wp\/v2\/users\/6"}],"replies":[{"embeddable":true,"href":"https:\/\/www.albinfo.ch\/de\/wp-json\/wp\/v2\/comments?post=868520"}],"version-history":[{"count":1,"href":"https:\/\/www.albinfo.ch\/de\/wp-json\/wp\/v2\/posts\/868520\/revisions"}],"predecessor-version":[{"id":868525,"href":"https:\/\/www.albinfo.ch\/de\/wp-json\/wp\/v2\/posts\/868520\/revisions\/868525"}],"wp:featuredmedia":[{"embeddable":true,"href":"https:\/\/www.albinfo.ch\/de\/wp-json\/wp\/v2\/media\/868467"}],"wp:attachment":[{"href":"https:\/\/www.albinfo.ch\/de\/wp-json\/wp\/v2\/media?parent=868520"}],"wp:term":[{"taxonomy":"category","embeddable":true,"href":"https:\/\/www.albinfo.ch\/de\/wp-json\/wp\/v2\/categories?post=868520"},{"taxonomy":"post_tag","embeddable":true,"href":"https:\/\/www.albinfo.ch\/de\/wp-json\/wp\/v2\/tags?post=868520"},{"taxonomy":"vendi","embeddable":true,"href":"https:\/\/www.albinfo.ch\/de\/wp-json\/wp\/v2\/vendi?post=868520"},{"taxonomy":"content_country","embeddable":true,"href":"https:\/\/www.albinfo.ch\/de\/wp-json\/wp\/v2\/content_country?post=868520"}],"curies":[{"name":"wp","href":"https:\/\/api.w.org\/{rel}","templated":true}]}}