{"id":869262,"date":"2025-10-22T18:58:47","date_gmt":"2025-10-22T16:58:47","guid":{"rendered":"https:\/\/www.albinfo.ch\/?p=869262"},"modified":"2025-10-22T18:59:06","modified_gmt":"2025-10-22T16:59:06","slug":"tedi-papavrami-kommt-nach-kosovo-um-das-festival-remusica-2025-zu-eroeffnen","status":"publish","type":"post","link":"https:\/\/www.albinfo.ch\/de\/tedi-papavrami-kommt-nach-kosovo-um-das-festival-remusica-2025-zu-eroeffnen\/","title":{"rendered":"Tedi Papavrami kommt nach Kosovo, um das Festival \u201eReMusica 2025\u201c zu er\u00f6ffnen."},"content":{"rendered":"<p data-start=\"1875\" data-end=\"2096\">Vom 27. bis 31. Oktober 2025 werden die St\u00e4dte Prishtina und Prizren zu Zentren zeitgen\u00f6ssischer Musik, anl\u00e4sslich der 24. Ausgabe des Internationalen Musikfestivals &#8221; ReMusica &#8220;, schreibt albinfo.ch.<\/p>\n<p data-start=\"2098\" data-end=\"2381\">In diesem Jahr steht das Festival unter dem Thema &#8221; Kontraste&#8221; und l\u00e4dt zu einer Reise zwischen Tradition und Moderne in der Musik ein. Das Programm zielt darauf ab, aufzuzeigen, wie unterschiedliche k\u00fcnstlerische Welten in einen lebendigen und inspirierenden Dialog treten k\u00f6nnen.<\/p>\n<p data-start=\"2383\" data-end=\"2746\">W\u00e4hrend der f\u00fcnf Festivaltage hat das Publikum die M\u00f6glichkeit, 18 Konzerte zu besuchen und \u00fcber 160 K\u00fcnstlerinnen und K\u00fcnstler aus dem Kosovo und anderen europ\u00e4ischen L\u00e4ndern zu erleben. Neben den Auftritten international bekannter K\u00fcnstler bietet die diesj\u00e4hrige Ausgabe auch Aktivit\u00e4ten, die die Bildungs- und Gemeinschaftsdimension des Festivals bereichern:<\/p>\n<p data-start=\"2748\" data-end=\"2963\">\u2022 ReMusica Junior , ein spezielles Programm f\u00fcr Kinder und Jugendliche,<br data-start=\"2819\" data-end=\"2822\" \/>\u2022 ReNew Plattform , eine Pr\u00e4sentation aufstrebender junger K\u00fcnstler,<br data-start=\"2890\" data-end=\"2893\" \/>\u2022 Pocket Concerts , intime Konzerte an alternativen Orten der Stadt.<\/p>\n<p data-start=\"2965\" data-end=\"3222\">Das Er\u00f6ffnungskonzert findet am 27. Oktober um 19:00 Uhr in der katholischen Kirche &#8221; Sh\u00ebn Ndou &#8220;<\/p>\n<p data-start=\"2965\" data-end=\"3222\">in Prishtina statt. Auftreten werden der Geiger Tedi Papavrami und die Pianistin Maki Okada, begleitet vom ReVocal Ensemble unter der Leitung von Rafet Rudi.<\/p>\n<p data-start=\"3224\" data-end=\"3778\" data-is-last-node=\"\" data-is-only-node=\"\">Der bekannte Geigenvirtuose Tedi Papavrami bringt seine meisterhafte Kunst und musikalische Sensibilit\u00e4t auf die B\u00fchne in Prishtina, als Teil des Er\u00f6ffnungskonzerts des Festivals &#8221; ReMusica 2025 &#8220;. Mit einer internationalen Karriere, die sich \u00fcber mehrere Jahrzehnte erstreckt, und Kooperationen mit den renommiertesten Orchestern Europas verspricht Papavrami ein au\u00dfergew\u00f6hnliches k\u00fcnstlerisches Erlebnis f\u00fcr das kosovarische Publikum und er\u00f6ffnet damit eine der reichhaltigsten Ausgaben des zeitgen\u00f6ssischen Musikfestivals im Land. \/Albinfo.ch<\/p>\n","protected":false},"excerpt":{"rendered":"<p>Die Magie der Violine von Tedi Papavrami kommt ins Herz von Pristina.<\/p>\n","protected":false},"author":6,"featured_media":570221,"comment_status":"closed","ping_status":"closed","sticky":false,"template":"","format":"standard","meta":{"footnotes":""},"categories":[33056,24636,24659,24635,1110],"tags":[],"vendi":[],"content_country":[],"class_list":["post-869262","post","type-post","status-publish","format-standard","has-post-thumbnail","hentry","category-de-balkani-de","category-nachrichten-de-4","category-musik","category-nachrichten-de-3","category-unkategorisiert"],"acf":[],"_links":{"self":[{"href":"https:\/\/www.albinfo.ch\/de\/wp-json\/wp\/v2\/posts\/869262","targetHints":{"allow":["GET"]}}],"collection":[{"href":"https:\/\/www.albinfo.ch\/de\/wp-json\/wp\/v2\/posts"}],"about":[{"href":"https:\/\/www.albinfo.ch\/de\/wp-json\/wp\/v2\/types\/post"}],"author":[{"embeddable":true,"href":"https:\/\/www.albinfo.ch\/de\/wp-json\/wp\/v2\/users\/6"}],"replies":[{"embeddable":true,"href":"https:\/\/www.albinfo.ch\/de\/wp-json\/wp\/v2\/comments?post=869262"}],"version-history":[{"count":1,"href":"https:\/\/www.albinfo.ch\/de\/wp-json\/wp\/v2\/posts\/869262\/revisions"}],"predecessor-version":[{"id":869263,"href":"https:\/\/www.albinfo.ch\/de\/wp-json\/wp\/v2\/posts\/869262\/revisions\/869263"}],"wp:featuredmedia":[{"embeddable":true,"href":"https:\/\/www.albinfo.ch\/de\/wp-json\/wp\/v2\/media\/570221"}],"wp:attachment":[{"href":"https:\/\/www.albinfo.ch\/de\/wp-json\/wp\/v2\/media?parent=869262"}],"wp:term":[{"taxonomy":"category","embeddable":true,"href":"https:\/\/www.albinfo.ch\/de\/wp-json\/wp\/v2\/categories?post=869262"},{"taxonomy":"post_tag","embeddable":true,"href":"https:\/\/www.albinfo.ch\/de\/wp-json\/wp\/v2\/tags?post=869262"},{"taxonomy":"vendi","embeddable":true,"href":"https:\/\/www.albinfo.ch\/de\/wp-json\/wp\/v2\/vendi?post=869262"},{"taxonomy":"content_country","embeddable":true,"href":"https:\/\/www.albinfo.ch\/de\/wp-json\/wp\/v2\/content_country?post=869262"}],"curies":[{"name":"wp","href":"https:\/\/api.w.org\/{rel}","templated":true}]}}