{"id":870413,"date":"2025-10-27T21:03:59","date_gmt":"2025-10-27T20:03:59","guid":{"rendered":"https:\/\/www.albinfo.ch\/?p=870413"},"modified":"2025-10-27T21:27:22","modified_gmt":"2025-10-27T20:27:22","slug":"speakoda-die-albaner-zwischen-drei-generationen-in-der-schweiz","status":"publish","type":"post","link":"https:\/\/www.albinfo.ch\/de\/speakoda-die-albaner-zwischen-drei-generationen-in-der-schweiz\/","title":{"rendered":"SPEAK@ODA Die Albaner zwischen drei Generationen in der Schweiz"},"content":{"rendered":"<p data-start=\"752\" data-end=\"1033\">Die Medienplattform<strong> albinfo.ch<\/strong> l\u00e4dt in Zusammenarbeit mit CH-APEN alle Interessierten zur inspirierenden Veranstaltung SPEAK@ODA ein, bei der Albanerinnen und Albaner aus der Schweiz aus drei Generationen ihre Erfahrungen, Erfolge und Herausforderungen teilen.<\/p>\n<p data-start=\"1035\" data-end=\"1058\">Das Programm umfasst:<\/p>\n<p data-start=\"1060\" data-end=\"1154\">Inspirierende Erz\u00e4hlungen von drei Generationen von Albanerinnen und Albanern in der Schweiz<\/p>\n<p data-start=\"1156\" data-end=\"1234\">K\u00fcnstlerische Ausstellung und Dokumentarfilm, gewidmet den drei Generationen<\/p>\n<p data-start=\"1236\" data-end=\"1346\">Pr\u00e4sentationen \u00fcber die Herausforderungen und Erfolge der gr\u00f6\u00dften albanischen Organisationen in der Schweiz:<\/p>\n<p data-start=\"1348\" data-end=\"1598\" data-is-last-node=\"\" data-is-only-node=\"\">Verband der Albanischen \u00c4rztinnen und \u00c4rzte in der Schweiz<br data-start=\"1406\" data-end=\"1409\" \/>Verband der Albanischen Ingenieurinnen und Ingenieure in der Schweiz<br data-start=\"1477\" data-end=\"1480\" \/>Netzwerk der Albanischen Diaspora-Unternehmen in der Schweiz<br data-start=\"1540\" data-end=\"1543\" \/>Versammlung der Albanerinnen und Albaner in der Schweiz<\/p>\n<figure id=\"attachment_870326\" aria-describedby=\"caption-attachment-870326\" style=\"width: 640px\" class=\"wp-caption alignnone\"><a href=\"https:\/\/www.albinfo.ch\/wp-content\/uploads\/2025\/10\/speak-oda-5.jpg\"><img loading=\"lazy\" decoding=\"async\" class=\"size-large wp-image-870326\" src=\"https:\/\/www.albinfo.ch\/wp-content\/uploads\/2025\/10\/speak-oda-5-1024x576.jpg\" alt=\"\" width=\"640\" height=\"360\" srcset=\"https:\/\/www.albinfo.ch\/wp-content\/uploads\/2025\/10\/speak-oda-5-1024x576.jpg 1024w, https:\/\/www.albinfo.ch\/wp-content\/uploads\/2025\/10\/speak-oda-5-300x169.jpg 300w, https:\/\/www.albinfo.ch\/wp-content\/uploads\/2025\/10\/speak-oda-5-768x432.jpg 768w, https:\/\/www.albinfo.ch\/wp-content\/uploads\/2025\/10\/speak-oda-5-1536x864.jpg 1536w, https:\/\/www.albinfo.ch\/wp-content\/uploads\/2025\/10\/speak-oda-5-182x101.jpg 182w, https:\/\/www.albinfo.ch\/wp-content\/uploads\/2025\/10\/speak-oda-5-790x443.jpg 790w, https:\/\/www.albinfo.ch\/wp-content\/uploads\/2025\/10\/speak-oda-5-587x330.jpg 587w, https:\/\/www.albinfo.ch\/wp-content\/uploads\/2025\/10\/speak-oda-5-178x100.jpg 178w, https:\/\/www.albinfo.ch\/wp-content\/uploads\/2025\/10\/speak-oda-5-265x149.jpg 265w, https:\/\/www.albinfo.ch\/wp-content\/uploads\/2025\/10\/speak-oda-5.jpg 1920w\" sizes=\"auto, (max-width: 640px) 100vw, 640px\" \/><\/a><figcaption id=\"caption-attachment-870326\" class=\"wp-caption-text\">RRBDSH &#8211; Netzwerk der Albanischen Diaspora-Unternehmen in der Schweiz<\/figcaption><\/figure>\n<figure id=\"attachment_870329\" aria-describedby=\"caption-attachment-870329\" style=\"width: 640px\" class=\"wp-caption alignnone\"><a href=\"https:\/\/www.albinfo.ch\/wp-content\/uploads\/2025\/10\/speak-oda-4.jpg\"><img loading=\"lazy\" decoding=\"async\" class=\"size-large wp-image-870329\" src=\"https:\/\/www.albinfo.ch\/wp-content\/uploads\/2025\/10\/speak-oda-4-1024x576.jpg\" alt=\"\" width=\"640\" height=\"360\" srcset=\"https:\/\/www.albinfo.ch\/wp-content\/uploads\/2025\/10\/speak-oda-4-1024x576.jpg 1024w, https:\/\/www.albinfo.ch\/wp-content\/uploads\/2025\/10\/speak-oda-4-300x169.jpg 300w, https:\/\/www.albinfo.ch\/wp-content\/uploads\/2025\/10\/speak-oda-4-768x432.jpg 768w, https:\/\/www.albinfo.ch\/wp-content\/uploads\/2025\/10\/speak-oda-4-1536x864.jpg 1536w, https:\/\/www.albinfo.ch\/wp-content\/uploads\/2025\/10\/speak-oda-4-182x101.jpg 182w, https:\/\/www.albinfo.ch\/wp-content\/uploads\/2025\/10\/speak-oda-4-790x443.jpg 790w, https:\/\/www.albinfo.ch\/wp-content\/uploads\/2025\/10\/speak-oda-4-587x330.jpg 587w, https:\/\/www.albinfo.ch\/wp-content\/uploads\/2025\/10\/speak-oda-4-178x100.jpg 178w, https:\/\/www.albinfo.ch\/wp-content\/uploads\/2025\/10\/speak-oda-4-265x149.jpg 265w, https:\/\/www.albinfo.ch\/wp-content\/uploads\/2025\/10\/speak-oda-4.jpg 1920w\" sizes=\"auto, (max-width: 640px) 100vw, 640px\" \/><\/a><figcaption id=\"caption-attachment-870329\" class=\"wp-caption-text\">Verband der Albanischen \u00c4rztinnen und \u00c4rzte der Schweiz<\/figcaption><\/figure>\n<figure id=\"attachment_870338\" aria-describedby=\"caption-attachment-870338\" style=\"width: 640px\" class=\"wp-caption alignnone\"><a href=\"https:\/\/www.albinfo.ch\/wp-content\/uploads\/2025\/10\/speak-oda-3.jpg\"><img loading=\"lazy\" decoding=\"async\" class=\"size-large wp-image-870332\" src=\"https:\/\/www.albinfo.ch\/wp-content\/uploads\/2025\/10\/speak-oda-3-1024x576.jpg\" alt=\"\" width=\"640\" height=\"360\" srcset=\"https:\/\/www.albinfo.ch\/wp-content\/uploads\/2025\/10\/speak-oda-3-1024x576.jpg 1024w, https:\/\/www.albinfo.ch\/wp-content\/uploads\/2025\/10\/speak-oda-3-300x169.jpg 300w, https:\/\/www.albinfo.ch\/wp-content\/uploads\/2025\/10\/speak-oda-3-768x432.jpg 768w, https:\/\/www.albinfo.ch\/wp-content\/uploads\/2025\/10\/speak-oda-3-1536x864.jpg 1536w, https:\/\/www.albinfo.ch\/wp-content\/uploads\/2025\/10\/speak-oda-3-182x101.jpg 182w, https:\/\/www.albinfo.ch\/wp-content\/uploads\/2025\/10\/speak-oda-3-790x443.jpg 790w, https:\/\/www.albinfo.ch\/wp-content\/uploads\/2025\/10\/speak-oda-3-587x330.jpg 587w, https:\/\/www.albinfo.ch\/wp-content\/uploads\/2025\/10\/speak-oda-3-178x100.jpg 178w, https:\/\/www.albinfo.ch\/wp-content\/uploads\/2025\/10\/speak-oda-3-265x149.jpg 265w, https:\/\/www.albinfo.ch\/wp-content\/uploads\/2025\/10\/speak-oda-3.jpg 1920w\" sizes=\"auto, (max-width: 640px) 100vw, 640px\" \/><\/a><figcaption id=\"caption-attachment-870338\" class=\"wp-caption-text\">Versammlung der Albanerinnen und Albaner der Schweiz<\/figcaption><\/figure>\n<p><a href=\"https:\/\/www.albinfo.ch\/wp-content\/uploads\/2025\/10\/speak-oda-2.jpg\"><img loading=\"lazy\" decoding=\"async\" class=\"size-large wp-image-870338\" src=\"https:\/\/www.albinfo.ch\/wp-content\/uploads\/2025\/10\/speak-oda-2-1024x576.jpg\" alt=\"\" width=\"640\" height=\"360\" srcset=\"https:\/\/www.albinfo.ch\/wp-content\/uploads\/2025\/10\/speak-oda-2-1024x576.jpg 1024w, https:\/\/www.albinfo.ch\/wp-content\/uploads\/2025\/10\/speak-oda-2-300x169.jpg 300w, https:\/\/www.albinfo.ch\/wp-content\/uploads\/2025\/10\/speak-oda-2-768x432.jpg 768w, https:\/\/www.albinfo.ch\/wp-content\/uploads\/2025\/10\/speak-oda-2-1536x864.jpg 1536w, https:\/\/www.albinfo.ch\/wp-content\/uploads\/2025\/10\/speak-oda-2-182x101.jpg 182w, https:\/\/www.albinfo.ch\/wp-content\/uploads\/2025\/10\/speak-oda-2-790x443.jpg 790w, https:\/\/www.albinfo.ch\/wp-content\/uploads\/2025\/10\/speak-oda-2-587x330.jpg 587w, https:\/\/www.albinfo.ch\/wp-content\/uploads\/2025\/10\/speak-oda-2-178x100.jpg 178w, https:\/\/www.albinfo.ch\/wp-content\/uploads\/2025\/10\/speak-oda-2-265x149.jpg 265w, https:\/\/www.albinfo.ch\/wp-content\/uploads\/2025\/10\/speak-oda-2.jpg 1920w\" sizes=\"auto, (max-width: 640px) 100vw, 640px\" \/><\/a><\/p>\n<article class=\"text-token-text-primary w-full focus:outline-none [--shadow-height:45px] has-data-writing-block:pointer-events-none has-data-writing-block:-mt-(--shadow-height) has-data-writing-block:pt-(--shadow-height) [&amp;:has([data-writing-block])&gt;*]:pointer-events-auto [content-visibility:auto] supports-[content-visibility:auto]:[contain-intrinsic-size:auto_100lvh] scroll-mt-[calc(var(--header-height)+min(200px,max(70px,20svh)))]\" dir=\"auto\" tabindex=\"-1\" data-turn-id=\"request-WEB:ffa46b18-c3eb-4065-94bf-d508c57d0bec-8\" data-testid=\"conversation-turn-18\" data-scroll-anchor=\"true\" data-turn=\"assistant\">\n<div class=\"text-base my-auto mx-auto pb-10 [--thread-content-margin:--spacing(4)] thread-sm:[--thread-content-margin:--spacing(6)] thread-lg:[--thread-content-margin:--spacing(16)] px-(--thread-content-margin)\">\n<div class=\"[--thread-content-max-width:40rem] thread-lg:[--thread-content-max-width:48rem] mx-auto max-w-(--thread-content-max-width) flex-1 group\/turn-messages focus-visible:outline-hidden relative flex w-full min-w-0 flex-col agent-turn\" tabindex=\"-1\">\n<div class=\"flex max-w-full flex-col grow\">\n<div class=\"min-h-8 text-message relative flex w-full flex-col items-end gap-2 text-start break-words whitespace-normal [.text-message+&amp;]:mt-1\" dir=\"auto\" data-message-author-role=\"assistant\" data-message-id=\"f8cc152b-98bb-468b-b93c-2ee6f3794efb\" data-message-model-slug=\"gpt-5\">\n<div class=\"flex w-full flex-col gap-1 empty:hidden first:pt-[1px]\">\n<div class=\"markdown prose dark:prose-invert w-full break-words light markdown-new-styling\">\n<p data-start=\"651\" data-end=\"897\">Im Rahmen dieser Veranstaltung wird CH-APEN den Business Franga Club einweihen \u2013 ein symbolischer Schritt zur Anerkennung der Albanerinnen und Albaner in der Schweiz als w\u00fcrdiger Teil des schweizerischen Gesellschaftsmosaiks.<\/p>\n<p data-start=\"899\" data-end=\"1010\">K\u00fcnstlerischer Teil: musikalischer Auftritt von Trina Haliti, einem der jungen Talente der albanischen Musik.<\/p>\n<p data-start=\"1012\" data-end=\"1089\">Nach dem Programm: gemeinsames Abendessen mit den G\u00e4sten und Teilnehmenden.<\/p>\n<p data-start=\"1091\" data-end=\"1217\">Der Abend wird von dem bekannten Schauspieler Fatmir Spahiu (Bufi) und dem Redaktor von albinfo.ch, Bekim Dalipi, moderiert.<\/p>\n<p data-start=\"1219\" data-end=\"1345\">Verpassen Sie nicht dieses Ereignis, das Erinnerung, Identit\u00e4t und albanischen Erfolg \u00fcber drei Generationen hinweg vereint!<\/p>\n<p data-start=\"1347\" data-end=\"1375\" data-is-last-node=\"\" data-is-only-node=\"\">Reservieren Sie Ihren Platz:<\/p>\n<\/div>\n<\/div>\n<\/div>\n<\/div>\n<\/div>\n<\/div>\n<\/article>\n<p data-start=\"0\" data-end=\"208\"><a href=\"https:\/\/eventfrog.ch\/de\/p\/diverses\/speak-oda-7387132647217077795.html\">linku <\/a><\/p>\n","protected":false},"excerpt":{"rendered":"<p>Restaurant Letzigrund, Badenerstrasse 526, Z\u00fcrich, 22. November 2025 &#8211; 18:00 Uhr<\/p>\n","protected":false},"author":6,"featured_media":870337,"comment_status":"closed","ping_status":"closed","sticky":false,"template":"","format":"standard","meta":{"footnotes":""},"categories":[33333,34872,34900,1133],"tags":[],"vendi":[],"content_country":[],"class_list":["post-870413","post","type-post","status-publish","format-standard","has-post-thumbnail","hentry","category-vereinigungen","category-evente-de","category-integration-3","category-e-diaspora-de"],"acf":[],"_links":{"self":[{"href":"https:\/\/www.albinfo.ch\/de\/wp-json\/wp\/v2\/posts\/870413","targetHints":{"allow":["GET"]}}],"collection":[{"href":"https:\/\/www.albinfo.ch\/de\/wp-json\/wp\/v2\/posts"}],"about":[{"href":"https:\/\/www.albinfo.ch\/de\/wp-json\/wp\/v2\/types\/post"}],"author":[{"embeddable":true,"href":"https:\/\/www.albinfo.ch\/de\/wp-json\/wp\/v2\/users\/6"}],"replies":[{"embeddable":true,"href":"https:\/\/www.albinfo.ch\/de\/wp-json\/wp\/v2\/comments?post=870413"}],"version-history":[{"count":2,"href":"https:\/\/www.albinfo.ch\/de\/wp-json\/wp\/v2\/posts\/870413\/revisions"}],"predecessor-version":[{"id":870438,"href":"https:\/\/www.albinfo.ch\/de\/wp-json\/wp\/v2\/posts\/870413\/revisions\/870438"}],"wp:featuredmedia":[{"embeddable":true,"href":"https:\/\/www.albinfo.ch\/de\/wp-json\/wp\/v2\/media\/870337"}],"wp:attachment":[{"href":"https:\/\/www.albinfo.ch\/de\/wp-json\/wp\/v2\/media?parent=870413"}],"wp:term":[{"taxonomy":"category","embeddable":true,"href":"https:\/\/www.albinfo.ch\/de\/wp-json\/wp\/v2\/categories?post=870413"},{"taxonomy":"post_tag","embeddable":true,"href":"https:\/\/www.albinfo.ch\/de\/wp-json\/wp\/v2\/tags?post=870413"},{"taxonomy":"vendi","embeddable":true,"href":"https:\/\/www.albinfo.ch\/de\/wp-json\/wp\/v2\/vendi?post=870413"},{"taxonomy":"content_country","embeddable":true,"href":"https:\/\/www.albinfo.ch\/de\/wp-json\/wp\/v2\/content_country?post=870413"}],"curies":[{"name":"wp","href":"https:\/\/api.w.org\/{rel}","templated":true}]}}