{"id":871970,"date":"2025-11-02T21:32:06","date_gmt":"2025-11-02T20:32:06","guid":{"rendered":"https:\/\/www.albinfo.ch\/?p=871970"},"modified":"2025-11-02T21:32:34","modified_gmt":"2025-11-02T20:32:34","slug":"kroatien-mit-dem-groessten-anstieg-der-pizzapreise-in-der-europaeischen-union","status":"publish","type":"post","link":"https:\/\/www.albinfo.ch\/de\/kroatien-mit-dem-groessten-anstieg-der-pizzapreise-in-der-europaeischen-union\/","title":{"rendered":"Kroatien mit dem gr\u00f6\u00dften Anstieg der Pizzapreise in der Europ\u00e4ischen Union"},"content":{"rendered":"<p data-start=\"1526\" data-end=\"1689\">Kroatien verzeichnete im vergangenen Jahr den gr\u00f6\u00dften Anstieg der Pizzapreise in der Europ\u00e4ischen Union, laut den neuesten Daten von Eurostat.<\/p>\n<p data-start=\"1691\" data-end=\"1996\">Zwischen August 2024 und August 2025 stieg der durchschnittliche Preis f\u00fcr Pizza in Kroatien um 7,2 %. Dahinter folgt Lettland mit 6,6 %, w\u00e4hrend Ungarn, Griechenland und Rum\u00e4nien Zuw\u00e4chse zwischen 5 % und 5,3 % meldeten. In der gesamten EU stiegen die Preise f\u00fcr dieses Gericht durchschnittlich um 1 %.<\/p>\n<p data-start=\"1998\" data-end=\"2307\">Im Gegensatz dazu verzeichneten einige westeurop\u00e4ische L\u00e4nder R\u00fcckg\u00e4nge. Luxemburg verzeichnete den st\u00e4rksten R\u00fcckgang mit -2,9 %, gefolgt von D\u00e4nemark (-2,4 %) und Irland (-1,8 %). Kleinere R\u00fcckg\u00e4nge wurden auch in Spanien, Belgien, Deutschland und Finnland beobachtet, schreibt Scan, berichtet albinfo.ch.<\/p>\n<p data-start=\"2309\" data-end=\"2467\">Der Anstieg der Kosten f\u00fcr Zutaten, insbesondere f\u00fcr Mehl, K\u00e4se, Gem\u00fcse und Fleisch, hat sich direkt auf die Preise in Restaurants und Pizzerien ausgewirkt.<\/p>\n<p data-start=\"2469\" data-end=\"2627\">Dar\u00fcber hinaus haben h\u00f6here Energiepreise, Lieferkosten und steigende L\u00f6hne im Gastgewerbe zu einer allgemeinen Ausweitung der Betriebsausgaben beigetragen.<\/p>\n<p data-start=\"2629\" data-end=\"2909\" data-is-last-node=\"\" data-is-only-node=\"\">Trotz der Preissteigerung bleibt die kroatische Pizza eines der beliebtesten Gerichte bei Einheimischen und Besuchern. Zudem erhalten lokale Pizzab\u00e4cker immer mehr Anerkennung, w\u00e4hrend die heimische K\u00fcche f\u00fcr die Qualit\u00e4t ihrer Zutaten und ihre Kreativit\u00e4t zunehmend bekannt wird.<\/p>\n","protected":false},"excerpt":{"rendered":"<p>Trotz der Preissteigerung bleibt die kroatische Pizza eines der beliebtesten Gerichte bei Einheimischen und Besuchern.<\/p>\n","protected":false},"author":6,"featured_media":272984,"comment_status":"closed","ping_status":"closed","sticky":false,"template":"","format":"standard","meta":{"footnotes":""},"categories":[1157,1110],"tags":[],"vendi":[],"content_country":[],"class_list":["post-871970","post","type-post","status-publish","format-standard","has-post-thumbnail","hentry","category-welt","category-unkategorisiert"],"acf":[],"_links":{"self":[{"href":"https:\/\/www.albinfo.ch\/de\/wp-json\/wp\/v2\/posts\/871970","targetHints":{"allow":["GET"]}}],"collection":[{"href":"https:\/\/www.albinfo.ch\/de\/wp-json\/wp\/v2\/posts"}],"about":[{"href":"https:\/\/www.albinfo.ch\/de\/wp-json\/wp\/v2\/types\/post"}],"author":[{"embeddable":true,"href":"https:\/\/www.albinfo.ch\/de\/wp-json\/wp\/v2\/users\/6"}],"replies":[{"embeddable":true,"href":"https:\/\/www.albinfo.ch\/de\/wp-json\/wp\/v2\/comments?post=871970"}],"version-history":[{"count":1,"href":"https:\/\/www.albinfo.ch\/de\/wp-json\/wp\/v2\/posts\/871970\/revisions"}],"predecessor-version":[{"id":871971,"href":"https:\/\/www.albinfo.ch\/de\/wp-json\/wp\/v2\/posts\/871970\/revisions\/871971"}],"wp:featuredmedia":[{"embeddable":true,"href":"https:\/\/www.albinfo.ch\/de\/wp-json\/wp\/v2\/media\/272984"}],"wp:attachment":[{"href":"https:\/\/www.albinfo.ch\/de\/wp-json\/wp\/v2\/media?parent=871970"}],"wp:term":[{"taxonomy":"category","embeddable":true,"href":"https:\/\/www.albinfo.ch\/de\/wp-json\/wp\/v2\/categories?post=871970"},{"taxonomy":"post_tag","embeddable":true,"href":"https:\/\/www.albinfo.ch\/de\/wp-json\/wp\/v2\/tags?post=871970"},{"taxonomy":"vendi","embeddable":true,"href":"https:\/\/www.albinfo.ch\/de\/wp-json\/wp\/v2\/vendi?post=871970"},{"taxonomy":"content_country","embeddable":true,"href":"https:\/\/www.albinfo.ch\/de\/wp-json\/wp\/v2\/content_country?post=871970"}],"curies":[{"name":"wp","href":"https:\/\/api.w.org\/{rel}","templated":true}]}}