{"id":872354,"date":"2025-11-04T19:22:31","date_gmt":"2025-11-04T18:22:31","guid":{"rendered":"https:\/\/www.albinfo.ch\/?p=872354"},"modified":"2025-11-05T01:06:22","modified_gmt":"2025-11-05T00:06:22","slug":"vlora-marina-du-reve-a-la-realite","status":"publish","type":"post","link":"https:\/\/www.albinfo.ch\/de\/vlora-marina-du-reve-a-la-realite\/","title":{"rendered":"Vlora Marina, vom Traum zur Realit\u00e4t"},"content":{"rendered":"<article class=\"text-token-text-primary w-full focus:outline-none [--shadow-height:45px] has-data-writing-block:pointer-events-none has-data-writing-block:-mt-(--shadow-height) has-data-writing-block:pt-(--shadow-height) [&amp;:has([data-writing-block])&gt;*]:pointer-events-auto [content-visibility:auto] supports-[content-visibility:auto]:[contain-intrinsic-size:auto_100lvh] scroll-mt-[calc(var(--header-height)+min(200px,max(70px,20svh)))]\" dir=\"auto\" tabindex=\"-1\" data-turn-id=\"request-690a264e-6424-8328-ab9f-aa4bd0543a80-7\" data-testid=\"conversation-turn-62\" data-scroll-anchor=\"true\" data-turn=\"assistant\">\n<div class=\"text-base my-auto mx-auto pb-10 [--thread-content-margin:--spacing(4)] thread-sm:[--thread-content-margin:--spacing(6)] thread-lg:[--thread-content-margin:--spacing(16)] px-(--thread-content-margin)\">\n<div class=\"[--thread-content-max-width:40rem] thread-lg:[--thread-content-max-width:48rem] mx-auto max-w-(--thread-content-max-width) flex-1 group\/turn-messages focus-visible:outline-hidden relative flex w-full min-w-0 flex-col agent-turn\" tabindex=\"-1\">\n<div class=\"flex max-w-full flex-col grow\">\n<div class=\"min-h-8 text-message relative flex w-full flex-col items-end gap-2 text-start break-words whitespace-normal [.text-message+&amp;]:mt-1\" dir=\"auto\" data-message-author-role=\"assistant\" data-message-id=\"9be10b59-2251-4633-8854-aa6e60d24bd3\" data-message-model-slug=\"gpt-5\">\n<div class=\"flex w-full flex-col gap-1 empty:hidden first:pt-[1px]\">\n<div class=\"markdown prose dark:prose-invert w-full break-words light markdown-new-styling\">\n<p data-start=\"531\" data-end=\"1052\" data-is-last-node=\"\" data-is-only-node=\"\">Die Bauarbeiten an der Vlora Marina sind in eine entscheidende Phase eingetreten und markieren konkrete Fortschritte bei der Umsetzung einer der wichtigsten Investitionen an der albanischen K\u00fcste. Derzeit liegt der Fortschritt in mehreren der ersten Bauabschnitte bei bis zu 25 %, und bei dem aktuellen Tempo wird erwartet, dass die ersten Einheiten bis 2027 vollst\u00e4ndig fertiggestellt sind. Jede Bauphase wird mit besonderer Sorgfalt in Bezug auf Qualit\u00e4t und Nachhaltigkeit durchgef\u00fchrt.<\/p>\n<\/div>\n<\/div>\n<\/div>\n<\/div>\n<\/div>\n<\/div>\n<\/article>\n<p><a href=\"https:\/\/www.albinfo.ch\/wp-content\/uploads\/2025\/11\/2.jpg\"><img loading=\"lazy\" decoding=\"async\" class=\"wp-image-872267\" src=\"https:\/\/www.albinfo.ch\/wp-content\/uploads\/2025\/11\/2.jpg\" alt=\"\" width=\"627\" height=\"470\" srcset=\"https:\/\/www.albinfo.ch\/wp-content\/uploads\/2025\/11\/2.jpg 1000w, https:\/\/www.albinfo.ch\/wp-content\/uploads\/2025\/11\/2-300x225.jpg 300w, https:\/\/www.albinfo.ch\/wp-content\/uploads\/2025\/11\/2-768x576.jpg 768w, https:\/\/www.albinfo.ch\/wp-content\/uploads\/2025\/11\/2-528x396.jpg 528w, https:\/\/www.albinfo.ch\/wp-content\/uploads\/2025\/11\/2-133x100.jpg 133w, https:\/\/www.albinfo.ch\/wp-content\/uploads\/2025\/11\/2-233x175.jpg 233w\" sizes=\"auto, (max-width: 627px) 100vw, 627px\" \/><\/a><\/p>\n<p data-start=\"1010\" data-end=\"1387\">Aus diesem Grund wurde Vlora Marina vor kurzem von der IFC und der Weltbankgruppe in der Entwurfsphase mit der EDGE-Zertifizierung ausgezeichnet\u00a0 basierend auf Energieeffizienz, Wassereinsparung und der Verwendung von Materialien, die den CO\u2082-Aussto\u00df in der Umwelt verringern. Ziel ist es, neue Standards im Bau von K\u00fcstenprojekten zu setzen.<\/p>\n<p data-start=\"1389\" data-end=\"1716\">Der Baufortschritt stellt einen gro\u00dfen Schritt in Richtung der st\u00e4dtischen und touristischen Entwicklung von Vlora dar. Diese moderne Entwicklung wird voraussichtlich bedeutende wirtschaftliche Vorteile f\u00fcr die Stadt und das Land bringen, hochwertigen Tourismus f\u00f6rdern und Besucher, Investoren sowie neue Einwohner anziehen.<\/p>\n<p data-start=\"1718\" data-end=\"2004\" data-is-last-node=\"\" data-is-only-node=\"\">Vlora Marina wird zum ersten Mal in Albanien einen Yachthafen nach internationalen Standards bieten, mit \u00fcber 400 Liegepl\u00e4tzen f\u00fcr Yachten und Megayachten, unter der Beratung des renommierten D-Marin-Netzwerks, das im Mittelmeerraum und in den Vereinigten Arabischen Emiraten t\u00e4tig ist.<\/p>\n<p><a href=\"https:\/\/www.albinfo.ch\/wp-content\/uploads\/2025\/11\/3.png\"><img loading=\"lazy\" decoding=\"async\" class=\"alignnone size-large wp-image-872270\" src=\"https:\/\/www.albinfo.ch\/wp-content\/uploads\/2025\/11\/3-1024x530.png\" alt=\"\" width=\"640\" height=\"331\" srcset=\"https:\/\/www.albinfo.ch\/wp-content\/uploads\/2025\/11\/3-1024x530.png 1024w, https:\/\/www.albinfo.ch\/wp-content\/uploads\/2025\/11\/3-300x155.png 300w, https:\/\/www.albinfo.ch\/wp-content\/uploads\/2025\/11\/3-768x398.png 768w, https:\/\/www.albinfo.ch\/wp-content\/uploads\/2025\/11\/3-1536x795.png 1536w, https:\/\/www.albinfo.ch\/wp-content\/uploads\/2025\/11\/3-587x304.png 587w, https:\/\/www.albinfo.ch\/wp-content\/uploads\/2025\/11\/3-180x93.png 180w, https:\/\/www.albinfo.ch\/wp-content\/uploads\/2025\/11\/3-265x137.png 265w, https:\/\/www.albinfo.ch\/wp-content\/uploads\/2025\/11\/3.png 1785w\" sizes=\"auto, (max-width: 640px) 100vw, 640px\" \/><\/a><\/p>\n<p>Neben dem Yachthafen umfasst das Projekt den Bau von \u00fcber 800 Premium-Apartments direkt am Meer, die f\u00fcr einen modernen Lebensstil konzipiert sind\u00a0 mit exklusiven Dienstleistungen sowie Bereichen f\u00fcr Entspannung, Unterhaltung und Wohlbefinden.<br data-start=\"813\" data-end=\"816\" data-is-only-node=\"\" \/>Ein weiteres wichtiges Element ist das erste Marriott-Hotel an der albanischen K\u00fcste, das zus\u00e4tzlich 150 Markenapartments umfassen wird.<br data-start=\"952\" data-end=\"955\" \/>Diese Einheiten verbinden den Komfort des t\u00e4glichen Lebens mit dem Luxus und den Dienstleistungen eines internationalen Hotels.<\/p>\n<p><a href=\"https:\/\/www.albinfo.ch\/wp-content\/uploads\/2025\/11\/4.png\"><img loading=\"lazy\" decoding=\"async\" class=\"alignnone size-large wp-image-872273\" src=\"https:\/\/www.albinfo.ch\/wp-content\/uploads\/2025\/11\/4-1024x601.png\" alt=\"\" width=\"640\" height=\"376\" srcset=\"https:\/\/www.albinfo.ch\/wp-content\/uploads\/2025\/11\/4-1024x601.png 1024w, https:\/\/www.albinfo.ch\/wp-content\/uploads\/2025\/11\/4-300x176.png 300w, https:\/\/www.albinfo.ch\/wp-content\/uploads\/2025\/11\/4-768x451.png 768w, https:\/\/www.albinfo.ch\/wp-content\/uploads\/2025\/11\/4-1536x902.png 1536w, https:\/\/www.albinfo.ch\/wp-content\/uploads\/2025\/11\/4-587x345.png 587w, https:\/\/www.albinfo.ch\/wp-content\/uploads\/2025\/11\/4-170x100.png 170w, https:\/\/www.albinfo.ch\/wp-content\/uploads\/2025\/11\/4-265x156.png 265w, https:\/\/www.albinfo.ch\/wp-content\/uploads\/2025\/11\/4.png 1558w\" sizes=\"auto, (max-width: 640px) 100vw, 640px\" \/><\/a><\/p>\n<p>Mit einer klaren Vision und einem konstanten Arbeitstempo verwandelt sich Vlora Marina schnell in Realit\u00e4t und positioniert Vlora als neues Zentrum f\u00fcr Tourismus und Investitionen, das leicht \u00fcber See, Land und Luft erreichbar ist.<\/p>\n<p><a href=\"https:\/\/www.albinfo.ch\/wp-content\/uploads\/2025\/11\/5-scaled.jpg\"><img loading=\"lazy\" decoding=\"async\" class=\"alignnone size-large wp-image-872276\" src=\"https:\/\/www.albinfo.ch\/wp-content\/uploads\/2025\/11\/5-1024x576.jpg\" alt=\"\" width=\"640\" height=\"360\" srcset=\"https:\/\/www.albinfo.ch\/wp-content\/uploads\/2025\/11\/5-1024x576.jpg 1024w, https:\/\/www.albinfo.ch\/wp-content\/uploads\/2025\/11\/5-300x169.jpg 300w, https:\/\/www.albinfo.ch\/wp-content\/uploads\/2025\/11\/5-768x432.jpg 768w, https:\/\/www.albinfo.ch\/wp-content\/uploads\/2025\/11\/5-1536x864.jpg 1536w, https:\/\/www.albinfo.ch\/wp-content\/uploads\/2025\/11\/5-2048x1152.jpg 2048w, https:\/\/www.albinfo.ch\/wp-content\/uploads\/2025\/11\/5-182x101.jpg 182w, https:\/\/www.albinfo.ch\/wp-content\/uploads\/2025\/11\/5-790x443.jpg 790w, https:\/\/www.albinfo.ch\/wp-content\/uploads\/2025\/11\/5-587x330.jpg 587w, https:\/\/www.albinfo.ch\/wp-content\/uploads\/2025\/11\/5-178x100.jpg 178w, https:\/\/www.albinfo.ch\/wp-content\/uploads\/2025\/11\/5-265x149.jpg 265w\" sizes=\"auto, (max-width: 640px) 100vw, 640px\" \/><\/a><\/p>\n<p>&nbsp;<\/p>\n","protected":false},"excerpt":{"rendered":"<p>Die Bauarbeiten an der Vlora Marina sind in eine entscheidende Phase eingetreten und markieren konkrete Fortschritte bei der Umsetzung einer der wichtigsten Investitionen an der albanischen K\u00fcste. Derzeit liegt der Fortschritt in mehreren der ersten Bauabschnitte bei bis zu 25 %, und bei dem aktuellen Tempo wird erwartet, dass die ersten Einheiten bis 2027 vollst\u00e4ndig [&hellip;]<\/p>\n","protected":false},"author":6,"featured_media":872266,"comment_status":"closed","ping_status":"closed","sticky":false,"template":"","format":"standard","meta":{"footnotes":""},"categories":[33056,34910,3982,23264,23269,23262,24622,1110],"tags":[],"vendi":[],"content_country":[29888,31836,31837],"class_list":["post-872354","post","type-post","status-publish","format-standard","has-post-thumbnail","hentry","category-de-balkani-de","category-andere-de-4","category-unternehmen-de","category-albania","category-news","category-at-balkani-de","category-albanien-de","category-unkategorisiert","content_country-zvicer","content_country-austria-de","content_country-germany-de"],"acf":[],"_links":{"self":[{"href":"https:\/\/www.albinfo.ch\/de\/wp-json\/wp\/v2\/posts\/872354","targetHints":{"allow":["GET"]}}],"collection":[{"href":"https:\/\/www.albinfo.ch\/de\/wp-json\/wp\/v2\/posts"}],"about":[{"href":"https:\/\/www.albinfo.ch\/de\/wp-json\/wp\/v2\/types\/post"}],"author":[{"embeddable":true,"href":"https:\/\/www.albinfo.ch\/de\/wp-json\/wp\/v2\/users\/6"}],"replies":[{"embeddable":true,"href":"https:\/\/www.albinfo.ch\/de\/wp-json\/wp\/v2\/comments?post=872354"}],"version-history":[{"count":5,"href":"https:\/\/www.albinfo.ch\/de\/wp-json\/wp\/v2\/posts\/872354\/revisions"}],"predecessor-version":[{"id":872403,"href":"https:\/\/www.albinfo.ch\/de\/wp-json\/wp\/v2\/posts\/872354\/revisions\/872403"}],"wp:featuredmedia":[{"embeddable":true,"href":"https:\/\/www.albinfo.ch\/de\/wp-json\/wp\/v2\/media\/872266"}],"wp:attachment":[{"href":"https:\/\/www.albinfo.ch\/de\/wp-json\/wp\/v2\/media?parent=872354"}],"wp:term":[{"taxonomy":"category","embeddable":true,"href":"https:\/\/www.albinfo.ch\/de\/wp-json\/wp\/v2\/categories?post=872354"},{"taxonomy":"post_tag","embeddable":true,"href":"https:\/\/www.albinfo.ch\/de\/wp-json\/wp\/v2\/tags?post=872354"},{"taxonomy":"vendi","embeddable":true,"href":"https:\/\/www.albinfo.ch\/de\/wp-json\/wp\/v2\/vendi?post=872354"},{"taxonomy":"content_country","embeddable":true,"href":"https:\/\/www.albinfo.ch\/de\/wp-json\/wp\/v2\/content_country?post=872354"}],"curies":[{"name":"wp","href":"https:\/\/api.w.org\/{rel}","templated":true}]}}