{"id":873789,"date":"2025-11-10T22:59:31","date_gmt":"2025-11-10T21:59:31","guid":{"rendered":"https:\/\/www.albinfo.ch\/?p=873789"},"modified":"2025-11-11T01:05:50","modified_gmt":"2025-11-11T00:05:50","slug":"irische-touristen-waehlen-albanien-als-die-malediven-europas","status":"publish","type":"post","link":"https:\/\/www.albinfo.ch\/de\/irische-touristen-waehlen-albanien-als-die-malediven-europas\/","title":{"rendered":"Irische Touristen w\u00e4hlen Albanien als die \u201cMalediven Europas\u201d"},"content":{"rendered":"<p data-start=\"1844\" data-end=\"2125\">Die Malediven bleiben eines der Traumziele f\u00fcr den Urlaub, doch f\u00fcr viele Reisende sind sie weit entfernt und teuer. Das bekannte irische Magazin <em data-start=\"2009\" data-end=\"2015\">RSVP<\/em> schreibt, dass eine n\u00e4here und deutlich g\u00fcnstigere Alternative immer mehr an Beliebtheit gewinnt: Albanien.<\/p>\n<p data-start=\"2127\" data-end=\"2451\">Mit seinen wei\u00dfen Sandstr\u00e4nden, kristallklaren Gew\u00e4ssern und atemberaubenden mediterranen Landschaften wird unser Land immer h\u00e4ufiger als die \u201cMalediven Europas\u201d bezeichnet. Im Gegensatz zu den \u00fcberf\u00fcllten Urlaubszielen des Kontinents bewahrt Albanien noch immer seine Ruhe und erschwingliche Preise, berichtet albinfo.ch.<\/p>\n<p data-start=\"2453\" data-end=\"2740\">Laut <em data-start=\"2458\" data-end=\"2464\">RSVP<\/em> kostet eine Woche auf den Malediven in der Hochsaison \u00fcber 2 300 Euro f\u00fcr zwei Personen\u00a0 ohne Flugtickets. In Albanien hingegen findet man luxuri\u00f6se Unterk\u00fcnfte direkt am Meer f\u00fcr etwa 23 Euro pro Nacht, w\u00e4hrend ein komplettes Abendessen mit Getr\u00e4nken rund 18 Euro kostet.<\/p>\n<p data-start=\"2742\" data-end=\"2967\">Die albanische Riviera mit ihrem t\u00fcrkisblauen Wasser und ihren panoramischen Str\u00e4nden zieht dank der Bilder in den sozialen Netzwerken, die h\u00e4ufig mit den Malediven verglichen werden, immer mehr internationale Touristen an.<\/p>\n<p data-start=\"2969\" data-end=\"3242\">Auch Fl\u00fcge von Irland nach Albanien sind g\u00fcnstig. Zwar gibt es keine Direktverbindung von Dublin nach Tirana, aber Reisende k\u00f6nnen mit einem Zwischenstopp \u00fcber M\u00fcnchen, Frankfurt, Br\u00fcssel oder Z\u00fcrich fliegen\u00a0 mit Hin und R\u00fcckflugpreisen ab 142 Euro, je nach Reisedatum.<\/p>\n<p data-start=\"3244\" data-end=\"3386\">Eine weitere Option ist die Reise zur Insel Korfu (Griechenland), von wo aus F\u00e4hren zur albanischen Riviera etwa 18 Euro pro Strecke kosten.<\/p>\n<p data-start=\"3388\" data-end=\"3573\" data-is-last-node=\"\" data-is-only-node=\"\">Dank der Kombination aus niedrigen Preisen, nat\u00fcrlicher Sch\u00f6nheit und Gastfreundschaft entwickelt sich Albanien im Jahr 2025 zu einem der attraktivsten Reiseziele f\u00fcr irische Touristen.<\/p>\n<p>&nbsp;<\/p>\n","protected":false},"excerpt":{"rendered":"<p>Die Malediven bleiben eines der Traumziele f\u00fcr den Urlaub, doch f\u00fcr viele Reisende sind sie weit entfernt und teuer. Das bekannte irische Magazin RSVP schreibt, dass eine n\u00e4here und deutlich g\u00fcnstigere Alternative immer mehr an Beliebtheit gewinnt: Albanien. Mit seinen wei\u00dfen Sandstr\u00e4nden, kristallklaren Gew\u00e4ssern und atemberaubenden mediterranen Landschaften wird unser Land immer h\u00e4ufiger als die [&hellip;]<\/p>\n","protected":false},"author":6,"featured_media":873790,"comment_status":"closed","ping_status":"closed","sticky":false,"template":"","format":"standard","meta":{"footnotes":""},"categories":[10649,23264,1130,23269,24622,24635,24656,1129],"tags":[],"vendi":[],"content_country":[],"class_list":["post-873789","post","type-post","status-publish","format-standard","has-post-thumbnail","hentry","category-albanien","category-albania","category-aktuell","category-news","category-albanien-de","category-nachrichten-de-3","category-tourismus","category-ch-balkan"],"acf":[],"_links":{"self":[{"href":"https:\/\/www.albinfo.ch\/de\/wp-json\/wp\/v2\/posts\/873789","targetHints":{"allow":["GET"]}}],"collection":[{"href":"https:\/\/www.albinfo.ch\/de\/wp-json\/wp\/v2\/posts"}],"about":[{"href":"https:\/\/www.albinfo.ch\/de\/wp-json\/wp\/v2\/types\/post"}],"author":[{"embeddable":true,"href":"https:\/\/www.albinfo.ch\/de\/wp-json\/wp\/v2\/users\/6"}],"replies":[{"embeddable":true,"href":"https:\/\/www.albinfo.ch\/de\/wp-json\/wp\/v2\/comments?post=873789"}],"version-history":[{"count":2,"href":"https:\/\/www.albinfo.ch\/de\/wp-json\/wp\/v2\/posts\/873789\/revisions"}],"predecessor-version":[{"id":873792,"href":"https:\/\/www.albinfo.ch\/de\/wp-json\/wp\/v2\/posts\/873789\/revisions\/873792"}],"wp:featuredmedia":[{"embeddable":true,"href":"https:\/\/www.albinfo.ch\/de\/wp-json\/wp\/v2\/media\/873790"}],"wp:attachment":[{"href":"https:\/\/www.albinfo.ch\/de\/wp-json\/wp\/v2\/media?parent=873789"}],"wp:term":[{"taxonomy":"category","embeddable":true,"href":"https:\/\/www.albinfo.ch\/de\/wp-json\/wp\/v2\/categories?post=873789"},{"taxonomy":"post_tag","embeddable":true,"href":"https:\/\/www.albinfo.ch\/de\/wp-json\/wp\/v2\/tags?post=873789"},{"taxonomy":"vendi","embeddable":true,"href":"https:\/\/www.albinfo.ch\/de\/wp-json\/wp\/v2\/vendi?post=873789"},{"taxonomy":"content_country","embeddable":true,"href":"https:\/\/www.albinfo.ch\/de\/wp-json\/wp\/v2\/content_country?post=873789"}],"curies":[{"name":"wp","href":"https:\/\/api.w.org\/{rel}","templated":true}]}}