{"id":874021,"date":"2025-11-11T23:36:06","date_gmt":"2025-11-11T22:36:06","guid":{"rendered":"https:\/\/www.albinfo.ch\/?p=874021"},"modified":"2025-11-13T00:32:54","modified_gmt":"2025-11-12T23:32:54","slug":"bauen-als-mission-der-weg-von-jasmin-ibraimi-in-der-schweiz","status":"publish","type":"post","link":"https:\/\/www.albinfo.ch\/de\/bauen-als-mission-der-weg-von-jasmin-ibraimi-in-der-schweiz\/","title":{"rendered":"Bauen als Mission: der Weg von Jasmin Ibraimi in der Schweiz"},"content":{"rendered":"<p>Jasmin Ibraimi, mit Wurzeln in Negotina im Polog-Gebiet Nordmazedoniens, hat in der Schweiz eine erfolgreiche Geschichte im Bauwesen aufgebaut. Seine Leidenschaft f\u00fcr das Bauen begann schon in jungen Jahren und ist im Laufe der Jahre immer weiter gewachsen. Vor 12 Jahren hatte er den Mut, das Unternehmen <strong>AkkoTech Bauunternehmen in Winterthur<\/strong> zu gr\u00fcnden, das heute auf dem Schweizer Markt einen hervorragenden Ruf und gro\u00dfes Vertrauen genie\u00dft.<\/p>\n<p><a href=\"https:\/\/www.albinfo.ch\/wp-content\/uploads\/2025\/11\/jasmin-ndertim-scaled.jpg\"><img loading=\"lazy\" decoding=\"async\" class=\"alignnone wp-image-873618\" src=\"https:\/\/www.albinfo.ch\/wp-content\/uploads\/2025\/11\/jasmin-ndertim-scaled.jpg\" alt=\"\" width=\"600\" height=\"374\" srcset=\"https:\/\/www.albinfo.ch\/wp-content\/uploads\/2025\/11\/jasmin-ndertim-scaled.jpg 2560w, https:\/\/www.albinfo.ch\/wp-content\/uploads\/2025\/11\/jasmin-ndertim-300x187.jpg 300w, https:\/\/www.albinfo.ch\/wp-content\/uploads\/2025\/11\/jasmin-ndertim-1024x638.jpg 1024w, https:\/\/www.albinfo.ch\/wp-content\/uploads\/2025\/11\/jasmin-ndertim-768x479.jpg 768w, https:\/\/www.albinfo.ch\/wp-content\/uploads\/2025\/11\/jasmin-ndertim-1536x957.jpg 1536w, https:\/\/www.albinfo.ch\/wp-content\/uploads\/2025\/11\/jasmin-ndertim-2048x1276.jpg 2048w, https:\/\/www.albinfo.ch\/wp-content\/uploads\/2025\/11\/jasmin-ndertim-587x366.jpg 587w, https:\/\/www.albinfo.ch\/wp-content\/uploads\/2025\/11\/jasmin-ndertim-160x100.jpg 160w, https:\/\/www.albinfo.ch\/wp-content\/uploads\/2025\/11\/jasmin-ndertim-265x165.jpg 265w\" sizes=\"auto, (max-width: 600px) 100vw, 600px\" \/><\/a><\/p>\n<p data-start=\"1308\" data-end=\"1378\"><strong data-start=\"1327\" data-end=\"1376\">Die erste Herausforderung: Vertrauen gewinnen<\/strong><\/p>\n<p data-start=\"1380\" data-end=\"1837\">Die ersten Jahre waren die schwierigsten. Jasmin erz\u00e4hlt, dass die gr\u00f6\u00dfte Herausforderung darin bestand, sich Glaubw\u00fcrdigkeit auf dem Markt zu erarbeiten.<br data-start=\"1534\" data-end=\"1537\" \/>\u201cObwohl ich die Schweizer Staatsb\u00fcrgerschaft hatte, begegneten mir Architekten und Investoren oft mit Skepsis. Doch durch Genauigkeit, Professionalit\u00e4t und Qualit\u00e4t brachte jedes abgeschlossene Projekt Zufriedenheit und neues Vertrauen und \u00f6ffnete uns die T\u00fcren f\u00fcr weitere Auftr\u00e4ge,\u201d berichtet er.<\/p>\n<p data-start=\"1839\" data-end=\"1868\"><strong data-start=\"1839\" data-end=\"1866\">Der Stolz auf den Beruf<\/strong><\/p>\n<p data-start=\"1870\" data-end=\"2152\">F\u00fcr Jasmin ist jedes erfolgreich abgeschlossene Projekt und jeder zufriedene Kunde ein Erfolg f\u00fcr sich.<br data-start=\"1973\" data-end=\"1976\" \/>\u201cWenn Architekten dich loben und Investoren ihre Zufriedenheit ausdr\u00fccken, ist das die gr\u00f6\u00dfte Freude. Jedes Projekt tr\u00e4gt ein besonderes Gef\u00fchl von Stolz in sich,\u201d betont er.<\/p>\n<p data-start=\"2154\" data-end=\"2194\"><strong data-start=\"2154\" data-end=\"2192\">Botschaft an die albanische Jugend<\/strong><\/p>\n<p data-start=\"2196\" data-end=\"2601\" data-is-last-node=\"\" data-is-only-node=\"\">An die jungen Albaner, die in die Baubranche einsteigen m\u00f6chten, richtet er folgende Worte:<br data-start=\"2287\" data-end=\"2290\" \/>\u201cHabt keine Angst vor harter Arbeit. Es stimmt, dass das Bauwesen viel verlangt, aber wenn man es mit Herz und Leidenschaft macht, wird die Arbeit zur Freude. Ich habe mit 16 Jahren angefangen, und mit jedem Jahr ist meine Liebe zu diesem Beruf gewachsen. Arbeit mit Hingabe bringt immer Ergebnisse und Erfolg.\u201d<\/p>\n<p><a href=\"https:\/\/www.albinfo.ch\/wp-content\/uploads\/2025\/11\/dsc_1894-scaled.jpg\"><img loading=\"lazy\" decoding=\"async\" class=\"alignnone wp-image-873612\" src=\"https:\/\/www.albinfo.ch\/wp-content\/uploads\/2025\/11\/dsc_1894-scaled.jpg\" alt=\"\" width=\"417\" height=\"600\" srcset=\"https:\/\/www.albinfo.ch\/wp-content\/uploads\/2025\/11\/dsc_1894-scaled.jpg 1779w, https:\/\/www.albinfo.ch\/wp-content\/uploads\/2025\/11\/dsc_1894-208x300.jpg 208w, https:\/\/www.albinfo.ch\/wp-content\/uploads\/2025\/11\/dsc_1894-712x1024.jpg 712w, https:\/\/www.albinfo.ch\/wp-content\/uploads\/2025\/11\/dsc_1894-768x1105.jpg 768w, https:\/\/www.albinfo.ch\/wp-content\/uploads\/2025\/11\/dsc_1894-1067x1536.jpg 1067w, https:\/\/www.albinfo.ch\/wp-content\/uploads\/2025\/11\/dsc_1894-1423x2048.jpg 1423w, https:\/\/www.albinfo.ch\/wp-content\/uploads\/2025\/11\/dsc_1894-275x396.jpg 275w, https:\/\/www.albinfo.ch\/wp-content\/uploads\/2025\/11\/dsc_1894-69x100.jpg 69w, https:\/\/www.albinfo.ch\/wp-content\/uploads\/2025\/11\/dsc_1894-122x175.jpg 122w\" sizes=\"auto, (max-width: 417px) 100vw, 417px\" \/><\/a><\/p>\n<p data-start=\"613\" data-end=\"862\">Ibraimi stellt mit Stolz fest, dass Albaner in der Schweiz zunehmend Schl\u00fcsselpositionen einnehmen \u2013 nicht nur im Bauwesen, sondern auch in anderen Bereichen.<br data-start=\"790\" data-end=\"793\" \/>\u201cDie Albaner machen in allen Sektoren gro\u00dfe Fortschritte\u201d, sagt er.<\/p>\n<p data-start=\"864\" data-end=\"1170\">Auf die Frage, welche F\u00e4higkeiten in diesem Beruf am wichtigsten sind, erinnert er sich an einen Rat, den er von seinem Vater erhalten hat: \u201cMach die Arbeit, die du liebst. Wenn dir deine Arbeit keine Freude bereitet, dann ist es nicht der richtige Weg. Die Liebe zum Beruf ist der Schl\u00fcssel zum Erfolg.\u201d<\/p>\n<p data-start=\"1172\" data-end=\"1202\" data-is-last-node=\"\" data-is-only-node=\"\"><strong data-start=\"1172\" data-end=\"1202\" data-is-last-node=\"\">Das Leben als \u201cBaumeister\u201d<\/strong><\/p>\n<p><a href=\"https:\/\/www.albinfo.ch\/wp-content\/uploads\/2025\/11\/ndertim-jasmin-scaled.jpg\"><img loading=\"lazy\" decoding=\"async\" class=\"alignnone wp-image-873624\" src=\"https:\/\/www.albinfo.ch\/wp-content\/uploads\/2025\/11\/ndertim-jasmin-scaled.jpg\" alt=\"\" width=\"600\" height=\"400\" srcset=\"https:\/\/www.albinfo.ch\/wp-content\/uploads\/2025\/11\/ndertim-jasmin-scaled.jpg 2560w, https:\/\/www.albinfo.ch\/wp-content\/uploads\/2025\/11\/ndertim-jasmin-300x200.jpg 300w, https:\/\/www.albinfo.ch\/wp-content\/uploads\/2025\/11\/ndertim-jasmin-1024x683.jpg 1024w, https:\/\/www.albinfo.ch\/wp-content\/uploads\/2025\/11\/ndertim-jasmin-768x512.jpg 768w, https:\/\/www.albinfo.ch\/wp-content\/uploads\/2025\/11\/ndertim-jasmin-1536x1024.jpg 1536w, https:\/\/www.albinfo.ch\/wp-content\/uploads\/2025\/11\/ndertim-jasmin-2048x1365.jpg 2048w, https:\/\/www.albinfo.ch\/wp-content\/uploads\/2025\/11\/ndertim-jasmin-210x141.jpg 210w, https:\/\/www.albinfo.ch\/wp-content\/uploads\/2025\/11\/ndertim-jasmin-587x391.jpg 587w, https:\/\/www.albinfo.ch\/wp-content\/uploads\/2025\/11\/ndertim-jasmin-150x100.jpg 150w, https:\/\/www.albinfo.ch\/wp-content\/uploads\/2025\/11\/ndertim-jasmin-263x175.jpg 263w\" sizes=\"auto, (max-width: 600px) 100vw, 600px\" \/><\/a><\/p>\n<p data-start=\"738\" data-end=\"1183\">Als Bauleiter (Baumeister) beginnt sein Tag mit Projekten von den Fundamenten an (Tief- und Rohbau) und endet mit der \u00dcberwachung jedes technischen Details.<br data-start=\"913\" data-end=\"916\" \/>An sein erstes Projekt erinnert er sich als an eine gro\u00dfe Herausforderung \u2013 nicht nur materiell, sondern auch finanziell. \u201cEs war eine schwierige Erfahrung, aber sie ist mir als unvergessliche Erinnerung geblieben und hat mir die Kraft gegeben, niemals aufzugeben.\u201d<\/p>\n<p data-start=\"1185\" data-end=\"1489\" data-is-last-node=\"\" data-is-only-node=\"\">Sein Ziel ist es, dass die Firma AkkoTech weiterhin erfolgreich besteht. \u201cMein Wunsch ist es, diesen Weg mit Korrektheit und Professionalit\u00e4t fortzusetzen. Wenn die Zeit kommt, eines Tages aufzuh\u00f6ren, soll es mit W\u00fcrde geschehen \u2013 mit Dank an alle, die uns ihr Vertrauen geschenkt haben,\u201d schlie\u00dft er ab.<\/p>\n<p><a href=\"https:\/\/www.albinfo.ch\/wp-content\/uploads\/2025\/11\/dsc_1946-scaled.jpg\"><img loading=\"lazy\" decoding=\"async\" class=\"alignnone wp-image-873601\" src=\"https:\/\/www.albinfo.ch\/wp-content\/uploads\/2025\/11\/dsc_1946-scaled.jpg\" alt=\"\" width=\"600\" height=\"393\" srcset=\"https:\/\/www.albinfo.ch\/wp-content\/uploads\/2025\/11\/dsc_1946-scaled.jpg 2560w, https:\/\/www.albinfo.ch\/wp-content\/uploads\/2025\/11\/dsc_1946-300x197.jpg 300w, https:\/\/www.albinfo.ch\/wp-content\/uploads\/2025\/11\/dsc_1946-1024x671.jpg 1024w, https:\/\/www.albinfo.ch\/wp-content\/uploads\/2025\/11\/dsc_1946-768x503.jpg 768w, https:\/\/www.albinfo.ch\/wp-content\/uploads\/2025\/11\/dsc_1946-1536x1007.jpg 1536w, https:\/\/www.albinfo.ch\/wp-content\/uploads\/2025\/11\/dsc_1946-2048x1343.jpg 2048w, https:\/\/www.albinfo.ch\/wp-content\/uploads\/2025\/11\/dsc_1946-87x56.jpg 87w, https:\/\/www.albinfo.ch\/wp-content\/uploads\/2025\/11\/dsc_1946-587x385.jpg 587w, https:\/\/www.albinfo.ch\/wp-content\/uploads\/2025\/11\/dsc_1946-153x100.jpg 153w, https:\/\/www.albinfo.ch\/wp-content\/uploads\/2025\/11\/dsc_1946-265x175.jpg 265w\" sizes=\"auto, (max-width: 600px) 100vw, 600px\" \/><\/a><\/p>\n<p data-start=\"356\" data-end=\"428\"><strong>Albaner, zunehmend in Schl\u00fcsselpositionen vertreten<\/strong><\/p>\n<p data-start=\"430\" data-end=\"664\" data-is-last-node=\"\" data-is-only-node=\"\"><strong>Ibrahimi stellt mit Stolz fest, dass Albaner in der Schweiz immer h\u00e4ufiger Schl\u00fcsselpositionen einnehmen\u00a0 nicht nur im Bauwesen, sondern auch in anderen Bereichen.<\/strong><br data-start=\"594\" data-end=\"597\" \/><strong>\u201cDie Albaner machen in allen Sektoren gro\u00dfe Fortschritte\u201d, sagt er.<\/strong><\/p>\n","protected":false},"excerpt":{"rendered":"<p>Vor 12 Jahren hatte er den Mut, das Unternehmen AkkoTech Bauunternehmen in Winterthur zu gr\u00fcnden, das heute auf dem Schweizer Markt \u00fcber einen hervorragenden Ruf und gro\u00dfes Vertrauen verf\u00fcgt.<\/p>\n","protected":false},"author":6,"featured_media":873600,"comment_status":"closed","ping_status":"closed","sticky":false,"template":"","format":"standard","meta":{"footnotes":""},"categories":[34900,34922,3982,1134,1141,3981,11228,1133,1140],"tags":[],"vendi":[],"content_country":[29888,31836,31837],"class_list":["post-874021","post","type-post","status-publish","format-standard","has-post-thumbnail","hentry","category-integration-3","category-die-baumeister-der-schweiz","category-unternehmen-de","category-integration","category-themen","category-unternehmen-cat","category-ekonomi-de","category-e-diaspora-de","category-leben-in-der-schweiz","content_country-zvicer","content_country-austria-de","content_country-germany-de"],"acf":[],"_links":{"self":[{"href":"https:\/\/www.albinfo.ch\/de\/wp-json\/wp\/v2\/posts\/874021","targetHints":{"allow":["GET"]}}],"collection":[{"href":"https:\/\/www.albinfo.ch\/de\/wp-json\/wp\/v2\/posts"}],"about":[{"href":"https:\/\/www.albinfo.ch\/de\/wp-json\/wp\/v2\/types\/post"}],"author":[{"embeddable":true,"href":"https:\/\/www.albinfo.ch\/de\/wp-json\/wp\/v2\/users\/6"}],"replies":[{"embeddable":true,"href":"https:\/\/www.albinfo.ch\/de\/wp-json\/wp\/v2\/comments?post=874021"}],"version-history":[{"count":1,"href":"https:\/\/www.albinfo.ch\/de\/wp-json\/wp\/v2\/posts\/874021\/revisions"}],"predecessor-version":[{"id":874022,"href":"https:\/\/www.albinfo.ch\/de\/wp-json\/wp\/v2\/posts\/874021\/revisions\/874022"}],"wp:featuredmedia":[{"embeddable":true,"href":"https:\/\/www.albinfo.ch\/de\/wp-json\/wp\/v2\/media\/873600"}],"wp:attachment":[{"href":"https:\/\/www.albinfo.ch\/de\/wp-json\/wp\/v2\/media?parent=874021"}],"wp:term":[{"taxonomy":"category","embeddable":true,"href":"https:\/\/www.albinfo.ch\/de\/wp-json\/wp\/v2\/categories?post=874021"},{"taxonomy":"post_tag","embeddable":true,"href":"https:\/\/www.albinfo.ch\/de\/wp-json\/wp\/v2\/tags?post=874021"},{"taxonomy":"vendi","embeddable":true,"href":"https:\/\/www.albinfo.ch\/de\/wp-json\/wp\/v2\/vendi?post=874021"},{"taxonomy":"content_country","embeddable":true,"href":"https:\/\/www.albinfo.ch\/de\/wp-json\/wp\/v2\/content_country?post=874021"}],"curies":[{"name":"wp","href":"https:\/\/api.w.org\/{rel}","templated":true}]}}