{"id":874215,"date":"2025-11-12T21:59:16","date_gmt":"2025-11-12T20:59:16","guid":{"rendered":"https:\/\/www.albinfo.ch\/?p=874215"},"modified":"2025-11-12T21:59:54","modified_gmt":"2025-11-12T20:59:54","slug":"von-der-schweiz-nach-pristina-albanische-aerzte-inspirieren-die-neue-generation-von-medizinstudierenden","status":"publish","type":"post","link":"https:\/\/www.albinfo.ch\/de\/von-der-schweiz-nach-pristina-albanische-aerzte-inspirieren-die-neue-generation-von-medizinstudierenden\/","title":{"rendered":"Von der Schweiz nach Pristina: albanische \u00c4rzte inspirieren die neue Generation von Medizinstudierenden"},"content":{"rendered":"<p data-start=\"631\" data-end=\"980\">Zum ersten Mal fand die \u201cSwiss Medical School\u201d in direkter Zusammenarbeit mit dem Dekanat der Medizinischen Fakult\u00e4t der Universit\u00e4t Pristina statt und markierte damit einen neuen Schritt in der Vertiefung der akademischen Zusammenarbeit zwischen dem Verband der Albanischen \u00c4rzte in der Schweiz und den Universit\u00e4ten im Kosovo.<\/p>\n<p data-start=\"982\" data-end=\"1269\" data-is-last-node=\"\" data-is-only-node=\"\">Am 8. und 9. November 2025 fand in den R\u00e4umlichkeiten der Medizinischen Fakult\u00e4t diese bedeutende wissenschaftliche Veranstaltung statt, organisiert vom Verband der Albanischen \u00c4rzte in der Schweiz (LMSHZ) in Zusammenarbeit mit der Organisation der Medizinstudierenden des Kosovo (KOMS).<\/p>\n<p><a href=\"https:\/\/www.albinfo.ch\/wp-content\/uploads\/2025\/11\/576077827_18087096551505156_2729496831261626899_n.jpg\"><img loading=\"lazy\" decoding=\"async\" class=\"alignnone wp-image-874044\" src=\"https:\/\/www.albinfo.ch\/wp-content\/uploads\/2025\/11\/576077827_18087096551505156_2729496831261626899_n-1024x683.jpg\" alt=\"\" width=\"600\" height=\"400\" srcset=\"https:\/\/www.albinfo.ch\/wp-content\/uploads\/2025\/11\/576077827_18087096551505156_2729496831261626899_n-1024x683.jpg 1024w, https:\/\/www.albinfo.ch\/wp-content\/uploads\/2025\/11\/576077827_18087096551505156_2729496831261626899_n-300x200.jpg 300w, https:\/\/www.albinfo.ch\/wp-content\/uploads\/2025\/11\/576077827_18087096551505156_2729496831261626899_n-768x512.jpg 768w, https:\/\/www.albinfo.ch\/wp-content\/uploads\/2025\/11\/576077827_18087096551505156_2729496831261626899_n-210x141.jpg 210w, https:\/\/www.albinfo.ch\/wp-content\/uploads\/2025\/11\/576077827_18087096551505156_2729496831261626899_n-587x391.jpg 587w, https:\/\/www.albinfo.ch\/wp-content\/uploads\/2025\/11\/576077827_18087096551505156_2729496831261626899_n-150x100.jpg 150w, https:\/\/www.albinfo.ch\/wp-content\/uploads\/2025\/11\/576077827_18087096551505156_2729496831261626899_n-263x175.jpg 263w, https:\/\/www.albinfo.ch\/wp-content\/uploads\/2025\/11\/576077827_18087096551505156_2729496831261626899_n.jpg 1440w\" sizes=\"auto, (max-width: 600px) 100vw, 600px\" \/><\/a><\/p>\n<p>Die Veranstaltung brachte einige der bekanntesten albanischen \u00c4rzte zusammen, die in der Schweiz t\u00e4tig sind. Sie hielten Vortr\u00e4ge vor den Studierenden der Medizinischen Fakult\u00e4t in Pristina, teilten ihre beruflichen Erfahrungen und schufen neue Br\u00fccken f\u00fcr die akademische Zusammenarbeit zwischen der Schweiz und dem Kosovo.<\/p>\n<figure id=\"attachment_874186\" aria-describedby=\"caption-attachment-874186\" style=\"width: 600px\" class=\"wp-caption alignnone\"><a href=\"https:\/\/www.albinfo.ch\/wp-content\/uploads\/2025\/11\/dekanati.jpg\"><img loading=\"lazy\" decoding=\"async\" class=\"wp-image-874186\" src=\"https:\/\/www.albinfo.ch\/wp-content\/uploads\/2025\/11\/dekanati.jpg\" alt=\"\" width=\"600\" height=\"580\" srcset=\"https:\/\/www.albinfo.ch\/wp-content\/uploads\/2025\/11\/dekanati.jpg 561w, https:\/\/www.albinfo.ch\/wp-content\/uploads\/2025\/11\/dekanati-300x290.jpg 300w, https:\/\/www.albinfo.ch\/wp-content\/uploads\/2025\/11\/dekanati-410x396.jpg 410w, https:\/\/www.albinfo.ch\/wp-content\/uploads\/2025\/11\/dekanati-104x100.jpg 104w, https:\/\/www.albinfo.ch\/wp-content\/uploads\/2025\/11\/dekanati-181x175.jpg 181w\" sizes=\"auto, (max-width: 600px) 100vw, 600px\" \/><\/a><figcaption id=\"caption-attachment-874186\" class=\"wp-caption-text\">Prof. Dr. Sefedin Mu\u00e7aj, Dekan der Medizinischen Fakult\u00e4t<\/figcaption><\/figure>\n<p>Zur Er\u00f6ffnung sprachen <strong>Prof. Dr. Sefedin Mu\u00e7aj, Dekan der Medizinischen Fakult\u00e4t, und Dr. med. Mentor Bilali, Pr\u00e4sident der LMSHZ.<\/strong> Beide betonten die Bedeutung des Erfahrungsaustauschs zwischen den Fachkr\u00e4ften der Diaspora und den Studierenden im Kosovo.<\/p>\n<figure id=\"attachment_874047\" aria-describedby=\"caption-attachment-874047\" style=\"width: 600px\" class=\"wp-caption alignnone\"><a href=\"https:\/\/www.albinfo.ch\/wp-content\/uploads\/2025\/11\/mentorl-bialli.jpg\"><img loading=\"lazy\" decoding=\"async\" class=\"wp-image-874047\" src=\"https:\/\/www.albinfo.ch\/wp-content\/uploads\/2025\/11\/mentorl-bialli.jpg\" alt=\"\" width=\"600\" height=\"550\" srcset=\"https:\/\/www.albinfo.ch\/wp-content\/uploads\/2025\/11\/mentorl-bialli.jpg 867w, https:\/\/www.albinfo.ch\/wp-content\/uploads\/2025\/11\/mentorl-bialli-300x275.jpg 300w, https:\/\/www.albinfo.ch\/wp-content\/uploads\/2025\/11\/mentorl-bialli-768x704.jpg 768w, https:\/\/www.albinfo.ch\/wp-content\/uploads\/2025\/11\/mentorl-bialli-432x396.jpg 432w, https:\/\/www.albinfo.ch\/wp-content\/uploads\/2025\/11\/mentorl-bialli-109x100.jpg 109w, https:\/\/www.albinfo.ch\/wp-content\/uploads\/2025\/11\/mentorl-bialli-191x175.jpg 191w\" sizes=\"auto, (max-width: 600px) 100vw, 600px\" \/><\/a><figcaption id=\"caption-attachment-874047\" class=\"wp-caption-text\">Dr. med. Mentor Bilali, Pr\u00e4sident der LMSHZ<\/figcaption><\/figure>\n<p data-start=\"1603\" data-end=\"2269\"><strong>Dr. med. Mentor Bilali, Pr\u00e4sident des Verbands der Albanischen \u00c4rzte in der Schweiz:<\/strong> \u201cDie Swiss Medical School 2025 war eine au\u00dfergew\u00f6hnliche, inspirierende und sehr professionelle Veranstaltung. Unter den Teilnehmenden war eine besondere Energie zu sp\u00fcren \u2013 eine Mischung aus akademischer Motivation und Liebe zur Heimat. Das gro\u00dfe Interesse der Studierenden und die enge Zusammenarbeit mit dem akademischen Personal zeigten, dass diese Initiative echte Br\u00fccken zwischen Wissen, Erfahrung und unserer beruflichen Identit\u00e4t geschaffen hat. Diese Momente erinnern uns daran, wie viel erreicht werden kann, wenn Wissen, Engagement und unsere Wurzeln vereint werden.\u201d<\/p>\n<p data-start=\"2271\" data-end=\"2856\">Laut der LMSHZ \u201cwar diese wissenschaftliche Veranstaltung den Absolventinnen und Absolventen der Fakult\u00e4t f\u00fcr Medizin und Zahnmedizin sowie jungen \u00c4rztinnen und \u00c4rzten gewidmet, mit dem Ziel, den Transfer modernen Wissens und beruflicher Erfahrungen von der Schweiz in den Kosovo zu erm\u00f6glichen. Die Zusammenarbeit mit der Medizinischen Fakult\u00e4t der Universit\u00e4t Pristina bildet eine zentrale S\u00e4ule dieses Projekts; sie erleichtert den Wissensaustausch und schafft dauerhafte Kooperationsbr\u00fccken zwischen albanischen Fachkr\u00e4ften in der Schweiz und jenen im Kosovo und dar\u00fcber hinaus.\u201d<\/p>\n<p data-start=\"2858\" data-end=\"3096\" data-is-last-node=\"\" data-is-only-node=\"\">Nach Abschluss der Veranstaltung teilten mehrere der referierenden \u00c4rztinnen und \u00c4rzte ihre Eindr\u00fccke mit Albinfo.ch und \u00e4u\u00dferten ihre Anerkennung f\u00fcr das Treffen mit den Studierenden in Pristina sowie f\u00fcr deren hohes akademisches Niveau.<\/p>\n<figure id=\"attachment_874189\" aria-describedby=\"caption-attachment-874189\" style=\"width: 608px\" class=\"wp-caption alignnone\"><a href=\"https:\/\/www.albinfo.ch\/wp-content\/uploads\/2025\/11\/neziri.jpg\"><img loading=\"lazy\" decoding=\"async\" class=\"wp-image-874189\" src=\"https:\/\/www.albinfo.ch\/wp-content\/uploads\/2025\/11\/neziri.jpg\" alt=\"\" width=\"608\" height=\"650\" srcset=\"https:\/\/www.albinfo.ch\/wp-content\/uploads\/2025\/11\/neziri.jpg 682w, https:\/\/www.albinfo.ch\/wp-content\/uploads\/2025\/11\/neziri-281x300.jpg 281w, https:\/\/www.albinfo.ch\/wp-content\/uploads\/2025\/11\/neziri-370x396.jpg 370w, https:\/\/www.albinfo.ch\/wp-content\/uploads\/2025\/11\/neziri-94x100.jpg 94w, https:\/\/www.albinfo.ch\/wp-content\/uploads\/2025\/11\/neziri-164x175.jpg 164w\" sizes=\"auto, (max-width: 608px) 100vw, 608px\" \/><\/a><figcaption id=\"caption-attachment-874189\" class=\"wp-caption-text\">Prof. Dr. Alban Y. Neziri, Gyn\u00e4kologe und Mitglied des Vorstands des Verbands der Albanischen \u00c4rzte in der Schweiz<\/figcaption><\/figure>\n<p data-start=\"1410\" data-end=\"2031\"><strong>Prof. Dr. Alban Y. Neziri, Gyn\u00e4kologe und Mitglied des Vorstands des Verbands der Albanischen \u00c4rzte in der Schweiz<\/strong>.<br data-start=\"1544\" data-end=\"1547\" \/><strong data-start=\"1547\" data-end=\"1559\">Vortrag:<\/strong> Prinzipien der Pr\u00e4vention und Behandlung von Geb\u00e4rmutterhalskrebs<br data-start=\"1625\" data-end=\"1628\" \/>\u201cDie Swiss Medical School 2025 weckte nicht nur das Interesse von Hunderten von Studierenden und Assistenz\u00e4rzten, sondern wurde erstmals in direkter Zusammenarbeit mit dem Dekanat der Medizinischen Fakult\u00e4t organisiert. Dies ist ein hervorragendes Beispiel f\u00fcr die fortschrittliche Zusammenarbeit zwischen dem Verband der Albanischen \u00c4rzte in der Schweiz und den akademischen Institutionen im Kosovo.\u201d<\/p>\n<p data-start=\"2033\" data-end=\"2210\">Der Organisation gingen mehrere Treffen zwischen dem Dekan der Medizinischen Fakult\u00e4t, Prof. Dr. Sefedin Mu\u00e7aj, und der Prodekanin f\u00fcr Lehre, Prof. Dr. Aurora Bakalli, voraus.<\/p>\n<p data-start=\"2212\" data-end=\"2792\" data-is-last-node=\"\" data-is-only-node=\"\">\u201cDie Veranstaltung wurde in enger Zusammenarbeit mit der Studierendenorganisation KOMS und ihrer Vorsitzenden, Dr. Bardh\u00eb Agaj, durchgef\u00fchrt.<br data-start=\"2353\" data-end=\"2356\" \/>Die Swiss Medical School wurde erstmals von der \u00c4rztekammer des Kosovo akkreditiert. Das Interesse der Studierenden und Assistenz\u00e4rzte war au\u00dfergew\u00f6hnlich, und die aktive Teilnahme sowie die interaktiven Diskussionen machten diese Veranstaltung zu einem echten akademischen Austausch zwischen Dozenten und Teilnehmenden. Ich w\u00fcnsche mir, dass diese Zusammenarbeit auch in Zukunft fortgesetzt und weiter vertieft wird\u201d, sagte Dr. Neziri.<\/p>\n<figure id=\"attachment_874050\" aria-describedby=\"caption-attachment-874050\" style=\"width: 593px\" class=\"wp-caption alignnone\"><a href=\"https:\/\/www.albinfo.ch\/wp-content\/uploads\/2025\/11\/perparim-limani.jpg\"><img loading=\"lazy\" decoding=\"async\" class=\"wp-image-874050\" src=\"https:\/\/www.albinfo.ch\/wp-content\/uploads\/2025\/11\/perparim-limani.jpg\" alt=\"\" width=\"593\" height=\"680\" srcset=\"https:\/\/www.albinfo.ch\/wp-content\/uploads\/2025\/11\/perparim-limani.jpg 677w, https:\/\/www.albinfo.ch\/wp-content\/uploads\/2025\/11\/perparim-limani-262x300.jpg 262w, https:\/\/www.albinfo.ch\/wp-content\/uploads\/2025\/11\/perparim-limani-345x396.jpg 345w, https:\/\/www.albinfo.ch\/wp-content\/uploads\/2025\/11\/perparim-limani-87x100.jpg 87w, https:\/\/www.albinfo.ch\/wp-content\/uploads\/2025\/11\/perparim-limani-153x175.jpg 153w\" sizes=\"auto, (max-width: 593px) 100vw, 593px\" \/><\/a><figcaption id=\"caption-attachment-874050\" class=\"wp-caption-text\">Prof. Dr. P\u00ebrparim Limani<\/figcaption><\/figure>\n<p><strong>Prof. Dr. P\u00ebrparim Limani, Chirurg,<\/strong> der das Thema \u201cZytoreduktive Chirurgie (CRS) und hypertherme intraperitoneale Chemotherapie (HIPEC) bei malignen Erkrankungen der Peritonealoberfl\u00e4che (PSM)\u201d pr\u00e4sentierte, sagte:<br data-start=\"1028\" data-end=\"1031\" data-is-only-node=\"\" \/>\u201cEs war mir eine besondere Freude, vor den Studierenden der Medizinischen Fakult\u00e4t in Pristina zu referieren und vertiefte Diskussionen \u00fcber dieses komplexe, aber \u00e4u\u00dferst wichtige Thema der modernen Behandlung von Patienten mit Peritonealtumoren zu f\u00fchren. Besonders beeindruckt hat mich das gro\u00dfe Interesse der Studierenden und die kritische Art, mit der sie Fragen und klinische F\u00e4lle angegangen sind. Das zeigt, dass im Kosovo eine neue Generation gut ausgebildeter und motivierter \u00c4rztinnen und \u00c4rzte heranw\u00e4chst.\u201d<\/p>\n<p><a href=\"https:\/\/www.facebook.com\/share\/r\/17FWDufZcB\/\">VIDEO <\/a><\/p>\n<figure id=\"attachment_874183\" aria-describedby=\"caption-attachment-874183\" style=\"width: 599px\" class=\"wp-caption alignnone\"><a href=\"https:\/\/www.albinfo.ch\/wp-content\/uploads\/2025\/11\/durresaku.jpg\"><img loading=\"lazy\" decoding=\"async\" class=\"wp-image-874183\" src=\"https:\/\/www.albinfo.ch\/wp-content\/uploads\/2025\/11\/durresaku.jpg\" alt=\"\" width=\"599\" height=\"750\" srcset=\"https:\/\/www.albinfo.ch\/wp-content\/uploads\/2025\/11\/durresaku.jpg 583w, https:\/\/www.albinfo.ch\/wp-content\/uploads\/2025\/11\/durresaku-240x300.jpg 240w, https:\/\/www.albinfo.ch\/wp-content\/uploads\/2025\/11\/durresaku-316x396.jpg 316w, https:\/\/www.albinfo.ch\/wp-content\/uploads\/2025\/11\/durresaku-80x100.jpg 80w, https:\/\/www.albinfo.ch\/wp-content\/uploads\/2025\/11\/durresaku-140x175.jpg 140w\" sizes=\"auto, (max-width: 599px) 100vw, 599px\" \/><\/a><figcaption id=\"caption-attachment-874183\" class=\"wp-caption-text\">Dr. Durr\u00ebsim Ramadani, urologe<\/figcaption><\/figure>\n<p>Dr. Durr\u00ebsim Ramadani, Urologe, f\u00fcgte hinzu: \u201cMein Vortrag behandelte die benigne Prostatahyperplasie, ein sehr h\u00e4ufiges Problem bei \u00e4lteren Patienten. Es gab eine au\u00dfergew\u00f6hnlich gro\u00dfe Teilnahme von Studierenden und jungen \u00c4rztinnen und \u00c4rzten. Es war eine Freude, unser Wissen und unsere Erfahrung mit ihnen zu teilen.\u201d<\/p>\n<figure id=\"attachment_874106\" aria-describedby=\"caption-attachment-874106\" style=\"width: 602px\" class=\"wp-caption alignnone\"><a href=\"https:\/\/www.albinfo.ch\/wp-content\/uploads\/2025\/11\/dc90c645-830e-4282-8cf9-327a58f3e976.jpeg\"><img loading=\"lazy\" decoding=\"async\" class=\"wp-image-874106\" src=\"https:\/\/www.albinfo.ch\/wp-content\/uploads\/2025\/11\/dc90c645-830e-4282-8cf9-327a58f3e976-1024x681.jpeg\" alt=\"\" width=\"602\" height=\"400\" srcset=\"https:\/\/www.albinfo.ch\/wp-content\/uploads\/2025\/11\/dc90c645-830e-4282-8cf9-327a58f3e976-1024x681.jpeg 1024w, https:\/\/www.albinfo.ch\/wp-content\/uploads\/2025\/11\/dc90c645-830e-4282-8cf9-327a58f3e976-300x199.jpeg 300w, https:\/\/www.albinfo.ch\/wp-content\/uploads\/2025\/11\/dc90c645-830e-4282-8cf9-327a58f3e976-768x511.jpeg 768w, https:\/\/www.albinfo.ch\/wp-content\/uploads\/2025\/11\/dc90c645-830e-4282-8cf9-327a58f3e976-586x389.jpeg 586w, https:\/\/www.albinfo.ch\/wp-content\/uploads\/2025\/11\/dc90c645-830e-4282-8cf9-327a58f3e976-210x141.jpeg 210w, https:\/\/www.albinfo.ch\/wp-content\/uploads\/2025\/11\/dc90c645-830e-4282-8cf9-327a58f3e976-587x390.jpeg 587w, https:\/\/www.albinfo.ch\/wp-content\/uploads\/2025\/11\/dc90c645-830e-4282-8cf9-327a58f3e976-150x100.jpeg 150w, https:\/\/www.albinfo.ch\/wp-content\/uploads\/2025\/11\/dc90c645-830e-4282-8cf9-327a58f3e976-263x175.jpeg 263w, https:\/\/www.albinfo.ch\/wp-content\/uploads\/2025\/11\/dc90c645-830e-4282-8cf9-327a58f3e976.jpeg 1170w\" sizes=\"auto, (max-width: 602px) 100vw, 602px\" \/><\/a><figcaption id=\"caption-attachment-874106\" class=\"wp-caption-text\">Dr. Naim Mehmeti<\/figcaption><\/figure>\n<p><strong>Dr. Naim Mehmeti, Angiologe<\/strong>, betonte: \u201cZiel meines Vortrags \u00fcber \u2018Tiefe und oberfl\u00e4chliche Venenthrombose\u2019 war es, die Bedeutung der fr\u00fchen Diagnose und der Vermeidung von Komplikationen hervorzuheben. Die Teilnahme der Studierenden war beeindruckend. Diese Zusammenarbeit zwischen Institutionen und Fachleuten tr\u00e4gt wesentlich zur Weiterentwicklung der Medizin und zur Qualit\u00e4t der Patientenversorgung bei.\u201d<\/p>\n<p><a href=\"https:\/\/www.albinfo.ch\/wp-content\/uploads\/2025\/11\/mjeket-ne-prishtine-2.jpg\"><img loading=\"lazy\" decoding=\"async\" class=\"alignnone wp-image-874053\" src=\"https:\/\/www.albinfo.ch\/wp-content\/uploads\/2025\/11\/mjeket-ne-prishtine-2-1024x682.jpg\" alt=\"\" width=\"600\" height=\"400\" srcset=\"https:\/\/www.albinfo.ch\/wp-content\/uploads\/2025\/11\/mjeket-ne-prishtine-2-1024x682.jpg 1024w, https:\/\/www.albinfo.ch\/wp-content\/uploads\/2025\/11\/mjeket-ne-prishtine-2-300x200.jpg 300w, https:\/\/www.albinfo.ch\/wp-content\/uploads\/2025\/11\/mjeket-ne-prishtine-2-768x512.jpg 768w, https:\/\/www.albinfo.ch\/wp-content\/uploads\/2025\/11\/mjeket-ne-prishtine-2-1536x1023.jpg 1536w, https:\/\/www.albinfo.ch\/wp-content\/uploads\/2025\/11\/mjeket-ne-prishtine-2-210x141.jpg 210w, https:\/\/www.albinfo.ch\/wp-content\/uploads\/2025\/11\/mjeket-ne-prishtine-2-587x391.jpg 587w, https:\/\/www.albinfo.ch\/wp-content\/uploads\/2025\/11\/mjeket-ne-prishtine-2-150x100.jpg 150w, https:\/\/www.albinfo.ch\/wp-content\/uploads\/2025\/11\/mjeket-ne-prishtine-2-263x175.jpg 263w, https:\/\/www.albinfo.ch\/wp-content\/uploads\/2025\/11\/mjeket-ne-prishtine-2.jpg 1600w\" sizes=\"auto, (max-width: 600px) 100vw, 600px\" \/><\/a><\/p>\n<p><strong>Prof. Dr. Florim Cuculi, Kardiologe<\/strong>, \u00e4u\u00dferte sich tief beeindruckt von der neuen Generation der Medizinstudierenden im Kosovo: \u201cIch war begeistert von der Vorbereitung und dem Enthusiasmus der Studierenden. Kosovo hat Hoffnung. Die Politik muss sich um die Zukunft dieser jungen Menschen k\u00fcmmern, denn der Mangel an Perspektiven f\u00fcr Fachausbildungen treibt sie zur Auswanderung.\u201d<\/p>\n<p><strong><a href=\"https:\/\/www.albinfo.ch\/wp-content\/uploads\/2025\/11\/gazmend-.jpg\"><img loading=\"lazy\" decoding=\"async\" class=\"alignnone wp-image-874060\" src=\"https:\/\/www.albinfo.ch\/wp-content\/uploads\/2025\/11\/gazmend--1024x695.jpg\" alt=\"\" width=\"590\" height=\"400\" srcset=\"https:\/\/www.albinfo.ch\/wp-content\/uploads\/2025\/11\/gazmend--1024x695.jpg 1024w, https:\/\/www.albinfo.ch\/wp-content\/uploads\/2025\/11\/gazmend--300x204.jpg 300w, https:\/\/www.albinfo.ch\/wp-content\/uploads\/2025\/11\/gazmend--768x521.jpg 768w, https:\/\/www.albinfo.ch\/wp-content\/uploads\/2025\/11\/gazmend--210x141.jpg 210w, https:\/\/www.albinfo.ch\/wp-content\/uploads\/2025\/11\/gazmend--584x396.jpg 584w, https:\/\/www.albinfo.ch\/wp-content\/uploads\/2025\/11\/gazmend--147x100.jpg 147w, https:\/\/www.albinfo.ch\/wp-content\/uploads\/2025\/11\/gazmend--258x175.jpg 258w, https:\/\/www.albinfo.ch\/wp-content\/uploads\/2025\/11\/gazmend-.jpg 1026w\" sizes=\"auto, (max-width: 590px) 100vw, 590px\" \/><\/a><\/strong><\/p>\n<p><strong>Msc. med. dent. Gazmend Haliti,<\/strong> Zahnarzt, beschrieb diese Ausgabe als ein au\u00dfergew\u00f6hnliches Ereignis: \u201cDie Swiss Medical School in Pristina zeigte ein hohes Ma\u00df an Professionalit\u00e4t und Engagement. Die Teilnahme von \u00fcber 250 talentierten Studierenden zeugte von Leidenschaft und Hingabe f\u00fcr Wissen. Die Zukunft des Gesundheitssystems im Kosovo liegt in dieser Generation. Wir hoffen, dass diese jungen Menschen ihren Beruf im Land aus\u00fcben und zum Aufbau eines Gesundheitssystems beitragen, das den B\u00fcrgerinnen und B\u00fcrgern dient.\u201d<\/p>\n<figure id=\"attachment_874056\" aria-describedby=\"caption-attachment-874056\" style=\"width: 597px\" class=\"wp-caption alignnone\"><a href=\"https:\/\/www.albinfo.ch\/wp-content\/uploads\/2025\/11\/mjeket-shqiptare-4.jpg\"><img loading=\"lazy\" decoding=\"async\" class=\"wp-image-874056\" src=\"https:\/\/www.albinfo.ch\/wp-content\/uploads\/2025\/11\/mjeket-shqiptare-4.jpg\" alt=\"\" width=\"597\" height=\"800\" srcset=\"https:\/\/www.albinfo.ch\/wp-content\/uploads\/2025\/11\/mjeket-shqiptare-4.jpg 698w, https:\/\/www.albinfo.ch\/wp-content\/uploads\/2025\/11\/mjeket-shqiptare-4-224x300.jpg 224w, https:\/\/www.albinfo.ch\/wp-content\/uploads\/2025\/11\/mjeket-shqiptare-4-296x396.jpg 296w, https:\/\/www.albinfo.ch\/wp-content\/uploads\/2025\/11\/mjeket-shqiptare-4-75x100.jpg 75w, https:\/\/www.albinfo.ch\/wp-content\/uploads\/2025\/11\/mjeket-shqiptare-4-131x175.jpg 131w\" sizes=\"auto, (max-width: 597px) 100vw, 597px\" \/><\/a><figcaption id=\"caption-attachment-874056\" class=\"wp-caption-text\">Dr. Bujar Sopi<\/figcaption><\/figure>\n<p data-start=\"1259\" data-end=\"1850\"><strong>Dr. Bujar Sopi, Internist,<\/strong> betonte in seiner Erkl\u00e4rung gegen\u00fcber Albinfo.ch die Bedeutung der Vermeidung von Komplikationen in der klinischen Praxis: \u201cAkutes Nierenversagen ist eine der h\u00e4ufigsten und schwerwiegendsten Komplikationen in der klinischen Medizin. Mein Ziel war es, die Bedeutung der Pr\u00e4vention hervorzuheben \u2013 durch die fr\u00fchzeitige Erkennung von Hochrisikopatienten und das korrekte Management der F\u00e4lle. Nierenversagen ist nicht nur ein Laborproblem, sondern ein klinischer Alarm, der strukturiertes Denken und interdisziplin\u00e4re Zusammenarbeit erfordert.\u201d<\/p>\n<p data-start=\"1852\" data-end=\"2110\">Die Veranstaltung wurde von praktischen Workshops und interaktiven Sitzungen begleitet, bei denen die Studierenden die M\u00f6glichkeit hatten, an klinischen Demonstrationen teilzunehmen und die berufliche Erfahrung der \u00c4rzte aus der Schweiz hautnah zu erleben.<\/p>\n<p data-start=\"2112\" data-end=\"2510\" data-is-last-node=\"\" data-is-only-node=\"\">Die \u201cSwiss Medical School\u201d wurde als eine der bedeutendsten Initiativen gew\u00fcrdigt, die die Verbindungen zwischen der albanischen medizinischen Diaspora und den Hochschulinstitutionen im Kosovo st\u00e4rkt. Sie schafft dauerhafte Br\u00fccken der Zusammenarbeit und des fachlichen Austauschs, die Grenzen \u00fcberschreiten und die Erfahrung, das Wissen und die menschliche Mission des albanischen Arztes vereinen.<\/p>\n<p><strong>Vorbereitet: Luljeta Ademi \/ Albinfo.ch<\/strong><\/p>\n","protected":false},"excerpt":{"rendered":"<p>Eine Br\u00fccke des Wissens und der Erfahrung im Rahmen der \u201cSwiss Medical School\u201d, die die albanische medizinische Diaspora mit der \u00e4ltesten Universit\u00e4t des Kosovo verbindet<\/p>\n","protected":false},"author":6,"featured_media":874065,"comment_status":"closed","ping_status":"closed","sticky":false,"template":"","format":"standard","meta":{"footnotes":""},"categories":[33056,24636,23263,24693,1134,1130,3616,23267,3952,23269,3954,14793,23262,24621,24635,24639,1129,1133,1149,1158,1412,2015],"tags":[],"vendi":[],"content_country":[29888,31836,31837],"class_list":["post-874215","post","type-post","status-publish","format-standard","has-post-thumbnail","hentry","category-de-balkani-de","category-nachrichten-de-4","category-kosova-de-2","category-albinfo-plus-de","category-integration","category-aktuell","category-gesundheit-de","category-karriere-auf-dem-balkan","category-kosova-de","category-news","category-shendetesi-2-de","category-mantelbardhet-shqiptare-ne-zvicer-de","category-at-balkani-de","category-kosova-de-3","category-nachrichten-de-3","category-karriere-balkan-de","category-ch-balkan","category-e-diaspora-de","category-albinfo-tv-de","category-themen-vor-ort","category-newsletter-de","category-newsletter-media-de","content_country-zvicer","content_country-austria-de","content_country-germany-de"],"acf":[],"_links":{"self":[{"href":"https:\/\/www.albinfo.ch\/de\/wp-json\/wp\/v2\/posts\/874215","targetHints":{"allow":["GET"]}}],"collection":[{"href":"https:\/\/www.albinfo.ch\/de\/wp-json\/wp\/v2\/posts"}],"about":[{"href":"https:\/\/www.albinfo.ch\/de\/wp-json\/wp\/v2\/types\/post"}],"author":[{"embeddable":true,"href":"https:\/\/www.albinfo.ch\/de\/wp-json\/wp\/v2\/users\/6"}],"replies":[{"embeddable":true,"href":"https:\/\/www.albinfo.ch\/de\/wp-json\/wp\/v2\/comments?post=874215"}],"version-history":[{"count":1,"href":"https:\/\/www.albinfo.ch\/de\/wp-json\/wp\/v2\/posts\/874215\/revisions"}],"predecessor-version":[{"id":874219,"href":"https:\/\/www.albinfo.ch\/de\/wp-json\/wp\/v2\/posts\/874215\/revisions\/874219"}],"wp:featuredmedia":[{"embeddable":true,"href":"https:\/\/www.albinfo.ch\/de\/wp-json\/wp\/v2\/media\/874065"}],"wp:attachment":[{"href":"https:\/\/www.albinfo.ch\/de\/wp-json\/wp\/v2\/media?parent=874215"}],"wp:term":[{"taxonomy":"category","embeddable":true,"href":"https:\/\/www.albinfo.ch\/de\/wp-json\/wp\/v2\/categories?post=874215"},{"taxonomy":"post_tag","embeddable":true,"href":"https:\/\/www.albinfo.ch\/de\/wp-json\/wp\/v2\/tags?post=874215"},{"taxonomy":"vendi","embeddable":true,"href":"https:\/\/www.albinfo.ch\/de\/wp-json\/wp\/v2\/vendi?post=874215"},{"taxonomy":"content_country","embeddable":true,"href":"https:\/\/www.albinfo.ch\/de\/wp-json\/wp\/v2\/content_country?post=874215"}],"curies":[{"name":"wp","href":"https:\/\/api.w.org\/{rel}","templated":true}]}}