{"id":876076,"date":"2025-11-19T20:00:44","date_gmt":"2025-11-19T19:00:44","guid":{"rendered":"https:\/\/www.albinfo.ch\/?p=876076"},"modified":"2025-11-19T22:03:17","modified_gmt":"2025-11-19T21:03:17","slug":"die-pfiffe-gegen-xhaka-haelt-der-ffk-praesident-fuer-unbegruendet","status":"publish","type":"post","link":"https:\/\/www.albinfo.ch\/de\/die-pfiffe-gegen-xhaka-haelt-der-ffk-praesident-fuer-unbegruendet\/","title":{"rendered":"Die Pfiffe gegen Xhaka h\u00e4lt der FFK-Pr\u00e4sident f\u00fcr unbegr\u00fcndet"},"content":{"rendered":"<p data-start=\"1688\" data-end=\"2203\">Der Pr\u00e4sident des Fu\u00dfballverbands des Kosovo (FFK), Agim Ademi, hat nach dem WM-Qualifikationsspiel 2026 zwischen Kosovo und der Schweiz reagiert, das im \u201cFadil Vokrri\u201d-Stadion in Prishtina mit 1:1 endete. Es war das letzte Spiel der Qualifikationsgruppe. Die Schweiz sicherte sich das direkte Ticket, w\u00e4hrend Kosovo seinen Platz bei der Weltmeisterschaft \u00fcber die Playoffs suchen wird, die im M\u00e4rz des kommenden Jahres stattfinden, wobei die Auslosung am Donnerstag erfolgt, berichtet albinfo.ch.<\/p>\n<p data-start=\"2205\" data-end=\"2597\">In einem langen Beitrag, der am Mittwoch ver\u00f6ffentlicht wurde, verurteilte Ademi die Pfiffe gegen den Schweizer Kapit\u00e4n Granit Xhaka und bezeichnete sie als unn\u00f6tig und unbegr\u00fcndet. Er betonte, dass Pers\u00f6nlichkeiten wie Granit Xhaka und Xherdan Shaqiri nationale Werte und Botschafter des albanischen Volkes sind, ebenso wie andere weltbekannte K\u00fcnstler wie Dua Lipa, Rita Ora und Ram\u00eb Lahaj.<\/p>\n<p data-start=\"2599\" data-end=\"2843\">\u201eGranit wird in seiner Heimat immer willkommen sein. Er ist der Sohn von Ragip Xhaka, aus einer patriotischen Familie, die in Prishtina lebt und wirkt. Wir haben seine Erfolge und seine beeindruckende Karriere stets unterst\u00fctzt\u201c, schrieb Ademi.<\/p>\n<p data-start=\"2845\" data-end=\"3189\">Er stellte au\u00dferdem klar, dass die Pfiffe nicht von der Fangruppe \u201cDardan\u00ebt\u201d kamen. Er f\u00fcgte hinzu, dass negative Reaktionen in Stadien manchmal unvermeidlich seien, doch halte er sie weiterhin f\u00fcr unn\u00f6tig und unbegr\u00fcndet, und verglich sie mit anderen kritischen Reaktionen, die selbst dann auftreten, wenn Kosovo bedeutende Ergebnisse erzielt.<\/p>\n<p data-start=\"3191\" data-end=\"3404\" data-is-last-node=\"\" data-is-only-node=\"\">Ademi schloss seinen Beitrag mit einem Dank an die Fans f\u00fcr ihre kontinuierliche Unterst\u00fctzung der kosovarischen Spieler und hob hervor, wie wichtig ihre Unterst\u00fctzung f\u00fcr die Entwicklung des Fu\u00dfballs im Land ist.<\/p>\n","protected":false},"excerpt":{"rendered":"<p>Die Pfiffe gegen Xhaka, eine aus Sicht des FFK unn\u00f6tige Reaktion<\/p>\n","protected":false},"author":6,"featured_media":875981,"comment_status":"closed","ping_status":"closed","sticky":false,"template":"","format":"standard","meta":{"footnotes":""},"categories":[34930,24631,1139],"tags":[],"vendi":[],"content_country":[],"class_list":["post-876076","post","type-post","status-publish","format-standard","has-post-thumbnail","hentry","category-futboll-4","category-nachrichten-de-2","category-sport"],"acf":[],"_links":{"self":[{"href":"https:\/\/www.albinfo.ch\/de\/wp-json\/wp\/v2\/posts\/876076","targetHints":{"allow":["GET"]}}],"collection":[{"href":"https:\/\/www.albinfo.ch\/de\/wp-json\/wp\/v2\/posts"}],"about":[{"href":"https:\/\/www.albinfo.ch\/de\/wp-json\/wp\/v2\/types\/post"}],"author":[{"embeddable":true,"href":"https:\/\/www.albinfo.ch\/de\/wp-json\/wp\/v2\/users\/6"}],"replies":[{"embeddable":true,"href":"https:\/\/www.albinfo.ch\/de\/wp-json\/wp\/v2\/comments?post=876076"}],"version-history":[{"count":1,"href":"https:\/\/www.albinfo.ch\/de\/wp-json\/wp\/v2\/posts\/876076\/revisions"}],"predecessor-version":[{"id":876077,"href":"https:\/\/www.albinfo.ch\/de\/wp-json\/wp\/v2\/posts\/876076\/revisions\/876077"}],"wp:featuredmedia":[{"embeddable":true,"href":"https:\/\/www.albinfo.ch\/de\/wp-json\/wp\/v2\/media\/875981"}],"wp:attachment":[{"href":"https:\/\/www.albinfo.ch\/de\/wp-json\/wp\/v2\/media?parent=876076"}],"wp:term":[{"taxonomy":"category","embeddable":true,"href":"https:\/\/www.albinfo.ch\/de\/wp-json\/wp\/v2\/categories?post=876076"},{"taxonomy":"post_tag","embeddable":true,"href":"https:\/\/www.albinfo.ch\/de\/wp-json\/wp\/v2\/tags?post=876076"},{"taxonomy":"vendi","embeddable":true,"href":"https:\/\/www.albinfo.ch\/de\/wp-json\/wp\/v2\/vendi?post=876076"},{"taxonomy":"content_country","embeddable":true,"href":"https:\/\/www.albinfo.ch\/de\/wp-json\/wp\/v2\/content_country?post=876076"}],"curies":[{"name":"wp","href":"https:\/\/api.w.org\/{rel}","templated":true}]}}