{"id":876599,"date":"2025-11-21T18:47:50","date_gmt":"2025-11-21T17:47:50","guid":{"rendered":"https:\/\/www.albinfo.ch\/?p=876599"},"modified":"2025-11-21T18:48:53","modified_gmt":"2025-11-21T17:48:53","slug":"am-23-november-findet-in-wien-das-turnier-der-unabhaengigkeit-statt","status":"publish","type":"post","link":"https:\/\/www.albinfo.ch\/de\/am-23-november-findet-in-wien-das-turnier-der-unabhaengigkeit-statt\/","title":{"rendered":"Am 23. November findet in Wien das Turnier der Unabh\u00e4ngigkeit statt"},"content":{"rendered":"<p data-start=\"1612\" data-end=\"1807\">Im Rahmen des 28. November, dem Unabh\u00e4ngigkeitstag Albaniens, organisiert die Albanische Fussballliga in \u00d6sterreich ein besonderes Fussballturnier zu Ehren dieses heiligen Symbols unserer Nation.<\/p>\n<p data-start=\"1809\" data-end=\"2004\">Dieses Turnier ist nicht nur ein sportlicher Wettkampf, sondern auch ein Ausdruck der Liebe zum Heimatland, der Einheit der Albaner in der Diaspora und der Bewahrung unserer nationalen Identit\u00e4t.<\/p>\n<p data-start=\"2006\" data-end=\"2361\">&#8221; Durch den Fussball m\u00f6chten wir die Herzen der Albaner \u00fcberall n\u00e4her zusammenbringen, unsere br\u00fcderlichen Beziehungen st\u00e4rken und daran erinnern, dass die Unabh\u00e4ngigkeit nicht nur ein Datum im Kalender ist, sondern ein Gef\u00fchl von Stolz, Opferbereitschaft und Zusammenhalt &#8220;, heisst es in der Mitteilung der Albanischen Fussballliga, berichtet albinfo.at.<\/p>\n<p data-start=\"2363\" data-end=\"2479\">Alle sind eingeladen, diesen bedeutenden Tag zu feiern, mit Respekt f\u00fcr die Vergangenheit und mit Liebe zur Zukunft.<\/p>\n<p data-start=\"2481\" data-end=\"2680\">Neben den albanischen Teams aus verschiedenen Regionen \u00d6sterreichs haben auch mehrere Mannschaften aus dem Kosovo ihre Teilnahme best\u00e4tigt und werden eigens anreisen, um Teil dieses Turniers zu sein.<\/p>\n<p data-start=\"2682\" data-end=\"2795\">Das Turnier findet am Sonntag, dem 23.11.2025, an folgender Adresse statt: Anton Baumgartner Stra\u00dfe 23, 1230 Wien<\/p>\n<p data-start=\"2797\" data-end=\"2910\" data-is-last-node=\"\" data-is-only-node=\"\">Medialer Sponsor dieses Turniers ist auch in diesem Jahr die albanische Medienplattform in \u00d6sterreich, Albinfo.at<\/p>\n<p><img loading=\"lazy\" decoding=\"async\" class=\"alignnone wp-image-876440\" src=\"https:\/\/www.albinfo.ch\/wp-content\/uploads\/2025\/11\/att.ywxkakjmiz3do-1ttzpfuln5pfqujrtpjvsbuz4t1om-1024x683.jpeg\" alt=\"\" width=\"500\" height=\"333\" srcset=\"https:\/\/www.albinfo.ch\/wp-content\/uploads\/2025\/11\/att.ywxkakjmiz3do-1ttzpfuln5pfqujrtpjvsbuz4t1om-1024x683.jpeg 1024w, https:\/\/www.albinfo.ch\/wp-content\/uploads\/2025\/11\/att.ywxkakjmiz3do-1ttzpfuln5pfqujrtpjvsbuz4t1om-300x200.jpeg 300w, https:\/\/www.albinfo.ch\/wp-content\/uploads\/2025\/11\/att.ywxkakjmiz3do-1ttzpfuln5pfqujrtpjvsbuz4t1om-768x512.jpeg 768w, https:\/\/www.albinfo.ch\/wp-content\/uploads\/2025\/11\/att.ywxkakjmiz3do-1ttzpfuln5pfqujrtpjvsbuz4t1om-1536x1024.jpeg 1536w, https:\/\/www.albinfo.ch\/wp-content\/uploads\/2025\/11\/att.ywxkakjmiz3do-1ttzpfuln5pfqujrtpjvsbuz4t1om-586x389.jpeg 586w, https:\/\/www.albinfo.ch\/wp-content\/uploads\/2025\/11\/att.ywxkakjmiz3do-1ttzpfuln5pfqujrtpjvsbuz4t1om-210x141.jpeg 210w, https:\/\/www.albinfo.ch\/wp-content\/uploads\/2025\/11\/att.ywxkakjmiz3do-1ttzpfuln5pfqujrtpjvsbuz4t1om-587x391.jpeg 587w, https:\/\/www.albinfo.ch\/wp-content\/uploads\/2025\/11\/att.ywxkakjmiz3do-1ttzpfuln5pfqujrtpjvsbuz4t1om-150x100.jpeg 150w, https:\/\/www.albinfo.ch\/wp-content\/uploads\/2025\/11\/att.ywxkakjmiz3do-1ttzpfuln5pfqujrtpjvsbuz4t1om-263x175.jpeg 263w, https:\/\/www.albinfo.ch\/wp-content\/uploads\/2025\/11\/att.ywxkakjmiz3do-1ttzpfuln5pfqujrtpjvsbuz4t1om.jpeg 1752w\" sizes=\"auto, (max-width: 500px) 100vw, 500px\" \/><\/p>\n","protected":false},"excerpt":{"rendered":"<p>Die Albanische Fussballliga in \u00d6sterreich bringt erneut das Unabh\u00e4ngigkeitsturnier<\/p>\n","protected":false},"author":6,"featured_media":876445,"comment_status":"closed","ping_status":"closed","sticky":false,"template":"","format":"standard","meta":{"footnotes":""},"categories":[34930,22803,24631,1133,1139],"tags":[],"vendi":[],"content_country":[],"class_list":["post-876599","post","type-post","status-publish","format-standard","has-post-thumbnail","hentry","category-futboll-4","category-leben-in-osterreich-de","category-nachrichten-de-2","category-e-diaspora-de","category-sport"],"acf":[],"_links":{"self":[{"href":"https:\/\/www.albinfo.ch\/de\/wp-json\/wp\/v2\/posts\/876599","targetHints":{"allow":["GET"]}}],"collection":[{"href":"https:\/\/www.albinfo.ch\/de\/wp-json\/wp\/v2\/posts"}],"about":[{"href":"https:\/\/www.albinfo.ch\/de\/wp-json\/wp\/v2\/types\/post"}],"author":[{"embeddable":true,"href":"https:\/\/www.albinfo.ch\/de\/wp-json\/wp\/v2\/users\/6"}],"replies":[{"embeddable":true,"href":"https:\/\/www.albinfo.ch\/de\/wp-json\/wp\/v2\/comments?post=876599"}],"version-history":[{"count":1,"href":"https:\/\/www.albinfo.ch\/de\/wp-json\/wp\/v2\/posts\/876599\/revisions"}],"predecessor-version":[{"id":876600,"href":"https:\/\/www.albinfo.ch\/de\/wp-json\/wp\/v2\/posts\/876599\/revisions\/876600"}],"wp:featuredmedia":[{"embeddable":true,"href":"https:\/\/www.albinfo.ch\/de\/wp-json\/wp\/v2\/media\/876445"}],"wp:attachment":[{"href":"https:\/\/www.albinfo.ch\/de\/wp-json\/wp\/v2\/media?parent=876599"}],"wp:term":[{"taxonomy":"category","embeddable":true,"href":"https:\/\/www.albinfo.ch\/de\/wp-json\/wp\/v2\/categories?post=876599"},{"taxonomy":"post_tag","embeddable":true,"href":"https:\/\/www.albinfo.ch\/de\/wp-json\/wp\/v2\/tags?post=876599"},{"taxonomy":"vendi","embeddable":true,"href":"https:\/\/www.albinfo.ch\/de\/wp-json\/wp\/v2\/vendi?post=876599"},{"taxonomy":"content_country","embeddable":true,"href":"https:\/\/www.albinfo.ch\/de\/wp-json\/wp\/v2\/content_country?post=876599"}],"curies":[{"name":"wp","href":"https:\/\/api.w.org\/{rel}","templated":true}]}}