{"id":877284,"date":"2025-11-24T20:01:35","date_gmt":"2025-11-24T19:01:35","guid":{"rendered":"https:\/\/www.albinfo.ch\/?p=877284"},"modified":"2025-11-25T09:04:36","modified_gmt":"2025-11-25T08:04:36","slug":"tickets-fuer-den-eurovision-in-wien-die-vorregistrierung-ist-jetzt-geoeffnet","status":"publish","type":"post","link":"https:\/\/www.albinfo.ch\/de\/tickets-fuer-den-eurovision-in-wien-die-vorregistrierung-ist-jetzt-geoeffnet\/","title":{"rendered":"Tickets f\u00fcr den Eurovision in Wien: die Vorregistrierung ist jetzt ge\u00f6ffnet"},"content":{"rendered":"<p data-start=\"1812\" data-end=\"2312\">Wer eine Live Show des Eurovision Song Contest (ESC) in der Wiener Stadthalle besuchen m\u00f6chte, muss sich in den kommenden drei Wochen registrieren. Die Vorregistrierung wurde heute, am Montag, er\u00f6ffnet und laut ORF ist sie notwendig, um den Ticketverkauf ohne Wiederverk\u00e4ufer oder Bots zu gew\u00e4hrleisten. Bis zum 18. Dezember m\u00fcssen sich die Fans des Wettbewerbs auf <a class=\"decorated-link\" href=\"http:\/\/www.eurovision.com\" target=\"_new\" rel=\"noopener\" data-start=\"2178\" data-end=\"2196\">www.eurovision.com<\/a> oder <a class=\"decorated-link\" href=\"http:\/\/www.oeticket.com\" target=\"_new\" rel=\"noopener\" data-start=\"2202\" data-end=\"2218\">www.oeticket.com<\/a> registrieren. Am Montagmorgen wurden Wartezeiten von teilweise 15 Minuten oder mehr gemeldet.<\/p>\n<p data-start=\"2314\" data-end=\"2786\">Die erste Ticketwelle geht am 13. Januar in den Verkauf, teilte der ORF zum Start der Registrierung mit. Der 13. Januar ist einen Tag nach der Auslosung der Halbfinals, schreibt theinternational. Das bedeutet, dass die ESC Fans bereits wissen werden, in welchem Halbfinale am 12. oder 14. Mai ihr bevorzugtes Land auftreten wird, was die Ticketwahl beeinflussen kann. Pro Registrierung k\u00f6nnen maximal vier Tickets gekauft werden, nach dem Prinzip first come, first served.<\/p>\n<p data-start=\"2788\" data-end=\"2831\">Die Tickets kosten zwischen 15 und 360 Euro<\/p>\n<p data-start=\"2833\" data-end=\"3316\">Es werden jedoch nicht nur Tickets f\u00fcr die beiden Halbfinals und das Finale verf\u00fcgbar sein. Zu jeder Veranstaltung geh\u00f6ren auch eine Evening Pre Show, im Grunde eine Generalprobe, und eine Afternoon Pre Show f\u00fcr jene, die fr\u00fchere Auftritte bevorzugen. Die Preisspanne ist entsprechend breit. Das g\u00fcnstigste Ticket f\u00fcr die Nachmittagsvorstellungen beginnt bei 15 Euro, w\u00e4hrend das teuerste Finalticket f\u00fcr den Golden Circle Bereich vor der B\u00fchne 360 Euro kostet, berichtet albinfo.at.<\/p>\n<p data-start=\"3318\" data-end=\"3458\" data-is-last-node=\"\" data-is-only-node=\"\">Als Referenz dient dem ORF das Jahr 2015. Damals, nach Conchitas Sieg in Kopenhagen, besuchten 100 000 Zuschauer die neun ESC Shows in Wien.<\/p>\n","protected":false},"excerpt":{"rendered":"<p>Die Registrierung f\u00fcr die Tickets des Eurovision 2025 in Wien ist ge\u00f6ffnet. Die Tickets f\u00fcr die Halbfinals, die Premieren und das Finale k\u00f6nnen zu Preisen zwischen 15 und 360 Euro gesichert werden<\/p>\n","protected":false},"author":6,"featured_media":854015,"comment_status":"closed","ping_status":"closed","sticky":false,"template":"","format":"standard","meta":{"footnotes":""},"categories":[22803,23120],"tags":[],"vendi":[],"content_country":[],"class_list":["post-877284","post","type-post","status-publish","format-standard","has-post-thumbnail","hentry","category-leben-in-osterreich-de","category-nachrichten"],"acf":[],"_links":{"self":[{"href":"https:\/\/www.albinfo.ch\/de\/wp-json\/wp\/v2\/posts\/877284","targetHints":{"allow":["GET"]}}],"collection":[{"href":"https:\/\/www.albinfo.ch\/de\/wp-json\/wp\/v2\/posts"}],"about":[{"href":"https:\/\/www.albinfo.ch\/de\/wp-json\/wp\/v2\/types\/post"}],"author":[{"embeddable":true,"href":"https:\/\/www.albinfo.ch\/de\/wp-json\/wp\/v2\/users\/6"}],"replies":[{"embeddable":true,"href":"https:\/\/www.albinfo.ch\/de\/wp-json\/wp\/v2\/comments?post=877284"}],"version-history":[{"count":1,"href":"https:\/\/www.albinfo.ch\/de\/wp-json\/wp\/v2\/posts\/877284\/revisions"}],"predecessor-version":[{"id":877285,"href":"https:\/\/www.albinfo.ch\/de\/wp-json\/wp\/v2\/posts\/877284\/revisions\/877285"}],"wp:featuredmedia":[{"embeddable":true,"href":"https:\/\/www.albinfo.ch\/de\/wp-json\/wp\/v2\/media\/854015"}],"wp:attachment":[{"href":"https:\/\/www.albinfo.ch\/de\/wp-json\/wp\/v2\/media?parent=877284"}],"wp:term":[{"taxonomy":"category","embeddable":true,"href":"https:\/\/www.albinfo.ch\/de\/wp-json\/wp\/v2\/categories?post=877284"},{"taxonomy":"post_tag","embeddable":true,"href":"https:\/\/www.albinfo.ch\/de\/wp-json\/wp\/v2\/tags?post=877284"},{"taxonomy":"vendi","embeddable":true,"href":"https:\/\/www.albinfo.ch\/de\/wp-json\/wp\/v2\/vendi?post=877284"},{"taxonomy":"content_country","embeddable":true,"href":"https:\/\/www.albinfo.ch\/de\/wp-json\/wp\/v2\/content_country?post=877284"}],"curies":[{"name":"wp","href":"https:\/\/api.w.org\/{rel}","templated":true}]}}