{"id":877700,"date":"2025-11-26T20:04:52","date_gmt":"2025-11-26T19:04:52","guid":{"rendered":"https:\/\/www.albinfo.ch\/?p=877700"},"modified":"2025-11-26T20:05:01","modified_gmt":"2025-11-26T19:05:01","slug":"shaqiri-und-haaland-zwei-stars-die-in-ihren-teams-den-unterschied-ausmachen","status":"publish","type":"post","link":"https:\/\/www.albinfo.ch\/de\/shaqiri-und-haaland-zwei-stars-die-in-ihren-teams-den-unterschied-ausmachen\/","title":{"rendered":"Shaqiri und Haaland, zwei Stars, die in ihren Teams den Unterschied ausmachen"},"content":{"rendered":"<p data-start=\"1362\" data-end=\"1530\">Xherdan Shaqiri und Erling Haaland teilen mehr als nur au\u00dfergew\u00f6hnliche fu\u00dfballerische F\u00e4higkeiten, beide sind tragende S\u00e4ulen ihrer Mannschaften, berichtet albinfo.ch.<\/p>\n<p data-start=\"1532\" data-end=\"2054\">Sowohl der ehemalige Schweizer Nationalspieler als auch der norwegische Superstar sind f\u00fcr die Vereine, die sie vertreten, unersetzlich. Laut dem Schweizer Fernsehen SRF gilt: &#8221; Wenn Shaqiri einen schlechten Tag hat, gewinnt Basel selten. Die Abh\u00e4ngigkeit von Manchester City von Haaland ist derzeit noch gr\u00f6\u00dfer. Der Norweger hat in dieser Saison nur in drei Spielen nicht getroffen und in allen drei F\u00e4llen hat Pep Guardiolas Team verloren. Das war auch am Wochenende bei der 1 zu 2 Niederlage gegen Newcastle der Fall. &#8220;<\/p>\n<p data-start=\"2056\" data-end=\"2404\" data-is-last-node=\"\" data-is-only-node=\"\">Shaqiri, 34 Jahre alt, hat in dieser Saison 10 Tore erzielt und ebenso viele Assists f\u00fcr Basel geliefert, w\u00e4hrend Haaland f\u00fcr City in 20 Spielen 22 Tore und 2 Assists verbucht hat. Ihre Leistungen zeigen deutlich den gro\u00dfen Einfluss, den sie auf die Ergebnisse ihrer Mannschaften haben, und machen sie zu Schl\u00fcsselgestalten im europ\u00e4ischen Fu\u00dfball.<\/p>\n","protected":false},"excerpt":{"rendered":"<p>Was haben Shaqiri und Haaland gemeinsam<\/p>\n","protected":false},"author":6,"featured_media":823940,"comment_status":"closed","ping_status":"closed","sticky":false,"template":"","format":"standard","meta":{"footnotes":""},"categories":[4023,24631,1139],"tags":[],"vendi":[],"content_country":[],"class_list":["post-877700","post","type-post","status-publish","format-standard","has-post-thumbnail","hentry","category-futboll-de","category-nachrichten-de-2","category-sport"],"acf":[],"_links":{"self":[{"href":"https:\/\/www.albinfo.ch\/de\/wp-json\/wp\/v2\/posts\/877700","targetHints":{"allow":["GET"]}}],"collection":[{"href":"https:\/\/www.albinfo.ch\/de\/wp-json\/wp\/v2\/posts"}],"about":[{"href":"https:\/\/www.albinfo.ch\/de\/wp-json\/wp\/v2\/types\/post"}],"author":[{"embeddable":true,"href":"https:\/\/www.albinfo.ch\/de\/wp-json\/wp\/v2\/users\/6"}],"replies":[{"embeddable":true,"href":"https:\/\/www.albinfo.ch\/de\/wp-json\/wp\/v2\/comments?post=877700"}],"version-history":[{"count":1,"href":"https:\/\/www.albinfo.ch\/de\/wp-json\/wp\/v2\/posts\/877700\/revisions"}],"predecessor-version":[{"id":877701,"href":"https:\/\/www.albinfo.ch\/de\/wp-json\/wp\/v2\/posts\/877700\/revisions\/877701"}],"wp:featuredmedia":[{"embeddable":true,"href":"https:\/\/www.albinfo.ch\/de\/wp-json\/wp\/v2\/media\/823940"}],"wp:attachment":[{"href":"https:\/\/www.albinfo.ch\/de\/wp-json\/wp\/v2\/media?parent=877700"}],"wp:term":[{"taxonomy":"category","embeddable":true,"href":"https:\/\/www.albinfo.ch\/de\/wp-json\/wp\/v2\/categories?post=877700"},{"taxonomy":"post_tag","embeddable":true,"href":"https:\/\/www.albinfo.ch\/de\/wp-json\/wp\/v2\/tags?post=877700"},{"taxonomy":"vendi","embeddable":true,"href":"https:\/\/www.albinfo.ch\/de\/wp-json\/wp\/v2\/vendi?post=877700"},{"taxonomy":"content_country","embeddable":true,"href":"https:\/\/www.albinfo.ch\/de\/wp-json\/wp\/v2\/content_country?post=877700"}],"curies":[{"name":"wp","href":"https:\/\/api.w.org\/{rel}","templated":true}]}}