{"id":880503,"date":"2025-12-05T20:02:48","date_gmt":"2025-12-05T19:02:48","guid":{"rendered":"https:\/\/www.albinfo.ch\/?p=880503"},"modified":"2025-12-06T00:20:03","modified_gmt":"2025-12-05T23:20:03","slug":"vlashent-sata-kaempfe-darum-ein-guter-mensch-zu-sein-dann-wirst-du-umso-freier-sein","status":"publish","type":"post","link":"https:\/\/www.albinfo.ch\/de\/vlashent-sata-kaempfe-darum-ein-guter-mensch-zu-sein-dann-wirst-du-umso-freier-sein\/","title":{"rendered":"Vlashent Sata \u201cK\u00e4mpfe darum, ein guter Mensch zu sein, dann wirst du umso freier sein\u201d"},"content":{"rendered":"<p data-start=\"783\" data-end=\"1598\">Auf der zeitgen\u00f6ssischen albanischen Musikszene gibt es nur wenige Stimmen, die einen so reinen und zugleich zur\u00fcckhaltenden emotionalen Raum schaffen k\u00f6nnen wie Vlashent Sata. K\u00fcnstlerisch in Frankreich gepr\u00e4gt, in einer Kultur, die Feinheit, Suche und \u00e4sthetisches Denken f\u00f6rdert, hat er eine Identit\u00e4t aufgebaut, die sich durch Klarheit, Reife und nat\u00fcrliche Originalit\u00e4t auszeichnet. Seine Musik bewegt sich zwischen Stille und Klang, zwischen der Nostalgie albanischer Wurzeln und der Eleganz der frankophonen Schule und schafft eine Sprache, die ber\u00fchrt und lange nachhallt.<br data-start=\"1381\" data-end=\"1384\" \/>In diesem Portr\u00e4t Interview verbinden sich seine inneren Erz\u00e4hlungen mit den aufrichtigen und tiefgehenden Antworten des K\u00fcnstlers und geben einen vollst\u00e4ndigen Einblick in die Welt, die ihn formt und inspiriert.<\/p>\n<p data-start=\"1600\" data-end=\"1630\" data-is-last-node=\"\" data-is-only-node=\"\"><strong>Die Anf\u00e4nge und die Ausbildung<\/strong><\/p>\n<p><a href=\"https:\/\/www.albinfo.ch\/wp-content\/uploads\/2025\/12\/vlashent-2.jpg\"><img loading=\"lazy\" decoding=\"async\" class=\"alignnone wp-image-880196\" src=\"https:\/\/www.albinfo.ch\/wp-content\/uploads\/2025\/12\/vlashent-2.jpg\" alt=\"\" width=\"600\" height=\"449\" srcset=\"https:\/\/www.albinfo.ch\/wp-content\/uploads\/2025\/12\/vlashent-2.jpg 940w, https:\/\/www.albinfo.ch\/wp-content\/uploads\/2025\/12\/vlashent-2-300x224.jpg 300w, https:\/\/www.albinfo.ch\/wp-content\/uploads\/2025\/12\/vlashent-2-768x574.jpg 768w, https:\/\/www.albinfo.ch\/wp-content\/uploads\/2025\/12\/vlashent-2-530x396.jpg 530w, https:\/\/www.albinfo.ch\/wp-content\/uploads\/2025\/12\/vlashent-2-134x100.jpg 134w, https:\/\/www.albinfo.ch\/wp-content\/uploads\/2025\/12\/vlashent-2-234x175.jpg 234w\" sizes=\"auto, (max-width: 600px) 100vw, 600px\" \/><\/a><\/p>\n<p><strong>Photo: Rromir Imami<\/strong><\/p>\n<p data-start=\"1568\" data-end=\"2059\">Vlashent Satas Weg zur Musik nahm Gestalt in den H\u00f6rs\u00e4len von Bordeaux und sp\u00e4ter von Paris an, wo er sich dem Studium des Klaviers und der klassischen Musik widmete. Genau dort erkannte er, dass Kunst nicht nur im erzeugten Klang liegt, sondern auch in den bedeutungsvollen Zwischenr\u00e4umen, in jenem unsichtbaren Raum, der Rhythmus, Emotion und den Atem des Schaffens tr\u00e4gt. Diese fr\u00fch gewonnene Sichtweise geh\u00f6rt bis heute zu den grundlegenden S\u00e4ulen seiner Denk und Interpretationsweise.<\/p>\n<p data-start=\"2061\" data-end=\"2517\"><strong>albinfo.ch:<\/strong> Wie erinnern Sie sich an den Beginn dieser Reise von Albanien nach Frankreich?<br data-start=\"2151\" data-end=\"2154\" \/><strong>Vlashent Sata:<\/strong> Die klassische Musik hat mich auf die tiefste Weise gepr\u00e4gt. Sie lehrte mich, die Stille ebenso wie den Klang zu h\u00f6ren und zu verstehen, dass jeder Ton eine Geschichte in sich tr\u00e4gt. &#8221; Der Interpret muss Erz\u00e4hler, Architekt und Dichter sein.&#8221; Frankreich gab mir diesen Ansatz, die Gesamtheit des musikalischen Denkens und den Respekt f\u00fcr die Form.<\/p>\n<p data-start=\"2519\" data-end=\"2918\">Vlashents fr\u00fche musikalische Erz\u00e4hlung war nicht nur eine technische Ausbildungsphase, sondern wurde zu einem Weg \u00e4sthetischer Bildung und innerer Reflexion, der ihn in jeder Komposition und Interpretation begleitet. F\u00fcr ihn war Musik nicht nur ein Beruf, sondern ein Mittel, die Welt um ihn herum zu verstehen, Emotionen zu messen und jedem Klang eine bewusste und durchdachte Bedeutung zu geben.<\/p>\n<p data-start=\"2920\" data-end=\"2975\" data-is-last-node=\"\" data-is-only-node=\"\"><strong>Die Aufnahme in Frankreich und der frankophone Einfluss<\/strong><\/p>\n<p><a href=\"https:\/\/www.albinfo.ch\/wp-content\/uploads\/2025\/12\/vlashent-3-a.jpg\"><img loading=\"lazy\" decoding=\"async\" class=\"alignnone wp-image-880199\" src=\"https:\/\/www.albinfo.ch\/wp-content\/uploads\/2025\/12\/vlashent-3-a.jpg\" alt=\"\" width=\"600\" height=\"453\" srcset=\"https:\/\/www.albinfo.ch\/wp-content\/uploads\/2025\/12\/vlashent-3-a.jpg 937w, https:\/\/www.albinfo.ch\/wp-content\/uploads\/2025\/12\/vlashent-3-a-300x226.jpg 300w, https:\/\/www.albinfo.ch\/wp-content\/uploads\/2025\/12\/vlashent-3-a-768x579.jpg 768w, https:\/\/www.albinfo.ch\/wp-content\/uploads\/2025\/12\/vlashent-3-a-525x396.jpg 525w, https:\/\/www.albinfo.ch\/wp-content\/uploads\/2025\/12\/vlashent-3-a-133x100.jpg 133w, https:\/\/www.albinfo.ch\/wp-content\/uploads\/2025\/12\/vlashent-3-a-232x175.jpg 232w\" sizes=\"auto, (max-width: 600px) 100vw, 600px\" \/><\/a><\/p>\n<p><strong>Photo: Rromir Imami<\/strong><\/p>\n<p data-start=\"1007\" data-end=\"1418\">F\u00fcr Vlashent ist Paris mehr als nur eine Stadt, es ist ein kultureller Horizont. Ein weltweites Zentrum, in dem Sprachen, Formen und \u00c4sthetiken auf nat\u00fcrliche Weise nebeneinander bestehen und eine Atmosph\u00e4re schaffen, die den K\u00fcnstler n\u00e4hrt. Gerade in diesem offenen Raum fand seine albanische Musik eine warme und aufrichtige Aufnahme, ein Beweis daf\u00fcr, dass echte Emotion die Sprachgrenze leicht \u00fcberwindet.<\/p>\n<p data-start=\"1420\" data-end=\"1796\"><strong>albinfo.ch:<\/strong>Wie wurde Ihre Musik in Frankreich aufgenommen?<br data-start=\"1479\" data-end=\"1482\" \/><strong>Vlashent Sata:<\/strong> Paris ist ein Labor der Kulturen. Selbst wenn die Texte auf Albanisch sind, reist die Emotion allein. &#8220;Auch wenn das Publikum die Worte nicht versteht, findet die Emotion ihren Weg.&#8221; Dort wurde meine Musik mit Aufrichtigkeit aufgenommen, weil die Verbindung zwischen Wort und Klang sehr stark ist.<\/p>\n<p data-start=\"1798\" data-end=\"1901\">Frankreich hat ihr eine neue \u00e4sthetische Schicht verliehen: intellektuelle Suche, Klarheit, Feinheit.<\/p>\n<p data-start=\"1903\" data-end=\"1933\" data-is-last-node=\"\" data-is-only-node=\"\"><strong>Identit\u00e4t zwischen zwei Welten<\/strong><\/p>\n<p><a href=\"https:\/\/www.albinfo.ch\/wp-content\/uploads\/2025\/12\/vlashent-4-a.jpg\"><img loading=\"lazy\" decoding=\"async\" class=\"alignnone wp-image-880202\" src=\"https:\/\/www.albinfo.ch\/wp-content\/uploads\/2025\/12\/vlashent-4-a.jpg\" alt=\"\" width=\"600\" height=\"446\" srcset=\"https:\/\/www.albinfo.ch\/wp-content\/uploads\/2025\/12\/vlashent-4-a.jpg 940w, https:\/\/www.albinfo.ch\/wp-content\/uploads\/2025\/12\/vlashent-4-a-300x223.jpg 300w, https:\/\/www.albinfo.ch\/wp-content\/uploads\/2025\/12\/vlashent-4-a-768x571.jpg 768w, https:\/\/www.albinfo.ch\/wp-content\/uploads\/2025\/12\/vlashent-4-a-533x396.jpg 533w, https:\/\/www.albinfo.ch\/wp-content\/uploads\/2025\/12\/vlashent-4-a-134x100.jpg 134w, https:\/\/www.albinfo.ch\/wp-content\/uploads\/2025\/12\/vlashent-4-a-235x175.jpg 235w\" sizes=\"auto, (max-width: 600px) 100vw, 600px\" \/><\/a><\/p>\n<p><strong>Photo: Rromir Imami<\/strong><\/p>\n<p data-start=\"1322\" data-end=\"1669\"><strong>albinfo.ch:<\/strong> Wie erleben Sie heute Ihre Identit\u00e4t zwischen Albanien und Frankreich?<br data-start=\"1422\" data-end=\"1425\" \/><strong>Vlashent Sata:<\/strong> Albanien ist die Wurzel, die Sehnsucht, die Erinnerungen. Frankreich ist die elegante Art, diese Gef\u00fchle in Kunst zu verwandeln. &#8221; Albanien ist meine Nostalgie, Frankreich ist ihre Eleganz.&#8221; Beide sind untrennbare Teile von mir.<\/p>\n<p data-start=\"1671\" data-end=\"2022\">Diese Verbindung bildet das Herz seiner Musik: eine ruhige Synthese zwischen Gef\u00fchl und Form, in der Zugeh\u00f6rigkeit sich auf nat\u00fcrliche Weise mit dem Universellen verbindet. In diesem inneren Gleichgewicht erschafft Vlashent eine k\u00fcnstlerische Sprache, die tiefe Wurzeln tr\u00e4gt und zugleich mit einer Feinheit spricht, die Zeit und Grenzen \u00fcberwindet.<\/p>\n<p data-start=\"2024\" data-end=\"2054\"><strong>Originalit\u00e4t und Inspiration<\/strong><\/p>\n<p data-start=\"2056\" data-end=\"2349\"><strong>albinfo.ch:<\/strong> Woher kommt dieser so pers\u00f6nliche Ausdruck Ihrer Musik?<br data-start=\"2123\" data-end=\"2126\" \/><strong>Vlashent Sata:<\/strong> Ich glaube, jeder echte K\u00fcnstler ist im Kern pers\u00f6nlich. &#8220;Wenn du nicht aufrichtig bist, kannst du das Universelle nicht erreichen.&#8221; Originalit\u00e4t ist kein Ziel, sondern das Ergebnis einer inneren Erfahrung.<\/p>\n<p data-start=\"2351\" data-end=\"2620\">F\u00fcr ihn entsteht Inspiration im Menschen, in den sensiblen Beziehungen, in den kleinen Gesten, die oft unbeachtet bleiben und doch eine ganze emotionale Welt in sich tragen, in Erinnerungen, die leise die ersten Melodien wecken und zum Keim eines neuen Liedes werden.<\/p>\n<p data-start=\"2622\" data-end=\"2656\" data-is-last-node=\"\" data-is-only-node=\"\"><strong>&#8221; Z\u00e2 Festi &#8221; &#8211; Identit\u00e4t und Wurzeln<\/strong><\/p>\n<p><a href=\"https:\/\/www.albinfo.ch\/wp-content\/uploads\/2025\/12\/vlashent-5-a.jpg\"><img loading=\"lazy\" decoding=\"async\" class=\"alignnone wp-image-880205\" src=\"https:\/\/www.albinfo.ch\/wp-content\/uploads\/2025\/12\/vlashent-5-a.jpg\" alt=\"\" width=\"600\" height=\"460\" srcset=\"https:\/\/www.albinfo.ch\/wp-content\/uploads\/2025\/12\/vlashent-5-a.jpg 795w, https:\/\/www.albinfo.ch\/wp-content\/uploads\/2025\/12\/vlashent-5-a-300x230.jpg 300w, https:\/\/www.albinfo.ch\/wp-content\/uploads\/2025\/12\/vlashent-5-a-768x588.jpg 768w, https:\/\/www.albinfo.ch\/wp-content\/uploads\/2025\/12\/vlashent-5-a-517x396.jpg 517w, https:\/\/www.albinfo.ch\/wp-content\/uploads\/2025\/12\/vlashent-5-a-131x100.jpg 131w, https:\/\/www.albinfo.ch\/wp-content\/uploads\/2025\/12\/vlashent-5-a-228x175.jpg 228w\" sizes=\"auto, (max-width: 600px) 100vw, 600px\" \/><\/a><\/p>\n<p><strong>Foto: Rromir Imami<\/strong><\/p>\n<p data-start=\"465\" data-end=\"746\"><strong>albinfo.ch:<\/strong> Was macht &#8221; Z\u00e2 Festi &#8221; so besonders?<br data-start=\"529\" data-end=\"532\" \/><strong>Vlashent Sata:<\/strong> Seine Identit\u00e4t. &#8221; Das Publikum kann man nicht kaufen. Es sp\u00fcrt, wenn du echt bist.&#8221; Das Festival ist ein Raum, in dem sich die Menschen geistig befreien und sich mit ihren Wurzeln verbunden f\u00fchlen.<\/p>\n<p data-start=\"748\" data-end=\"886\">&#8221; Z\u00e2 Festi &#8221; ist zu einem Symbol geworden, das Tradition und Moderne verbindet und dem Publikum ein seltenes \u00e4sthetisches Erlebnis bietet.<\/p>\n<p data-start=\"888\" data-end=\"955\" data-is-last-node=\"\" data-is-only-node=\"\"><strong>Das Konzert in Bern, ein besonderer Abend, der im Ged\u00e4chtnis bleibt<\/strong><\/p>\n<p><strong><a href=\"https:\/\/www.albinfo.ch\/wp-content\/uploads\/2025\/12\/vlashent-6a.jpg\"><img loading=\"lazy\" decoding=\"async\" class=\"alignnone wp-image-880209\" src=\"https:\/\/www.albinfo.ch\/wp-content\/uploads\/2025\/12\/vlashent-6a.jpg\" alt=\"\" width=\"600\" height=\"453\" srcset=\"https:\/\/www.albinfo.ch\/wp-content\/uploads\/2025\/12\/vlashent-6a.jpg 933w, https:\/\/www.albinfo.ch\/wp-content\/uploads\/2025\/12\/vlashent-6a-300x227.jpg 300w, https:\/\/www.albinfo.ch\/wp-content\/uploads\/2025\/12\/vlashent-6a-768x580.jpg 768w, https:\/\/www.albinfo.ch\/wp-content\/uploads\/2025\/12\/vlashent-6a-524x396.jpg 524w, https:\/\/www.albinfo.ch\/wp-content\/uploads\/2025\/12\/vlashent-6a-132x100.jpg 132w, https:\/\/www.albinfo.ch\/wp-content\/uploads\/2025\/12\/vlashent-6a-232x175.jpg 232w\" sizes=\"auto, (max-width: 600px) 100vw, 600px\" \/><\/a>\u00a0<\/strong><\/p>\n<p><strong>Photo: Rromir Imami<\/strong><\/p>\n<p data-start=\"1342\" data-end=\"1692\">Das Konzert in Bern wurde zu einem der bewegendsten Momente seines k\u00fcnstlerischen Weges in der Schweiz. An diesem Abend zeigte sich das albanische Publikum offen, emotional und authentisch. Eine wichtige Rolle spielte die Organisation und Koordination all jener Elemente, die das Konzert zu einem unvergesslichen Erlebnis machten.<\/p>\n<p data-start=\"1694\" data-end=\"2265\"><strong>albinfo.ch:<\/strong> Wie haben Sie diesen Abend erlebt?<br data-start=\"1740\" data-end=\"1743\" \/><strong>Vlashent Sata:<\/strong> Es war ein au\u00dfergew\u00f6hnlich sch\u00f6ner Abend. Das Publikum gab mir eine Energie, die ich nie vergessen werde. &#8221; F\u00fcnfzigj\u00e4hrige M\u00e4nner sagten mir, dass sie zum ersten Mal bei einem Konzert geweint haben.&#8221; Das ist die Kraft der Musik, sie schafft eine gemeinsame Umarmung zwischen den Menschen. Ich m\u00f6chte auch Anjeza Shyti Elmazi danken, die ein wesentlicher Teil dieses Weges wurde. Ihr Beitrag zur Organisation war wertvoll und trug dazu bei, dass alles mit so viel Harmonie und Professionalit\u00e4t erlebt wurde.<\/p>\n<p data-start=\"2267\" data-end=\"2311\">Das Lied &#8221; Bab\u00eb &#8221; &#8211; ein pers\u00f6nliches Denkmal<\/p>\n<p data-start=\"2313\" data-end=\"2642\"><strong>albinfo.ch:<\/strong> Was bedeutet &#8221; Bab\u00eb &#8221; f\u00fcr Sie?<br data-start=\"2353\" data-end=\"2356\" \/><strong>Vlashent Sata:<\/strong> Es ist eines der st\u00e4rksten Lieder, die ich geschrieben habe. Ich sang es meinem Vater \u00fcber eine Skype Verbindung vor. &#8221; Er sagte mir, dass er nicht alle Worte verstanden habe, aber sich dem Wort \u2018bab\u00eb &#8221; hingab.\u201d Dieses Lied ist Erinnerung, Licht und bedingungslose Liebe.<\/p>\n<p><strong>Pl\u00e4ne, Vision und pers\u00f6nliche Philosophie<\/strong><\/p>\n<p><strong> <a href=\"https:\/\/www.albinfo.ch\/wp-content\/uploads\/2025\/12\/vlashent-7-a.jpg\"><img loading=\"lazy\" decoding=\"async\" class=\"alignnone wp-image-880212\" src=\"https:\/\/www.albinfo.ch\/wp-content\/uploads\/2025\/12\/vlashent-7-a.jpg\" alt=\"\" width=\"600\" height=\"450\" srcset=\"https:\/\/www.albinfo.ch\/wp-content\/uploads\/2025\/12\/vlashent-7-a.jpg 940w, https:\/\/www.albinfo.ch\/wp-content\/uploads\/2025\/12\/vlashent-7-a-300x225.jpg 300w, https:\/\/www.albinfo.ch\/wp-content\/uploads\/2025\/12\/vlashent-7-a-768x576.jpg 768w, https:\/\/www.albinfo.ch\/wp-content\/uploads\/2025\/12\/vlashent-7-a-528x396.jpg 528w, https:\/\/www.albinfo.ch\/wp-content\/uploads\/2025\/12\/vlashent-7-a-133x100.jpg 133w, https:\/\/www.albinfo.ch\/wp-content\/uploads\/2025\/12\/vlashent-7-a-233x175.jpg 233w\" sizes=\"auto, (max-width: 600px) 100vw, 600px\" \/><\/a><\/strong><\/p>\n<p><strong>Photo: Rromir Imami<\/strong><\/p>\n<p data-start=\"1059\" data-end=\"1296\">Sata \u00e4u\u00dfert den Wunsch, wieder Konzerte im Kosovo, in Albanien, in Nordmazedonien und dar\u00fcber hinaus zu geben.<br data-start=\"1187\" data-end=\"1190\" \/>Er definiert Gl\u00fcck ganz einfach: &#8221; Gl\u00fcck ist, wenn mir jemand sagt: du hast mich lebendig f\u00fchlen lassen.&#8221;<\/p>\n<p data-start=\"1298\" data-end=\"1550\">Auch au\u00dferhalb der B\u00fchne bleibt er derselbe: sensibel, bescheiden und bestrebt, sich weiterzuentwickeln. Seine Philosophie fasst sich in dem inzwischen bekannten Vers zusammen: &#8220;K\u00e4mpfe darum, ein guter Mensch zu sein, dann wirst du umso freier sein.&#8221;<\/p>\n<p data-start=\"1552\" data-end=\"2204\">Am Ende dieses Interviews zeigt sich Vlashent Sata als ein K\u00fcnstler mit gefestigtem Profil, der eine reife und best\u00e4ndige Herangehensweise an die Musik pflegt. Seine Reflexionen offenbaren einen Sch\u00f6pfer, der die \u00e4sthetische Erfahrung der franz\u00f6sischen Schule mit seiner albanischen Zugeh\u00f6rigkeit kunstvoll verbindet und so eine unverwechselbare und best\u00e4ndige k\u00fcnstlerische Identit\u00e4t formt.<br data-start=\"1943\" data-end=\"1946\" \/>Seine klare Ausdrucksweise, seine berufliche Integrit\u00e4t und seine \u00e4sthetische Vision z\u00e4hlen ihn zu den ernsthaftesten und einflussreichsten Stimmen unserer zeitgen\u00f6ssischen Musik und machen ihn zu einem bedeutenden Beitragenden der albanischen Kulturszene.<\/p>\n<p data-start=\"2206\" data-end=\"2233\" data-is-last-node=\"\" data-is-only-node=\"\">Interview von Luljeta Ademi<\/p>\n<p>&nbsp;<\/p>\n","protected":false},"excerpt":{"rendered":"<p>Vlashent Sata, eine k\u00fcnstlerische Identit\u00e4t, die Wurzeln mit zeitgen\u00f6ssischer \u00c4sthetik vereint. Interview mit dem K\u00fcnstler, der frankophone Feinheit mit albanischer emotionaler Tiefe verbindet.<\/p>\n","protected":false},"author":6,"featured_media":880195,"comment_status":"closed","ping_status":"closed","sticky":false,"template":"","format":"standard","meta":{"footnotes":""},"categories":[24659,3953,1133,1138],"tags":[],"vendi":[],"content_country":[],"class_list":["post-880503","post","type-post","status-publish","format-standard","has-post-thumbnail","hentry","category-musik","category-intervista-de","category-e-diaspora-de","category-kultur"],"acf":[],"_links":{"self":[{"href":"https:\/\/www.albinfo.ch\/de\/wp-json\/wp\/v2\/posts\/880503","targetHints":{"allow":["GET"]}}],"collection":[{"href":"https:\/\/www.albinfo.ch\/de\/wp-json\/wp\/v2\/posts"}],"about":[{"href":"https:\/\/www.albinfo.ch\/de\/wp-json\/wp\/v2\/types\/post"}],"author":[{"embeddable":true,"href":"https:\/\/www.albinfo.ch\/de\/wp-json\/wp\/v2\/users\/6"}],"replies":[{"embeddable":true,"href":"https:\/\/www.albinfo.ch\/de\/wp-json\/wp\/v2\/comments?post=880503"}],"version-history":[{"count":1,"href":"https:\/\/www.albinfo.ch\/de\/wp-json\/wp\/v2\/posts\/880503\/revisions"}],"predecessor-version":[{"id":880507,"href":"https:\/\/www.albinfo.ch\/de\/wp-json\/wp\/v2\/posts\/880503\/revisions\/880507"}],"wp:featuredmedia":[{"embeddable":true,"href":"https:\/\/www.albinfo.ch\/de\/wp-json\/wp\/v2\/media\/880195"}],"wp:attachment":[{"href":"https:\/\/www.albinfo.ch\/de\/wp-json\/wp\/v2\/media?parent=880503"}],"wp:term":[{"taxonomy":"category","embeddable":true,"href":"https:\/\/www.albinfo.ch\/de\/wp-json\/wp\/v2\/categories?post=880503"},{"taxonomy":"post_tag","embeddable":true,"href":"https:\/\/www.albinfo.ch\/de\/wp-json\/wp\/v2\/tags?post=880503"},{"taxonomy":"vendi","embeddable":true,"href":"https:\/\/www.albinfo.ch\/de\/wp-json\/wp\/v2\/vendi?post=880503"},{"taxonomy":"content_country","embeddable":true,"href":"https:\/\/www.albinfo.ch\/de\/wp-json\/wp\/v2\/content_country?post=880503"}],"curies":[{"name":"wp","href":"https:\/\/api.w.org\/{rel}","templated":true}]}}