{"id":880704,"date":"2025-12-06T06:30:12","date_gmt":"2025-12-06T05:30:12","guid":{"rendered":"https:\/\/www.albinfo.ch\/?p=880704"},"modified":"2025-12-07T00:40:55","modified_gmt":"2025-12-06T23:40:55","slug":"rita-ora-glaenzt-beim-red-sea-international-film-festival","status":"publish","type":"post","link":"https:\/\/www.albinfo.ch\/de\/rita-ora-glaenzt-beim-red-sea-international-film-festival\/","title":{"rendered":"Rita Ora gl\u00e4nzt beim Red Sea International Film Festival"},"content":{"rendered":"<article class=\"text-token-text-primary w-full focus:outline-none [--shadow-height:45px] has-data-writing-block:pointer-events-none has-data-writing-block:-mt-(--shadow-height) has-data-writing-block:pt-(--shadow-height) [&amp;:has([data-writing-block])&gt;*]:pointer-events-auto scroll-mt-[calc(var(--header-height)+min(200px,max(70px,20svh)))]\" dir=\"auto\" tabindex=\"-1\" data-turn-id=\"request-WEB:a943ac43-9d3b-4395-964e-9f9b6283e17d-8\" data-testid=\"conversation-turn-18\" data-scroll-anchor=\"true\" data-turn=\"assistant\">\n<div class=\"text-base my-auto mx-auto pb-10 [--thread-content-margin:--spacing(4)] @w-sm\/main:[--thread-content-margin:--spacing(6)] @w-lg\/main:[--thread-content-margin:--spacing(16)] px-(--thread-content-margin)\">\n<div class=\"[--thread-content-max-width:40rem] @w-lg\/main:[--thread-content-max-width:48rem] mx-auto max-w-(--thread-content-max-width) flex-1 group\/turn-messages focus-visible:outline-hidden relative flex w-full min-w-0 flex-col agent-turn\" tabindex=\"-1\">\n<div class=\"flex max-w-full flex-col grow\">\n<div class=\"min-h-8 text-message relative flex w-full flex-col items-end gap-2 text-start break-words whitespace-normal [.text-message+&amp;]:mt-1\" dir=\"auto\" data-message-author-role=\"assistant\" data-message-id=\"17414a50-e320-4fef-a121-bb2fc768a0c1\" data-message-model-slug=\"gpt-5-1\">\n<div class=\"flex w-full flex-col gap-1 empty:hidden first:pt-[1px]\">\n<div class=\"markdown prose dark:prose-invert w-full break-words light markdown-new-styling\">\n<p data-start=\"1431\" data-end=\"1712\">Die albanisch britische S\u00e4ngerin Rita Ora geh\u00f6rte zu den meistkommentierten Pers\u00f6nlichkeiten des Abends bei der diesj\u00e4hrigen Ausgabe des Red Sea International Film Festival, das vom 4. bis 13. Dezember im historischen Viertel Al Balad in Dschidda stattfindet, berichtet albinfo.ch.<\/p>\n<p data-start=\"1714\" data-end=\"2099\">Der rote Teppich am Donnerstag versammelte gro\u00dfe Namen des Weltkinos, von Hollywood \u00fcber Bollywood bis hin zur Filmindustrie des Nahen Ostens. Unter den G\u00e4sten stachen Pers\u00f6nlichkeiten wie Adrien Brody, Queen Latifah, Kirsten Dunst, Jessica Alba, Uma Thurman, Ana de Armas und Daniel Kaluuya hervor, w\u00e4hrend besondere Aufmerksamkeit \u00e4ven iu kushtua der albanischen K\u00fcnstlerin Rita Ora.<\/p>\n<p data-start=\"2101\" data-end=\"2357\">Rita erschien in einem eleganten schwarzen Kleid mit mutigen Details und modernen Linien, w\u00e4hrend ihre hochgesteckten Haare ihr Auftreten mit einer klassischen und raffinierten Note erg\u00e4nzten. Viele Medien z\u00e4hlten sie zu den auff\u00e4lligsten Looks des Abends.<\/p>\n<p data-start=\"2359\" data-end=\"2619\">In einer Reaktion in den sozialen Netzwerken bedankte sie sich bei ihrem Team f\u00fcr die Unterst\u00fctzung dhe tregoi se para \u00e7do paraqitjeje n\u00eb tapetin e kuq \u201eimmer ein Gespr\u00e4ch mit sich selbst f\u00fchrt\u201c, wobei sie diesen Moment als emotional und motivierend beschrieb.<\/p>\n<p data-start=\"2621\" data-end=\"2801\" data-is-last-node=\"\" data-is-only-node=\"\">Das Red Sea International Film Festival bleibt eines der bedeutendsten kulturellen Ereignisse der Region und f\u00f6rdert Filme, Talente und internationale Projekte aus der ganzen Welt.<\/p>\n<\/div>\n<\/div>\n<\/div>\n<\/div>\n<\/div>\n<\/div>\n<\/article>\n<p><img loading=\"lazy\" decoding=\"async\" class=\"alignnone wp-image-880536\" src=\"https:\/\/www.albinfo.ch\/wp-content\/uploads\/2025\/12\/img_4581-819x1024.jpeg\" alt=\"\" width=\"500\" height=\"625\" srcset=\"https:\/\/www.albinfo.ch\/wp-content\/uploads\/2025\/12\/img_4581-819x1024.jpeg 819w, https:\/\/www.albinfo.ch\/wp-content\/uploads\/2025\/12\/img_4581-240x300.jpeg 240w, https:\/\/www.albinfo.ch\/wp-content\/uploads\/2025\/12\/img_4581-768x960.jpeg 768w, https:\/\/www.albinfo.ch\/wp-content\/uploads\/2025\/12\/img_4581-317x396.jpeg 317w, https:\/\/www.albinfo.ch\/wp-content\/uploads\/2025\/12\/img_4581-80x100.jpeg 80w, https:\/\/www.albinfo.ch\/wp-content\/uploads\/2025\/12\/img_4581-140x175.jpeg 140w, https:\/\/www.albinfo.ch\/wp-content\/uploads\/2025\/12\/img_4581.jpeg 1094w\" sizes=\"auto, (max-width: 500px) 100vw, 500px\" \/> <img loading=\"lazy\" decoding=\"async\" class=\"alignleft wp-image-880539\" src=\"https:\/\/www.albinfo.ch\/wp-content\/uploads\/2025\/12\/img_4582.jpeg\" alt=\"\" width=\"500\" height=\"624\" srcset=\"https:\/\/www.albinfo.ch\/wp-content\/uploads\/2025\/12\/img_4582.jpeg 820w, https:\/\/www.albinfo.ch\/wp-content\/uploads\/2025\/12\/img_4582-240x300.jpeg 240w, https:\/\/www.albinfo.ch\/wp-content\/uploads\/2025\/12\/img_4582-768x959.jpeg 768w, https:\/\/www.albinfo.ch\/wp-content\/uploads\/2025\/12\/img_4582-317x396.jpeg 317w, https:\/\/www.albinfo.ch\/wp-content\/uploads\/2025\/12\/img_4582-80x100.jpeg 80w, https:\/\/www.albinfo.ch\/wp-content\/uploads\/2025\/12\/img_4582-140x175.jpeg 140w\" sizes=\"auto, (max-width: 500px) 100vw, 500px\" \/> <img loading=\"lazy\" decoding=\"async\" class=\"alignnone wp-image-880542\" src=\"https:\/\/www.albinfo.ch\/wp-content\/uploads\/2025\/12\/img_4583-818x1024.jpeg\" alt=\"\" width=\"500\" height=\"626\" srcset=\"https:\/\/www.albinfo.ch\/wp-content\/uploads\/2025\/12\/img_4583-818x1024.jpeg 818w, https:\/\/www.albinfo.ch\/wp-content\/uploads\/2025\/12\/img_4583-240x300.jpeg 240w, https:\/\/www.albinfo.ch\/wp-content\/uploads\/2025\/12\/img_4583-768x961.jpeg 768w, https:\/\/www.albinfo.ch\/wp-content\/uploads\/2025\/12\/img_4583-316x396.jpeg 316w, https:\/\/www.albinfo.ch\/wp-content\/uploads\/2025\/12\/img_4583-80x100.jpeg 80w, https:\/\/www.albinfo.ch\/wp-content\/uploads\/2025\/12\/img_4583-140x175.jpeg 140w, https:\/\/www.albinfo.ch\/wp-content\/uploads\/2025\/12\/img_4583.jpeg 1018w\" sizes=\"auto, (max-width: 500px) 100vw, 500px\" \/><\/p>\n","protected":false},"excerpt":{"rendered":"<p>Rita Ora geh\u00f6rt zu den meistbesprochenen Stars beim Red Sea International Film Festival<\/p>\n","protected":false},"author":6,"featured_media":880535,"comment_status":"closed","ping_status":"closed","sticky":false,"template":"","format":"standard","meta":{"footnotes":""},"categories":[23263,24659,23269,23262,24673,1138],"tags":[],"vendi":[],"content_country":[],"class_list":["post-880704","post","type-post","status-publish","format-standard","has-post-thumbnail","hentry","category-kosova-de-2","category-musik","category-news","category-at-balkani-de","category-lifestyle-de","category-kultur"],"acf":[],"_links":{"self":[{"href":"https:\/\/www.albinfo.ch\/de\/wp-json\/wp\/v2\/posts\/880704","targetHints":{"allow":["GET"]}}],"collection":[{"href":"https:\/\/www.albinfo.ch\/de\/wp-json\/wp\/v2\/posts"}],"about":[{"href":"https:\/\/www.albinfo.ch\/de\/wp-json\/wp\/v2\/types\/post"}],"author":[{"embeddable":true,"href":"https:\/\/www.albinfo.ch\/de\/wp-json\/wp\/v2\/users\/6"}],"replies":[{"embeddable":true,"href":"https:\/\/www.albinfo.ch\/de\/wp-json\/wp\/v2\/comments?post=880704"}],"version-history":[{"count":1,"href":"https:\/\/www.albinfo.ch\/de\/wp-json\/wp\/v2\/posts\/880704\/revisions"}],"predecessor-version":[{"id":880705,"href":"https:\/\/www.albinfo.ch\/de\/wp-json\/wp\/v2\/posts\/880704\/revisions\/880705"}],"wp:featuredmedia":[{"embeddable":true,"href":"https:\/\/www.albinfo.ch\/de\/wp-json\/wp\/v2\/media\/880535"}],"wp:attachment":[{"href":"https:\/\/www.albinfo.ch\/de\/wp-json\/wp\/v2\/media?parent=880704"}],"wp:term":[{"taxonomy":"category","embeddable":true,"href":"https:\/\/www.albinfo.ch\/de\/wp-json\/wp\/v2\/categories?post=880704"},{"taxonomy":"post_tag","embeddable":true,"href":"https:\/\/www.albinfo.ch\/de\/wp-json\/wp\/v2\/tags?post=880704"},{"taxonomy":"vendi","embeddable":true,"href":"https:\/\/www.albinfo.ch\/de\/wp-json\/wp\/v2\/vendi?post=880704"},{"taxonomy":"content_country","embeddable":true,"href":"https:\/\/www.albinfo.ch\/de\/wp-json\/wp\/v2\/content_country?post=880704"}],"curies":[{"name":"wp","href":"https:\/\/api.w.org\/{rel}","templated":true}]}}