{"id":881048,"date":"2025-12-08T18:30:51","date_gmt":"2025-12-08T17:30:51","guid":{"rendered":"https:\/\/www.albinfo.ch\/?p=881048"},"modified":"2025-12-09T01:00:24","modified_gmt":"2025-12-09T00:00:24","slug":"lambassade-de-suisse-au-kosovo-publie-un-avis-concernant-les-fausses-informations-sur-lemploi-des-etrangers","status":"publish","type":"post","link":"https:\/\/www.albinfo.ch\/de\/lambassade-de-suisse-au-kosovo-publie-un-avis-concernant-les-fausses-informations-sur-lemploi-des-etrangers\/","title":{"rendered":"Die Schweizer Botschaft im Kosovo gibt eine Mitteilung zu den Falschmeldungen \u00fcber die Besch\u00e4ftigung von Ausl\u00e4ndern heraus"},"content":{"rendered":"<p data-start=\"1014\" data-end=\"1232\">Die Schweizer Botschaft im Kosovo hat eine Mitteilung zu den Falschmeldungen ver\u00f6ffentlicht.<br data-start=\"1124\" data-end=\"1127\" \/>Die Mitteilung erl\u00e4utert die Frage der Besch\u00e4ftigung von Ausl\u00e4ndern in der Schweiz, berichtet albinfo.ch.<\/p>\n<p data-start=\"1234\" data-end=\"1970\" data-is-last-node=\"\" data-is-only-node=\"\">&#8220;Vorsicht vor Falschmeldungen. In letzter Zeit haben soziale Netzwerke und verschiedene Online Medien die Behauptung verbreitet, die Schweiz \u00f6ffne ihren Arbeitsmarkt f\u00fcr 85 000 ausl\u00e4ndische Arbeitskr\u00e4fte. Diese Informationen sind falsch. Wie in der offiziellen Pressemitteilung vom 19. November 2025 erkl\u00e4rt wird, hat der Schweizer Bundesrat beschlossen, die bestehenden Kontingente f\u00fcr Staatsangeh\u00f6rige von Drittstaaten au\u00dferhalb des Schengen Raums f\u00fcr das Jahr 2026 beizubehalten. Maximal 8 500 qualifizierte Arbeitskr\u00e4fte und Fachpersonen aus Drittstaaten k\u00f6nnen im kommenden Jahr in der Schweiz angeworben werden. Dazu geh\u00f6ren 4 500 Aufenthaltsbewilligungen B und 4 000 Kurzaufenthaltsbewilligungen L &#8220;, hei\u00dft es in der Mitteilung.<\/p>\n<figure id=\"attachment_880849\" aria-describedby=\"caption-attachment-880849\" style=\"width: 600px\" class=\"wp-caption alignnone\"><a href=\"https:\/\/www.albinfo.ch\/wp-content\/uploads\/2025\/12\/596867928_1293894062780051_7472834271100488586_n.jpg\"><img loading=\"lazy\" decoding=\"async\" class=\"wp-image-880849\" src=\"https:\/\/www.albinfo.ch\/wp-content\/uploads\/2025\/12\/596867928_1293894062780051_7472834271100488586_n.jpg\" alt=\"\" width=\"600\" height=\"500\" srcset=\"https:\/\/www.albinfo.ch\/wp-content\/uploads\/2025\/12\/596867928_1293894062780051_7472834271100488586_n.jpg 844w, https:\/\/www.albinfo.ch\/wp-content\/uploads\/2025\/12\/596867928_1293894062780051_7472834271100488586_n-300x250.jpg 300w, https:\/\/www.albinfo.ch\/wp-content\/uploads\/2025\/12\/596867928_1293894062780051_7472834271100488586_n-768x640.jpg 768w, https:\/\/www.albinfo.ch\/wp-content\/uploads\/2025\/12\/596867928_1293894062780051_7472834271100488586_n-475x396.jpg 475w, https:\/\/www.albinfo.ch\/wp-content\/uploads\/2025\/12\/596867928_1293894062780051_7472834271100488586_n-120x100.jpg 120w, https:\/\/www.albinfo.ch\/wp-content\/uploads\/2025\/12\/596867928_1293894062780051_7472834271100488586_n-210x175.jpg 210w\" sizes=\"auto, (max-width: 600px) 100vw, 600px\" \/><\/a><figcaption id=\"caption-attachment-880849\" class=\"wp-caption-text\">Foto FB: Embassy of Switzerland in Kosovo<\/figcaption><\/figure>\n","protected":false},"excerpt":{"rendered":"<p>Die Schweizer Botschaft im Kosovo hat eine Mitteilung zu den Falschmeldungen ver\u00f6ffentlicht.Die Mitteilung erl\u00e4utert die Frage der Besch\u00e4ftigung von Ausl\u00e4ndern in der Schweiz, berichtet albinfo.ch. &#8220;Vorsicht vor Falschmeldungen. In letzter Zeit haben soziale Netzwerke und verschiedene Online Medien die Behauptung verbreitet, die Schweiz \u00f6ffne ihren Arbeitsmarkt f\u00fcr 85 000 ausl\u00e4ndische Arbeitskr\u00e4fte. Diese Informationen sind falsch. [&hellip;]<\/p>\n","protected":false},"author":6,"featured_media":577542,"comment_status":"closed","ping_status":"closed","sticky":false,"template":"","format":"standard","meta":{"footnotes":""},"categories":[33056,23263,1130,23262,1129,1412,2015],"tags":[],"vendi":[],"content_country":[],"class_list":["post-881048","post","type-post","status-publish","format-standard","has-post-thumbnail","hentry","category-de-balkani-de","category-kosova-de-2","category-aktuell","category-at-balkani-de","category-ch-balkan","category-newsletter-de","category-newsletter-media-de"],"acf":[],"_links":{"self":[{"href":"https:\/\/www.albinfo.ch\/de\/wp-json\/wp\/v2\/posts\/881048","targetHints":{"allow":["GET"]}}],"collection":[{"href":"https:\/\/www.albinfo.ch\/de\/wp-json\/wp\/v2\/posts"}],"about":[{"href":"https:\/\/www.albinfo.ch\/de\/wp-json\/wp\/v2\/types\/post"}],"author":[{"embeddable":true,"href":"https:\/\/www.albinfo.ch\/de\/wp-json\/wp\/v2\/users\/6"}],"replies":[{"embeddable":true,"href":"https:\/\/www.albinfo.ch\/de\/wp-json\/wp\/v2\/comments?post=881048"}],"version-history":[{"count":3,"href":"https:\/\/www.albinfo.ch\/de\/wp-json\/wp\/v2\/posts\/881048\/revisions"}],"predecessor-version":[{"id":881133,"href":"https:\/\/www.albinfo.ch\/de\/wp-json\/wp\/v2\/posts\/881048\/revisions\/881133"}],"wp:featuredmedia":[{"embeddable":true,"href":"https:\/\/www.albinfo.ch\/de\/wp-json\/wp\/v2\/media\/577542"}],"wp:attachment":[{"href":"https:\/\/www.albinfo.ch\/de\/wp-json\/wp\/v2\/media?parent=881048"}],"wp:term":[{"taxonomy":"category","embeddable":true,"href":"https:\/\/www.albinfo.ch\/de\/wp-json\/wp\/v2\/categories?post=881048"},{"taxonomy":"post_tag","embeddable":true,"href":"https:\/\/www.albinfo.ch\/de\/wp-json\/wp\/v2\/tags?post=881048"},{"taxonomy":"vendi","embeddable":true,"href":"https:\/\/www.albinfo.ch\/de\/wp-json\/wp\/v2\/vendi?post=881048"},{"taxonomy":"content_country","embeddable":true,"href":"https:\/\/www.albinfo.ch\/de\/wp-json\/wp\/v2\/content_country?post=881048"}],"curies":[{"name":"wp","href":"https:\/\/api.w.org\/{rel}","templated":true}]}}