{"id":881057,"date":"2025-12-08T19:00:50","date_gmt":"2025-12-08T18:00:50","guid":{"rendered":"https:\/\/www.albinfo.ch\/?p=881057"},"modified":"2025-12-09T00:05:26","modified_gmt":"2025-12-08T23:05:26","slug":"wo-in-der-schweiz-ist-heute-ein-feiertag-und-warum","status":"publish","type":"post","link":"https:\/\/www.albinfo.ch\/de\/wo-in-der-schweiz-ist-heute-ein-feiertag-und-warum\/","title":{"rendered":"Wo in der Schweiz ist heute ein Feiertag und warum"},"content":{"rendered":"<p data-start=\"2779\" data-end=\"2947\">Man kann wissen, dass der 8. Dezember das Fest der Unbefleckten Empf\u00e4ngnis ist und dass er in vielen Schweizer Kantonen ein gesetzlicher Feiertag ist.<\/p>\n<p data-start=\"2949\" data-end=\"3185\">In diesem Jahr f\u00e4llt der 8. Dezember auf einen Montag, was bedeutet, dass Arbeiterinnen und Arbeiter in 13 mehrheitlich katholischen Kantonen und Gemeinden der Schweiz, in denen der Feiertag begangen wird, einen freien Tag haben werden.<\/p>\n<p data-start=\"3187\" data-end=\"3212\">Was genau wird gefeiert<\/p>\n<p data-start=\"3214\" data-end=\"3609\">Dieser katholische Feiertag erinnert an die Unbefleckte Empf\u00e4ngnis, die viele f\u00e4lschlicherweise als Empf\u00e4ngnis Jesu durch Maria verstehen.<br data-start=\"3352\" data-end=\"3355\" \/>Tats\u00e4chlich markiert er die Empf\u00e4ngnis Marias selbst. Ihre Mutter, die heilige Anna, wurde nach katholischem Glauben auf nat\u00fcrliche biologische Weise schwanger, doch die Empf\u00e4ngnis war unbefleckt, weil Gott eingriff und Maria vom Erbs\u00fcndenmakel befreite.<\/p>\n<p data-start=\"3611\" data-end=\"3981\">Nach katholischer Lehre werden alle Menschen mit der Erbs\u00fcnde geboren, weshalb Neugeborene unmittelbar nach der Geburt getauft werden, um als w\u00fcrdig f\u00fcr den Eintritt ins Paradies zu gelten. Maria jedoch wurde nie von der Erbs\u00fcnde ber\u00fchrt und blieb von dem Moment ihrer Empf\u00e4ngnis an unbefleckt, da Gott wusste, dass sie eines Tages Jesus Christus zur Welt bringen w\u00fcrde.<\/p>\n<p data-start=\"3983\" data-end=\"4147\">Obwohl das Ereignis bereits im siebten Jahrhundert gefeiert wurde, wurde der 8. Dezember erst im Jahr 1854 vom Papst Pius IX. offiziell als heiliger Tag ausgerufen.<\/p>\n<p data-start=\"4149\" data-end=\"4171\">Wie wird er gefeiert<\/p>\n<p data-start=\"4173\" data-end=\"4649\">F\u00fcr manche Menschen bedeutet dieses Datum einen arbeitsfreien Tag, wenn es auf einen Wochentag f\u00e4llt, und ein Zusammenkommen bei einem Familienessen.<br data-start=\"4322\" data-end=\"4325\" \/>F\u00e4llt der Feiertag jedoch auf ein Wochenende, wie zum Beispiel am Ostersonntag, gibt es keinen zus\u00e4tzlichen freien Tag unter der Woche. Einige Kirchen haben ihren Gottesdienst jedoch gelegentlich auf den folgenden Tag verlegt, wenn der Feiertag mit einem Adventssonntag zusammenfiel, schreibt thelocal, berichtet albinfo.ch.<\/p>\n<p data-start=\"4651\" data-end=\"4824\">Die Schweiz hat viele Kirchen und Kapellen, die Maria gewidmet sind, wie St. Marien in Basel, die Marienkirche in Bern oder die Wallfahrtskirche Madonna del Sasso im Tessin.<\/p>\n<p data-start=\"4826\" data-end=\"4853\">Welche Kantone feiern ihn<\/p>\n<p data-start=\"4855\" data-end=\"5362\" data-is-last-node=\"\" data-is-only-node=\"\">Feiertag ist er in Appenzell Innerrhoden, Freiburg, Luzern, Nidwalden, Obwalden, Schwyz, Tessin, Uri, Wallis und Zug.<br data-start=\"4972\" data-end=\"4975\" \/>Er wird auch fast im gesamten Kanton Solothurn gefeiert, mit Ausnahme des Bezirks Bucheggberg.<br data-start=\"5069\" data-end=\"5072\" \/>Im Kanton Aargau ist der Feiertag nur in Laufenburg, Muri und in Teilen von Rheinfelden wie Hellikon, Mumpf, Obermumpf, Schupfart, Stein und Wegstetten offiziell.<br data-start=\"5234\" data-end=\"5237\" \/>Die Unbefleckte Empf\u00e4ngnis ist zudem in einigen Regionen Graub\u00fcndens ein offizieller Feiertag, jedoch nicht im ganzen Kanton.<\/p>\n","protected":false},"excerpt":{"rendered":"<p>Man kann wissen, dass der 8. Dezember das Fest der Unbefleckten Empf\u00e4ngnis ist und dass er in vielen Schweizer Kantonen ein gesetzlicher Feiertag ist. In diesem Jahr f\u00e4llt der 8. Dezember auf einen Montag, was bedeutet, dass Arbeiterinnen und Arbeiter in 13 mehrheitlich katholischen Kantonen und Gemeinden der Schweiz, in denen der Feiertag begangen wird, [&hellip;]<\/p>\n","protected":false},"author":6,"featured_media":665364,"comment_status":"closed","ping_status":"closed","sticky":false,"template":"","format":"standard","meta":{"footnotes":""},"categories":[22804,23121],"tags":[],"vendi":[],"content_country":[],"class_list":["post-881057","post","type-post","status-publish","format-standard","has-post-thumbnail","hentry","category-leben-in-deutschland","category-nachrichten-de"],"acf":[],"_links":{"self":[{"href":"https:\/\/www.albinfo.ch\/de\/wp-json\/wp\/v2\/posts\/881057","targetHints":{"allow":["GET"]}}],"collection":[{"href":"https:\/\/www.albinfo.ch\/de\/wp-json\/wp\/v2\/posts"}],"about":[{"href":"https:\/\/www.albinfo.ch\/de\/wp-json\/wp\/v2\/types\/post"}],"author":[{"embeddable":true,"href":"https:\/\/www.albinfo.ch\/de\/wp-json\/wp\/v2\/users\/6"}],"replies":[{"embeddable":true,"href":"https:\/\/www.albinfo.ch\/de\/wp-json\/wp\/v2\/comments?post=881057"}],"version-history":[{"count":1,"href":"https:\/\/www.albinfo.ch\/de\/wp-json\/wp\/v2\/posts\/881057\/revisions"}],"predecessor-version":[{"id":881058,"href":"https:\/\/www.albinfo.ch\/de\/wp-json\/wp\/v2\/posts\/881057\/revisions\/881058"}],"wp:featuredmedia":[{"embeddable":true,"href":"https:\/\/www.albinfo.ch\/de\/wp-json\/wp\/v2\/media\/665364"}],"wp:attachment":[{"href":"https:\/\/www.albinfo.ch\/de\/wp-json\/wp\/v2\/media?parent=881057"}],"wp:term":[{"taxonomy":"category","embeddable":true,"href":"https:\/\/www.albinfo.ch\/de\/wp-json\/wp\/v2\/categories?post=881057"},{"taxonomy":"post_tag","embeddable":true,"href":"https:\/\/www.albinfo.ch\/de\/wp-json\/wp\/v2\/tags?post=881057"},{"taxonomy":"vendi","embeddable":true,"href":"https:\/\/www.albinfo.ch\/de\/wp-json\/wp\/v2\/vendi?post=881057"},{"taxonomy":"content_country","embeddable":true,"href":"https:\/\/www.albinfo.ch\/de\/wp-json\/wp\/v2\/content_country?post=881057"}],"curies":[{"name":"wp","href":"https:\/\/api.w.org\/{rel}","templated":true}]}}