{"id":882400,"date":"2025-12-10T19:00:23","date_gmt":"2025-12-10T18:00:23","guid":{"rendered":"https:\/\/www.albinfo.ch\/?p=882400"},"modified":"2025-12-10T22:10:56","modified_gmt":"2025-12-10T21:10:56","slug":"shaqiri-glaenzt-mit-der-note-8-3-und-sichert-basel-den-sieg-gegen-winterthur","status":"publish","type":"post","link":"https:\/\/www.albinfo.ch\/de\/shaqiri-glaenzt-mit-der-note-8-3-und-sichert-basel-den-sieg-gegen-winterthur\/","title":{"rendered":"Shaqiri gl\u00e4nzt mit der Note 8.3 und sichert Basel den Sieg gegen Winterthur"},"content":{"rendered":"<p data-start=\"937\" data-end=\"1129\">Xherdan Shaqiri war der Hauptprotagonist beim gestrigen Ausw\u00e4rtssieg von Basel gegen den FC Winterthur und f\u00fchrte seine Mannschaft zu einem 2\u20131 Triumph, berichtet albinfo.ch.<\/p>\n<p data-start=\"1131\" data-end=\"1421\">Der albanische Star erzielte in der 29. Minute das erste Tor f\u00fcr sein Team, l\u00f6ste damit die Partie auf und bestimmte das Spieltempo f\u00fcr Basel. Seine Leistung war w\u00e4hrend des gesamten Spiels entscheidend, mit gef\u00e4hrlichen Bewegungen, starkem Spielaufbau und gro\u00dfem Einfluss in der Offensive.<\/p>\n<p data-start=\"1423\" data-end=\"1529\">Am Ende der Begegnung erhielt Shaqiri die Note 8.3 und geh\u00f6rte damit zu den besten Spielern auf dem Platz.<\/p>\n<p data-start=\"1531\" data-end=\"1696\" data-is-last-node=\"\" data-is-only-node=\"\">Mit diesem Ausw\u00e4rtssieg setzt Basel seine positive Form fort, w\u00e4hrend Xherdan Shaqiri erneut seine Rolle als F\u00fchrungsspieler in der Mannschaft best\u00e4tigt. \/Albinfo.ch<\/p>\n","protected":false},"excerpt":{"rendered":"<p>Die Note 8.3 f\u00fcr Shaqiri nach seiner brillanten Leistung beim Sieg von Basel<\/p>\n","protected":false},"author":6,"featured_media":882199,"comment_status":"closed","ping_status":"closed","sticky":false,"template":"","format":"standard","meta":{"footnotes":""},"categories":[23263,23269,4023,23262,1129,1139],"tags":[],"vendi":[],"content_country":[],"class_list":["post-882400","post","type-post","status-publish","format-standard","has-post-thumbnail","hentry","category-kosova-de-2","category-news","category-futboll-de","category-at-balkani-de","category-ch-balkan","category-sport"],"acf":[],"_links":{"self":[{"href":"https:\/\/www.albinfo.ch\/de\/wp-json\/wp\/v2\/posts\/882400","targetHints":{"allow":["GET"]}}],"collection":[{"href":"https:\/\/www.albinfo.ch\/de\/wp-json\/wp\/v2\/posts"}],"about":[{"href":"https:\/\/www.albinfo.ch\/de\/wp-json\/wp\/v2\/types\/post"}],"author":[{"embeddable":true,"href":"https:\/\/www.albinfo.ch\/de\/wp-json\/wp\/v2\/users\/6"}],"replies":[{"embeddable":true,"href":"https:\/\/www.albinfo.ch\/de\/wp-json\/wp\/v2\/comments?post=882400"}],"version-history":[{"count":1,"href":"https:\/\/www.albinfo.ch\/de\/wp-json\/wp\/v2\/posts\/882400\/revisions"}],"predecessor-version":[{"id":882402,"href":"https:\/\/www.albinfo.ch\/de\/wp-json\/wp\/v2\/posts\/882400\/revisions\/882402"}],"wp:featuredmedia":[{"embeddable":true,"href":"https:\/\/www.albinfo.ch\/de\/wp-json\/wp\/v2\/media\/882199"}],"wp:attachment":[{"href":"https:\/\/www.albinfo.ch\/de\/wp-json\/wp\/v2\/media?parent=882400"}],"wp:term":[{"taxonomy":"category","embeddable":true,"href":"https:\/\/www.albinfo.ch\/de\/wp-json\/wp\/v2\/categories?post=882400"},{"taxonomy":"post_tag","embeddable":true,"href":"https:\/\/www.albinfo.ch\/de\/wp-json\/wp\/v2\/tags?post=882400"},{"taxonomy":"vendi","embeddable":true,"href":"https:\/\/www.albinfo.ch\/de\/wp-json\/wp\/v2\/vendi?post=882400"},{"taxonomy":"content_country","embeddable":true,"href":"https:\/\/www.albinfo.ch\/de\/wp-json\/wp\/v2\/content_country?post=882400"}],"curies":[{"name":"wp","href":"https:\/\/api.w.org\/{rel}","templated":true}]}}