{"id":882438,"date":"2025-12-10T19:30:31","date_gmt":"2025-12-10T18:30:31","guid":{"rendered":"https:\/\/www.albinfo.ch\/?p=882438"},"modified":"2025-12-10T22:55:22","modified_gmt":"2025-12-10T21:55:22","slug":"diana-sherifi-aliji-aus-tetova-gewinnt-den-globalen-preis-women-in-tech-community-award-2025","status":"publish","type":"post","link":"https:\/\/www.albinfo.ch\/de\/diana-sherifi-aliji-aus-tetova-gewinnt-den-globalen-preis-women-in-tech-community-award-2025\/","title":{"rendered":"Diana Sherifi Aliji aus Tetova gewinnt den globalen Preis \u201cWomen in Tech Community Award 2025\u201d"},"content":{"rendered":"<p>Die weltweite Bedeutung des \u201cWomen in Tech Community Award 2025\u201d erh\u00e4lt in diesem Jahr eine besondere Hervorhebung. Aus einem internationalen Wettbewerb mit Teilnehmerinnen aus 128 L\u00e4ndern wurde die Softwareingenieurin Diana Sherifi Aliji als Gewinnerin dieser prestigetr\u00e4chtigen Auszeichnung des WomenTech Network bekanntgegeben, schreibt albinfo.ch. Der Preis w\u00fcrdigt Projekte, die eine sp\u00fcrbare Wirkung in der Gemeinschaft schaffen und die Pr\u00e4senz von Frauen im globalen Technologie\u00f6kosystem st\u00e4rken.<\/p>\n<p><a href=\"https:\/\/www.albinfo.ch\/wp-content\/uploads\/2025\/12\/foto-personale-nga-diana.webp\"><img loading=\"lazy\" decoding=\"async\" class=\"alignnone wp-image-882271\" src=\"https:\/\/www.albinfo.ch\/wp-content\/uploads\/2025\/12\/foto-personale-nga-diana.webp\" alt=\"\" width=\"450\" height=\"454\" srcset=\"https:\/\/www.albinfo.ch\/wp-content\/uploads\/2025\/12\/foto-personale-nga-diana.webp 1378w, https:\/\/www.albinfo.ch\/wp-content\/uploads\/2025\/12\/foto-personale-nga-diana-297x300.webp 297w, https:\/\/www.albinfo.ch\/wp-content\/uploads\/2025\/12\/foto-personale-nga-diana-1015x1024.webp 1015w, https:\/\/www.albinfo.ch\/wp-content\/uploads\/2025\/12\/foto-personale-nga-diana-150x150.webp 150w, https:\/\/www.albinfo.ch\/wp-content\/uploads\/2025\/12\/foto-personale-nga-diana-768x775.webp 768w, https:\/\/www.albinfo.ch\/wp-content\/uploads\/2025\/12\/foto-personale-nga-diana-393x396.webp 393w, https:\/\/www.albinfo.ch\/wp-content\/uploads\/2025\/12\/foto-personale-nga-diana-99x100.webp 99w, https:\/\/www.albinfo.ch\/wp-content\/uploads\/2025\/12\/foto-personale-nga-diana-173x175.webp 173w\" sizes=\"auto, (max-width: 450px) 100vw, 450px\" \/><\/a><\/p>\n<article class=\"text-token-text-primary w-full focus:outline-none [--shadow-height:45px] has-data-writing-block:pointer-events-none has-data-writing-block:-mt-(--shadow-height) has-data-writing-block:pt-(--shadow-height) [&amp;:has([data-writing-block])&gt;*]:pointer-events-auto scroll-mt-[calc(var(--header-height)+min(200px,max(70px,20svh)))]\" dir=\"auto\" tabindex=\"-1\" data-turn-id=\"request-WEB:505f1fb3-2edd-4cd9-bb80-d130b7abc975-18\" data-testid=\"conversation-turn-38\" data-scroll-anchor=\"false\" data-turn=\"assistant\">\n<div class=\"text-base my-auto mx-auto [--thread-content-margin:--spacing(4)] @w-sm\/main:[--thread-content-margin:--spacing(6)] @w-lg\/main:[--thread-content-margin:--spacing(16)] px-(--thread-content-margin)\">\n<div class=\"[--thread-content-max-width:40rem] @w-lg\/main:[--thread-content-max-width:48rem] mx-auto max-w-(--thread-content-max-width) flex-1 group\/turn-messages focus-visible:outline-hidden relative flex w-full min-w-0 flex-col agent-turn\" tabindex=\"-1\">\n<div class=\"flex max-w-full flex-col grow\">\n<div class=\"min-h-8 text-message relative flex w-full flex-col items-end gap-2 text-start break-words whitespace-normal [.text-message+&amp;]:mt-1\" dir=\"auto\" data-message-author-role=\"assistant\" data-message-id=\"f9b56d90-bc15-4296-a252-e20f0fe0998e\" data-message-model-slug=\"gpt-5-1\">\n<div class=\"flex w-full flex-col gap-1 empty:hidden first:pt-[1px]\">\n<div class=\"markdown prose dark:prose-invert w-full break-words light markdown-new-styling\">\n<p data-start=\"867\" data-end=\"1642\" data-is-last-node=\"\" data-is-only-node=\"\">Im Zentrum dieser Auszeichnung steht \u201cMama\u2019s Feelings Tracker\u201d, die von Sherifi Aliji entwickelte App, die einen sicheren digitalen Raum bietet, in dem M\u00fctter ihre t\u00e4glichen Emotionen ausdr\u00fccken, praktische Unterst\u00fctzung erhalten und sich um ihr mentales Wohlbefinden k\u00fcmmern k\u00f6nnen. Die App basiert auf einem wissenschaftlichen Ansatz und auf einfach anwendbaren Algorithmen und bietet den M\u00fcttern personalisierte Empfehlungen, die auf die jeweilige Phase der Mutterschaft abgestimmt sind. Sie umfasst beruhigende Atem\u00fcbungen, ein gef\u00fchrtes Tagebuch, Meditation, Muskelentspannung sowie Artikel, die von lizenzierten amerikanischen Psychologen verfasst wurden und Themen wie die Zeit nach der Geburt, fr\u00fche Entwicklung und neurodivergente Kinder behandeln.<\/p>\n<\/div>\n<\/div>\n<\/div>\n<\/div>\n<\/div>\n<\/div>\n<\/article>\n<p><a href=\"https:\/\/www.albinfo.ch\/wp-content\/uploads\/2025\/12\/aplikacioni.webp\"><img loading=\"lazy\" decoding=\"async\" class=\"alignnone wp-image-882277\" src=\"https:\/\/www.albinfo.ch\/wp-content\/uploads\/2025\/12\/aplikacioni.webp\" alt=\"\" width=\"322\" height=\"699\" srcset=\"https:\/\/www.albinfo.ch\/wp-content\/uploads\/2025\/12\/aplikacioni.webp 943w, https:\/\/www.albinfo.ch\/wp-content\/uploads\/2025\/12\/aplikacioni-138x300.webp 138w, https:\/\/www.albinfo.ch\/wp-content\/uploads\/2025\/12\/aplikacioni-472x1024.webp 472w, https:\/\/www.albinfo.ch\/wp-content\/uploads\/2025\/12\/aplikacioni-768x1668.webp 768w, https:\/\/www.albinfo.ch\/wp-content\/uploads\/2025\/12\/aplikacioni-707x1536.webp 707w, https:\/\/www.albinfo.ch\/wp-content\/uploads\/2025\/12\/aplikacioni-182x396.webp 182w, https:\/\/www.albinfo.ch\/wp-content\/uploads\/2025\/12\/aplikacioni-46x100.webp 46w, https:\/\/www.albinfo.ch\/wp-content\/uploads\/2025\/12\/aplikacioni-81x175.webp 81w\" sizes=\"auto, (max-width: 322px) 100vw, 322px\" \/><\/a><\/p>\n<p data-start=\"1064\" data-end=\"1506\">In ihrer Reaktion nach der Bekanntgabe der Gewinnerin erkl\u00e4rte Sherifi Aliji, dass dieser Preis sie motiviere, ihre Mission fortzusetzen. \u201cDieser Preis h\u00e4ngt direkt mit meiner Arbeit f\u00fcr die Gemeinschaft der M\u00fctter durch Mama\u2019s Feelings Tracker zusammen. Es ist ein Privileg, Teil eines Netzwerks zu sein, das den Beitrag von Frauen in der Technologie wertsch\u00e4tzt und feiert. Dieser Preis geh\u00f6rt mir, aber ebenso auch euch.\u201d<\/p>\n<p data-start=\"1508\" data-end=\"1657\">\u201cMama\u2019s Feelings Tracker\u201d ist bereits im App Store und bei Google Play verf\u00fcgbar. Weitere Informationen finden Sie unter <a class=\"decorated-link\" href=\"http:\/\/www.mamasfeelingstracker.com\" target=\"_new\" rel=\"noopener\" data-start=\"1629\" data-end=\"1657\">www.mamasfeelingstracker.com<\/a><\/p>\n<p data-start=\"1659\" data-end=\"2052\">In einer sich schnell ver\u00e4ndernden technologischen Landschaft zeigen solche Auszeichnungen deutlich, dass Innovation nicht nur an technischen Fortschritten gemessen wird, sondern auch an der F\u00e4higkeit, F\u00fcrsorge, Zugang und Wohlbefinden zu schaffen. Frauen, die solche Initiativen anf\u00fchren, beweisen, dass Technologie vollst\u00e4ndiger ist, wenn sie auf Empathie und sozialer Verantwortung aufbaut.<\/p>\n<p data-start=\"2054\" data-end=\"2060\" data-is-last-node=\"\" data-is-only-node=\"\">(L.A.)<\/p>\n","protected":false},"excerpt":{"rendered":"<p>Unter 1 650 Kandidatinnen aus 128 L\u00e4ndern wird die Softwareingenieurin f\u00fcr ihren Einfluss auf die mentale Gesundheit von M\u00fcttern durch digitale Innovation ausgezeichnet<\/p>\n","protected":false},"author":6,"featured_media":882276,"comment_status":"closed","ping_status":"closed","sticky":false,"template":"","format":"standard","meta":{"footnotes":""},"categories":[24626,1129],"tags":[],"vendi":[],"content_country":[],"class_list":["post-882438","post","type-post","status-publish","format-standard","has-post-thumbnail","hentry","category-nord-macedonia-de-2","category-ch-balkan"],"acf":[],"_links":{"self":[{"href":"https:\/\/www.albinfo.ch\/de\/wp-json\/wp\/v2\/posts\/882438","targetHints":{"allow":["GET"]}}],"collection":[{"href":"https:\/\/www.albinfo.ch\/de\/wp-json\/wp\/v2\/posts"}],"about":[{"href":"https:\/\/www.albinfo.ch\/de\/wp-json\/wp\/v2\/types\/post"}],"author":[{"embeddable":true,"href":"https:\/\/www.albinfo.ch\/de\/wp-json\/wp\/v2\/users\/6"}],"replies":[{"embeddable":true,"href":"https:\/\/www.albinfo.ch\/de\/wp-json\/wp\/v2\/comments?post=882438"}],"version-history":[{"count":1,"href":"https:\/\/www.albinfo.ch\/de\/wp-json\/wp\/v2\/posts\/882438\/revisions"}],"predecessor-version":[{"id":882439,"href":"https:\/\/www.albinfo.ch\/de\/wp-json\/wp\/v2\/posts\/882438\/revisions\/882439"}],"wp:featuredmedia":[{"embeddable":true,"href":"https:\/\/www.albinfo.ch\/de\/wp-json\/wp\/v2\/media\/882276"}],"wp:attachment":[{"href":"https:\/\/www.albinfo.ch\/de\/wp-json\/wp\/v2\/media?parent=882438"}],"wp:term":[{"taxonomy":"category","embeddable":true,"href":"https:\/\/www.albinfo.ch\/de\/wp-json\/wp\/v2\/categories?post=882438"},{"taxonomy":"post_tag","embeddable":true,"href":"https:\/\/www.albinfo.ch\/de\/wp-json\/wp\/v2\/tags?post=882438"},{"taxonomy":"vendi","embeddable":true,"href":"https:\/\/www.albinfo.ch\/de\/wp-json\/wp\/v2\/vendi?post=882438"},{"taxonomy":"content_country","embeddable":true,"href":"https:\/\/www.albinfo.ch\/de\/wp-json\/wp\/v2\/content_country?post=882438"}],"curies":[{"name":"wp","href":"https:\/\/api.w.org\/{rel}","templated":true}]}}