{"id":882454,"date":"2025-12-10T23:28:08","date_gmt":"2025-12-10T22:28:08","guid":{"rendered":"https:\/\/www.albinfo.ch\/?p=882454"},"modified":"2025-12-10T23:28:34","modified_gmt":"2025-12-10T22:28:34","slug":"das-landwirtschaftliche-kosovo-ein-potenzial-das-es-zu-entwickeln-gilt","status":"publish","type":"post","link":"https:\/\/www.albinfo.ch\/de\/das-landwirtschaftliche-kosovo-ein-potenzial-das-es-zu-entwickeln-gilt\/","title":{"rendered":"Das landwirtschaftliche Kosovo, ein Potenzial, das es zu entwickeln gilt"},"content":{"rendered":"<p>Wird man eines Tages in den Lebensmittelgesch\u00e4ften der Schweiz oder Deutschlands stolz den Hinweis Produced in Kosovo sehen? Wann wird eine gro\u00dffl\u00e4chige Verteilung kosovarischer Spezialit\u00e4ten beginnen, die mit jenen aus Kroatien oder Mazedonien konkurrieren k\u00f6nnen? Die Frage bleibt offen, und manche w\u00fcrden ironisch antworten: an dem Tag, an dem die Kosovaren selbst den Wert ihrer landwirtschaftlichen Produktion anerkennen und der Staat diesen Sektor endlich genauso unterst\u00fctzt wie andere Bereiche der Wirtschaft<\/p>\n<p><a href=\"https:\/\/www.albinfo.ch\/wp-content\/uploads\/2025\/12\/art_i_1.heic\"><img decoding=\"async\" class=\"alignnone size-full wp-image-880322\" src=\"https:\/\/www.albinfo.ch\/wp-content\/uploads\/2025\/12\/art_i_1.heic\" alt=\"\" \/><\/a><a href=\"https:\/\/www.albinfo.ch\/wp-content\/uploads\/2025\/12\/art_i_1-3-scaled.jpg\"><img loading=\"lazy\" decoding=\"async\" class=\"alignnone wp-image-880364\" src=\"https:\/\/www.albinfo.ch\/wp-content\/uploads\/2025\/12\/art_i_1-3-scaled.jpg\" alt=\"\" width=\"600\" height=\"450\" srcset=\"https:\/\/www.albinfo.ch\/wp-content\/uploads\/2025\/12\/art_i_1-3-scaled.jpg 2560w, https:\/\/www.albinfo.ch\/wp-content\/uploads\/2025\/12\/art_i_1-3-300x225.jpg 300w, https:\/\/www.albinfo.ch\/wp-content\/uploads\/2025\/12\/art_i_1-3-1024x768.jpg 1024w, https:\/\/www.albinfo.ch\/wp-content\/uploads\/2025\/12\/art_i_1-3-768x576.jpg 768w, https:\/\/www.albinfo.ch\/wp-content\/uploads\/2025\/12\/art_i_1-3-1536x1152.jpg 1536w, https:\/\/www.albinfo.ch\/wp-content\/uploads\/2025\/12\/art_i_1-3-2048x1536.jpg 2048w, https:\/\/www.albinfo.ch\/wp-content\/uploads\/2025\/12\/art_i_1-3-528x396.jpg 528w, https:\/\/www.albinfo.ch\/wp-content\/uploads\/2025\/12\/art_i_1-3-133x100.jpg 133w, https:\/\/www.albinfo.ch\/wp-content\/uploads\/2025\/12\/art_i_1-3-233x175.jpg 233w\" sizes=\"auto, (max-width: 600px) 100vw, 600px\" \/><\/a><\/p>\n<p data-start=\"1140\" data-end=\"1254\"><strong>Suhareka im S\u00fcden des Kosovo ist eine der wichtigsten landwirtschaftlichen Gemeinden des Landes.<\/strong><\/p>\n<p data-start=\"1256\" data-end=\"2276\" data-is-last-node=\"\" data-is-only-node=\"\">Auch wenn die kosovarische Wirtschaft international zunehmend Bekanntheit durch einen stark wachsenden Dienstleistungssektor erlangt, bleibt ihr historisches und gesellschaftliches Fundament zutiefst l\u00e4ndlich gepr\u00e4gt. Und die Landwirtschaft, obwohl nur gering mechanisiert, ist weiterhin eine wirtschaftliche S\u00e4ule: Im Jahr 2022 machte sie 7,4 Prozent des BIP aus und besch\u00e4ftigte 23 Prozent der Erwerbst\u00e4tigen. Die durchschnittliche Betriebsgr\u00f6\u00dfe, die laut FAO (Ern\u00e4hrungs und Landwirtschaftsorganisation der Vereinten Nationen) zwischen 1,5 und 3,2 Hektar liegt, spiegelt das Erbe eines Subsistenzmodells wider: Nahezu 50 Prozent der gesamten Ackerfl\u00e4che, etwas mehr als 420 000 Hektar (etwa die H\u00e4lfte des kosovarischen Territoriums), werden von Betrieben bewirtschaftet, die weniger als 5 ha besitzen, und jeder zweite Betrieb \u00fcberschreitet nicht einmal 1 ha. Die weit verbreitete Pr\u00e4senz des ehrw\u00fcrdigen und unverw\u00fcstlichen kleinen roten IMT Traktors, perfekt f\u00fcr solche Fl\u00e4chen, ist ein anschaulicher Beweis daf\u00fcr.<\/p>\n<p><a href=\"https:\/\/www.albinfo.ch\/wp-content\/uploads\/2025\/12\/art_i_2-1-scaled.jpeg\"><img loading=\"lazy\" decoding=\"async\" class=\"alignnone wp-image-880367\" src=\"https:\/\/www.albinfo.ch\/wp-content\/uploads\/2025\/12\/art_i_2-1-scaled.jpeg\" alt=\"\" width=\"600\" height=\"450\" srcset=\"https:\/\/www.albinfo.ch\/wp-content\/uploads\/2025\/12\/art_i_2-1-scaled.jpeg 2560w, https:\/\/www.albinfo.ch\/wp-content\/uploads\/2025\/12\/art_i_2-1-300x225.jpeg 300w, https:\/\/www.albinfo.ch\/wp-content\/uploads\/2025\/12\/art_i_2-1-1024x768.jpeg 1024w, https:\/\/www.albinfo.ch\/wp-content\/uploads\/2025\/12\/art_i_2-1-768x576.jpeg 768w, https:\/\/www.albinfo.ch\/wp-content\/uploads\/2025\/12\/art_i_2-1-1536x1152.jpeg 1536w, https:\/\/www.albinfo.ch\/wp-content\/uploads\/2025\/12\/art_i_2-1-2048x1536.jpeg 2048w, https:\/\/www.albinfo.ch\/wp-content\/uploads\/2025\/12\/art_i_2-1-528x396.jpeg 528w, https:\/\/www.albinfo.ch\/wp-content\/uploads\/2025\/12\/art_i_2-1-133x100.jpeg 133w, https:\/\/www.albinfo.ch\/wp-content\/uploads\/2025\/12\/art_i_2-1-233x175.jpeg 233w\" sizes=\"auto, (max-width: 600px) 100vw, 600px\" \/><\/a><\/p>\n<p data-start=\"1242\" data-end=\"1424\"><strong>Einige Landwirte konnten in landwirtschaftliche Maschinen investieren, die f\u00fcr gro\u00dfe Fl\u00e4chen geeignet sind, wie diese beiden Traktoren in der Umgebung von Suhareka<\/strong><\/p>\n<p data-start=\"1426\" data-end=\"2531\" data-is-last-node=\"\" data-is-only-node=\"\">Dennoch hat sich das landwirtschaftliche Gef\u00fcge des Landes innerhalb eines halben Jahrhunderts bemerkenswert entwickelt, was sich an den zahlreichen innovativen Projekten zeigt, die dank kleiner, widerstandsf\u00e4higer und flei\u00dfiger Unternehmer entstanden sind, die an ihre Konzepte glauben und sich zusammenschlie\u00dfen k\u00f6nnen, um wirkungsvolle Synergien sowohl auf dem Binnenmarkt als auch im Export zu schaffen. Einige Beispiele davon werden im zweiten Teil dieser dreiteiligen Serie \u00fcber die kosovarische Landwirtschaft vorgestellt. Inspirierende Modelle, die es verstanden haben, das landwirtschaftliche Potenzial des Landes zu nutzen\u00a0 eines Landes, in dem in manchen Regionen nahezu jede Familie noch \u00fcber Ackerland verf\u00fcgt\u00a0 und es gleichzeitig zu \u00fcbertreffen. Und vor allem Unternehmen, denen es gelingt, die zahlreichen strukturellen und sogar gesellschaftlichen Hindernisse zu \u00fcberwinden, die ihr Wachstum bremsen. Wenn man diese Hindernisse im Detail betrachtet, wird der Verdienst der Landwirte, die an ihrer Berufung festhalten und sie in einen unternehmerischen Erfolg verwandeln, noch deutlicher.<\/p>\n<figure id=\"attachment_880373\" aria-describedby=\"caption-attachment-880373\" style=\"width: 600px\" class=\"wp-caption alignnone\"><a href=\"https:\/\/www.albinfo.ch\/wp-content\/uploads\/2025\/12\/art_i_4-1-scaled.jpg\"><img loading=\"lazy\" decoding=\"async\" class=\"wp-image-880373\" src=\"https:\/\/www.albinfo.ch\/wp-content\/uploads\/2025\/12\/art_i_4-1-scaled.jpg\" alt=\"\" width=\"600\" height=\"450\" srcset=\"https:\/\/www.albinfo.ch\/wp-content\/uploads\/2025\/12\/art_i_4-1-scaled.jpg 2560w, https:\/\/www.albinfo.ch\/wp-content\/uploads\/2025\/12\/art_i_4-1-300x225.jpg 300w, https:\/\/www.albinfo.ch\/wp-content\/uploads\/2025\/12\/art_i_4-1-1024x768.jpg 1024w, https:\/\/www.albinfo.ch\/wp-content\/uploads\/2025\/12\/art_i_4-1-768x576.jpg 768w, https:\/\/www.albinfo.ch\/wp-content\/uploads\/2025\/12\/art_i_4-1-1536x1152.jpg 1536w, https:\/\/www.albinfo.ch\/wp-content\/uploads\/2025\/12\/art_i_4-1-2048x1536.jpg 2048w, https:\/\/www.albinfo.ch\/wp-content\/uploads\/2025\/12\/art_i_4-1-528x396.jpg 528w, https:\/\/www.albinfo.ch\/wp-content\/uploads\/2025\/12\/art_i_4-1-133x100.jpg 133w, https:\/\/www.albinfo.ch\/wp-content\/uploads\/2025\/12\/art_i_4-1-233x175.jpg 233w\" sizes=\"auto, (max-width: 600px) 100vw, 600px\" \/><\/a><figcaption id=\"caption-attachment-880373\" class=\"wp-caption-text\">albinfo.ch\u00a0 <a href=\"https:\/\/www.albinfo.ch\/wp-content\/uploads\/2025\/12\/art_i_1-2.heic\"><img loading=\"lazy\" decoding=\"async\" class=\"alignnone size-medium wp-image-880361\" src=\"https:\/\/www.albinfo.ch\/wp-content\/uploads\/2025\/12\/art_i_1-2.heic\" alt=\"\" width=\"1\" height=\"1\" \/><\/a><\/figcaption><\/figure>\n<figure id=\"attachment_880328\" aria-describedby=\"caption-attachment-880328\" style=\"width: 600px\" class=\"wp-caption alignnone\"><a href=\"https:\/\/www.albinfo.ch\/wp-content\/uploads\/2025\/12\/art_i_11-scaled.jpg\"><img loading=\"lazy\" decoding=\"async\" class=\"wp-image-880328\" src=\"https:\/\/www.albinfo.ch\/wp-content\/uploads\/2025\/12\/art_i_11-scaled.jpg\" alt=\"\" width=\"600\" height=\"800\" srcset=\"https:\/\/www.albinfo.ch\/wp-content\/uploads\/2025\/12\/art_i_11-scaled.jpg 1920w, https:\/\/www.albinfo.ch\/wp-content\/uploads\/2025\/12\/art_i_11-225x300.jpg 225w, https:\/\/www.albinfo.ch\/wp-content\/uploads\/2025\/12\/art_i_11-768x1024.jpg 768w, https:\/\/www.albinfo.ch\/wp-content\/uploads\/2025\/12\/art_i_11-1152x1536.jpg 1152w, https:\/\/www.albinfo.ch\/wp-content\/uploads\/2025\/12\/art_i_11-1536x2048.jpg 1536w, https:\/\/www.albinfo.ch\/wp-content\/uploads\/2025\/12\/art_i_11-297x396.jpg 297w, https:\/\/www.albinfo.ch\/wp-content\/uploads\/2025\/12\/art_i_11-75x100.jpg 75w, https:\/\/www.albinfo.ch\/wp-content\/uploads\/2025\/12\/art_i_11-131x175.jpg 131w\" sizes=\"auto, (max-width: 600px) 100vw, 600px\" \/><\/a><figcaption id=\"caption-attachment-880328\" class=\"wp-caption-text\">albinfo.ch<\/figcaption><\/figure>\n<figure id=\"attachment_880331\" aria-describedby=\"caption-attachment-880331\" style=\"width: 600px\" class=\"wp-caption alignnone\"><a href=\"https:\/\/www.albinfo.ch\/wp-content\/uploads\/2025\/12\/art_i_12-scaled.jpg\"><img loading=\"lazy\" decoding=\"async\" class=\"wp-image-880331\" src=\"https:\/\/www.albinfo.ch\/wp-content\/uploads\/2025\/12\/art_i_12-scaled.jpg\" alt=\"\" width=\"600\" height=\"450\" srcset=\"https:\/\/www.albinfo.ch\/wp-content\/uploads\/2025\/12\/art_i_12-scaled.jpg 2560w, https:\/\/www.albinfo.ch\/wp-content\/uploads\/2025\/12\/art_i_12-300x225.jpg 300w, https:\/\/www.albinfo.ch\/wp-content\/uploads\/2025\/12\/art_i_12-1024x768.jpg 1024w, https:\/\/www.albinfo.ch\/wp-content\/uploads\/2025\/12\/art_i_12-768x576.jpg 768w, https:\/\/www.albinfo.ch\/wp-content\/uploads\/2025\/12\/art_i_12-1536x1152.jpg 1536w, https:\/\/www.albinfo.ch\/wp-content\/uploads\/2025\/12\/art_i_12-2048x1536.jpg 2048w, https:\/\/www.albinfo.ch\/wp-content\/uploads\/2025\/12\/art_i_12-528x396.jpg 528w, https:\/\/www.albinfo.ch\/wp-content\/uploads\/2025\/12\/art_i_12-133x100.jpg 133w, https:\/\/www.albinfo.ch\/wp-content\/uploads\/2025\/12\/art_i_12-233x175.jpg 233w\" sizes=\"auto, (max-width: 600px) 100vw, 600px\" \/><\/a><figcaption id=\"caption-attachment-880331\" class=\"wp-caption-text\">albinfo.ch<\/figcaption><\/figure>\n<p data-start=\"666\" data-end=\"843\"><strong>Der robuste IMT Traktor, ein \u00dcberbleibsel der jugoslawischen \u00c4ra, perfekt geeignet f\u00fcr die kleinen Fl\u00e4chen der meisten landwirtschaftlichen Betriebe im Kosovo.<\/strong><\/p>\n<p data-start=\"845\" data-end=\"1314\" data-is-last-node=\"\" data-is-only-node=\"\">Nat\u00fcrlich w\u00e4re es unfair zu behaupten, der kosovarische Staat \u00fcberlasse die Bauern ganz sich selbst. Die Landwirtschaft wird tats\u00e4chlich unterst\u00fctzt, sowohl durch ein System direkter Zahlungen, \u00e4hnlich wie in der Schweiz und den L\u00e4ndern der Europ\u00e4ischen Union, als auch durch Subventionen des Landwirtschaftsministeriums oder auf regionaler Ebene durch die zust\u00e4ndigen Abteilungen der Gemeinden. In der Realit\u00e4t funktioniert diese Unterst\u00fctzung jedoch nur unvollkommen.<\/p>\n<p><a href=\"https:\/\/www.albinfo.ch\/wp-content\/uploads\/2025\/12\/art_i_3-1-scaled.jpg\"><img loading=\"lazy\" decoding=\"async\" class=\"alignnone wp-image-880370\" src=\"https:\/\/www.albinfo.ch\/wp-content\/uploads\/2025\/12\/art_i_3-1-scaled.jpg\" alt=\"\" width=\"600\" height=\"450\" srcset=\"https:\/\/www.albinfo.ch\/wp-content\/uploads\/2025\/12\/art_i_3-1-scaled.jpg 2560w, https:\/\/www.albinfo.ch\/wp-content\/uploads\/2025\/12\/art_i_3-1-300x225.jpg 300w, https:\/\/www.albinfo.ch\/wp-content\/uploads\/2025\/12\/art_i_3-1-1024x768.jpg 1024w, https:\/\/www.albinfo.ch\/wp-content\/uploads\/2025\/12\/art_i_3-1-768x576.jpg 768w, https:\/\/www.albinfo.ch\/wp-content\/uploads\/2025\/12\/art_i_3-1-1536x1152.jpg 1536w, https:\/\/www.albinfo.ch\/wp-content\/uploads\/2025\/12\/art_i_3-1-2048x1536.jpg 2048w, https:\/\/www.albinfo.ch\/wp-content\/uploads\/2025\/12\/art_i_3-1-528x396.jpg 528w, https:\/\/www.albinfo.ch\/wp-content\/uploads\/2025\/12\/art_i_3-1-133x100.jpg 133w, https:\/\/www.albinfo.ch\/wp-content\/uploads\/2025\/12\/art_i_3-1-233x175.jpg 233w\" sizes=\"auto, (max-width: 600px) 100vw, 600px\" \/><\/a><\/p>\n<p data-start=\"1473\" data-end=\"1550\"><strong>Felder zwischen Suhareka und Mushtishta (S\u00fcden des Kosovo)<\/strong>.<\/p>\n<p data-start=\"1552\" data-end=\"2203\">Zum einen, weil das System der Direktzahlungen an die deklarierte Fl\u00e4che gebunden ist und daher anf\u00e4llig f\u00fcr Missbrauch bleibt: Aufgrund einer gewissen Intransparenz, die durch die extreme Zersplitterung der landwirtschaftlichen Fl\u00e4chen entsteht, erhalten viele Eigent\u00fcmer Unterst\u00fctzung, ohne tats\u00e4chlich etwas auf dem St\u00fcck Land anzubauen, das ihnen geh\u00f6rt. Das Landwirtschaftsministerium, das sich des Problems bewusst ist, versucht die Vergabekriterien zu \u00e4ndern, indem es sich st\u00e4rker an den tats\u00e4chlichen Produktionszahlen orientiert und weniger an der im Kataster eingetragenen Fl\u00e4che. Eine langwierige Arbeit, die Schritt f\u00fcr Schritt vorangeht.<\/p>\n<p data-start=\"2205\" data-end=\"2982\" data-is-last-node=\"\" data-is-only-node=\"\">Zum anderen verf\u00fcgt das Landwirtschaftsministerium zwar \u00fcber ein j\u00e4hrliches Subventionsbudget von 30 bis 35 Millionen Euro, das h\u00f6chste aller Ministerien, doch die Nachfrage \u00fcbersteigt diese Summe bei Weitem. Naim Kicaj, Projektleiter und Mitbegr\u00fcnder von BIOKS, einem Dienstleistungsunternehmen, das Firmen beim Erhalt staatlicher und ausl\u00e4ndischer F\u00f6rdermittel unterst\u00fctzt, ist daf\u00fcr der ideale Ansprechpartner, zumal mehr als ein Drittel seiner Kundschaft aus Landwirten besteht. &#8221; Von acht Antr\u00e4gen, die beim Ministerium eingehen, erh\u00e4lt nur einer eine Finanzierung&#8221;, berichtet der Einwohner von Suhareka, einer der wichtigsten landwirtschaftlichen Regionen des Kosovo. &#8220;Und die Einstellung der USAID Finanzierung durch die US Administration wird die Lage nicht verbessern.&#8221;<\/p>\n<figure id=\"attachment_880376\" aria-describedby=\"caption-attachment-880376\" style=\"width: 600px\" class=\"wp-caption alignnone\"><a href=\"https:\/\/www.albinfo.ch\/wp-content\/uploads\/2025\/12\/art_i_5-1-scaled.jpg\"><img loading=\"lazy\" decoding=\"async\" class=\"wp-image-880376\" src=\"https:\/\/www.albinfo.ch\/wp-content\/uploads\/2025\/12\/art_i_5-1-scaled.jpg\" alt=\"\" width=\"600\" height=\"450\" srcset=\"https:\/\/www.albinfo.ch\/wp-content\/uploads\/2025\/12\/art_i_5-1-scaled.jpg 2560w, https:\/\/www.albinfo.ch\/wp-content\/uploads\/2025\/12\/art_i_5-1-300x225.jpg 300w, https:\/\/www.albinfo.ch\/wp-content\/uploads\/2025\/12\/art_i_5-1-1024x768.jpg 1024w, https:\/\/www.albinfo.ch\/wp-content\/uploads\/2025\/12\/art_i_5-1-768x576.jpg 768w, https:\/\/www.albinfo.ch\/wp-content\/uploads\/2025\/12\/art_i_5-1-1536x1152.jpg 1536w, https:\/\/www.albinfo.ch\/wp-content\/uploads\/2025\/12\/art_i_5-1-2048x1536.jpg 2048w, https:\/\/www.albinfo.ch\/wp-content\/uploads\/2025\/12\/art_i_5-1-528x396.jpg 528w, https:\/\/www.albinfo.ch\/wp-content\/uploads\/2025\/12\/art_i_5-1-133x100.jpg 133w, https:\/\/www.albinfo.ch\/wp-content\/uploads\/2025\/12\/art_i_5-1-233x175.jpg 233w\" sizes=\"auto, (max-width: 600px) 100vw, 600px\" \/><\/a><figcaption id=\"caption-attachment-880376\" class=\"wp-caption-text\">albinfo.ch<\/figcaption><\/figure>\n<figure id=\"attachment_880379\" aria-describedby=\"caption-attachment-880379\" style=\"width: 600px\" class=\"wp-caption alignnone\"><a href=\"https:\/\/www.albinfo.ch\/wp-content\/uploads\/2025\/12\/art_i_6-1-scaled.jpg\"><img loading=\"lazy\" decoding=\"async\" class=\"wp-image-880379\" src=\"https:\/\/www.albinfo.ch\/wp-content\/uploads\/2025\/12\/art_i_6-1-scaled.jpg\" alt=\"\" width=\"600\" height=\"450\" srcset=\"https:\/\/www.albinfo.ch\/wp-content\/uploads\/2025\/12\/art_i_6-1-scaled.jpg 2560w, https:\/\/www.albinfo.ch\/wp-content\/uploads\/2025\/12\/art_i_6-1-300x225.jpg 300w, https:\/\/www.albinfo.ch\/wp-content\/uploads\/2025\/12\/art_i_6-1-1024x768.jpg 1024w, https:\/\/www.albinfo.ch\/wp-content\/uploads\/2025\/12\/art_i_6-1-768x576.jpg 768w, https:\/\/www.albinfo.ch\/wp-content\/uploads\/2025\/12\/art_i_6-1-1536x1152.jpg 1536w, https:\/\/www.albinfo.ch\/wp-content\/uploads\/2025\/12\/art_i_6-1-2048x1536.jpg 2048w, https:\/\/www.albinfo.ch\/wp-content\/uploads\/2025\/12\/art_i_6-1-528x396.jpg 528w, https:\/\/www.albinfo.ch\/wp-content\/uploads\/2025\/12\/art_i_6-1-133x100.jpg 133w, https:\/\/www.albinfo.ch\/wp-content\/uploads\/2025\/12\/art_i_6-1-233x175.jpg 233w\" sizes=\"auto, (max-width: 600px) 100vw, 600px\" \/><\/a><figcaption id=\"caption-attachment-880379\" class=\"wp-caption-text\">albinfo.ch<\/figcaption><\/figure>\n<figure id=\"attachment_880382\" aria-describedby=\"caption-attachment-880382\" style=\"width: 600px\" class=\"wp-caption alignnone\"><a href=\"https:\/\/www.albinfo.ch\/wp-content\/uploads\/2025\/12\/art_i_7-1-scaled.jpg\"><img loading=\"lazy\" decoding=\"async\" class=\"wp-image-880382\" src=\"https:\/\/www.albinfo.ch\/wp-content\/uploads\/2025\/12\/art_i_7-1-scaled.jpg\" alt=\"\" width=\"600\" height=\"450\" srcset=\"https:\/\/www.albinfo.ch\/wp-content\/uploads\/2025\/12\/art_i_7-1-scaled.jpg 2560w, https:\/\/www.albinfo.ch\/wp-content\/uploads\/2025\/12\/art_i_7-1-300x225.jpg 300w, https:\/\/www.albinfo.ch\/wp-content\/uploads\/2025\/12\/art_i_7-1-1024x768.jpg 1024w, https:\/\/www.albinfo.ch\/wp-content\/uploads\/2025\/12\/art_i_7-1-768x576.jpg 768w, https:\/\/www.albinfo.ch\/wp-content\/uploads\/2025\/12\/art_i_7-1-1536x1152.jpg 1536w, https:\/\/www.albinfo.ch\/wp-content\/uploads\/2025\/12\/art_i_7-1-2048x1536.jpg 2048w, https:\/\/www.albinfo.ch\/wp-content\/uploads\/2025\/12\/art_i_7-1-528x396.jpg 528w, https:\/\/www.albinfo.ch\/wp-content\/uploads\/2025\/12\/art_i_7-1-133x100.jpg 133w, https:\/\/www.albinfo.ch\/wp-content\/uploads\/2025\/12\/art_i_7-1-233x175.jpg 233w\" sizes=\"auto, (max-width: 600px) 100vw, 600px\" \/><\/a><figcaption id=\"caption-attachment-880382\" class=\"wp-caption-text\">albinfo.ch<\/figcaption><\/figure>\n<p data-start=\"1719\" data-end=\"1975\"><strong>Wie viele andere landwirtschaftliche Betriebe im Kosovo setzt auch dieser Hof in der Umgebung von Suhareka auf Diversifizierung. Zwischen den dutzenden neu gepflanzten Walnussb\u00e4umen weiden H\u00fchner, die im Freien gehalten werden, ganz frei.<\/strong><\/p>\n<p data-start=\"1977\" data-end=\"2319\">Sicher ist, dass die Unterst\u00fctzung nicht zu untersch\u00e4tzen ist, wenn ein landwirtschaftlicher Unternehmer es schafft, die Finanzierung f\u00fcr ein bestimmtes Projekt zu erhalten, da der Maximalbetrag zwischen 100 000 und 400 000 Euro liegen kann, etwa f\u00fcr ein Gro\u00dfprojekt in einem spezifischen Bereich wie der Verarbeitung von Fleisch oder Gem\u00fcse.<\/p>\n<p data-start=\"2321\" data-end=\"3513\" data-is-last-node=\"\" data-is-only-node=\"\">Doch es gilt, sich durch zahlreiche rechtliche und administrative H\u00fcrden zu k\u00e4mpfen, um an die staatlichen Mittel zu gelangen. &#8220;Im Gegensatz zu den Direktzahlungen werden staatliche Subventionen nicht automatisch auf Grundlage der bewirtschafteten Fl\u00e4che oder der Produktion vergeben,&#8221; erkl\u00e4rt Naim Kicaj. &#8220;Eine der drei folgenden Bedingungen muss zwingend erf\u00fcllt sein: entweder der Eigentumsnachweis f\u00fcr das Grundst\u00fcck, der Nachweis, dass das Grundst\u00fcck einem direkten Vorfahren geh\u00f6rt hat, oder ein notariell beurkundeter Mietvertrag. Die Privatisierung der staatlichen Kooperativen, die vor dem Krieg das vorherrschende System waren, hatte jedoch zur Folge, dass 75 Prozent der landwirtschaftlichen Fl\u00e4chen im Kosovo ohne rechtm\u00e4\u00dfigen Eigent\u00fcmer geblieben sind.\u201d Daher haben viele Landwirte \u00fcberhaupt keine M\u00f6glichkeit, eine Subvention zu beantragen. Die Beh\u00f6rden, sich der Problematik bewusst, haben ein Verfahren zur Eigentumszertifizierung eingef\u00fchrt, das Zeugenaussagen erfordert, doch dieses kann sich schnell als kompliziert erweisen, insbesondere wenn die Erbberechtigten im Ausland leben. \u201cDas ist ein wesentliches Hindernis f\u00fcr Investitionen im Agrarsektor,\u201d betont der Fachmann.<\/p>\n<figure id=\"attachment_880385\" aria-describedby=\"caption-attachment-880385\" style=\"width: 600px\" class=\"wp-caption alignnone\"><a href=\"https:\/\/www.albinfo.ch\/wp-content\/uploads\/2025\/12\/art_i_8-1-scaled.jpg\"><img loading=\"lazy\" decoding=\"async\" class=\"wp-image-880385\" src=\"https:\/\/www.albinfo.ch\/wp-content\/uploads\/2025\/12\/art_i_8-1-scaled.jpg\" alt=\"\" width=\"600\" height=\"800\" srcset=\"https:\/\/www.albinfo.ch\/wp-content\/uploads\/2025\/12\/art_i_8-1-scaled.jpg 1920w, https:\/\/www.albinfo.ch\/wp-content\/uploads\/2025\/12\/art_i_8-1-225x300.jpg 225w, https:\/\/www.albinfo.ch\/wp-content\/uploads\/2025\/12\/art_i_8-1-768x1024.jpg 768w, https:\/\/www.albinfo.ch\/wp-content\/uploads\/2025\/12\/art_i_8-1-1152x1536.jpg 1152w, https:\/\/www.albinfo.ch\/wp-content\/uploads\/2025\/12\/art_i_8-1-1536x2048.jpg 1536w, https:\/\/www.albinfo.ch\/wp-content\/uploads\/2025\/12\/art_i_8-1-297x396.jpg 297w, https:\/\/www.albinfo.ch\/wp-content\/uploads\/2025\/12\/art_i_8-1-75x100.jpg 75w, https:\/\/www.albinfo.ch\/wp-content\/uploads\/2025\/12\/art_i_8-1-131x175.jpg 131w\" sizes=\"auto, (max-width: 600px) 100vw, 600px\" \/><\/a><figcaption id=\"caption-attachment-880385\" class=\"wp-caption-text\">albinfo.ch<\/figcaption><\/figure>\n<p data-start=\"1376\" data-end=\"1437\">H\u00fchnerhaltung in der Umgebung von Suhareka.<\/p>\n<p data-start=\"1439\" data-end=\"2104\">Die rechtliche Unsicherheit in Bezug auf den Landbesitz hat zudem eine sch\u00e4dliche Nebenwirkung, die seit einigen Jahren sp\u00fcrbar ist: den R\u00fcckgang landwirtschaftlicher Fl\u00e4chen zugunsten von Parzellen, die f\u00fcr die Industrie bestimmt sind. &#8220;Es gibt zwar einen Nutzungsplan, der festlegt, welche Parzellen Schutzgebiet sind, aber dennoch sieht man h\u00e4ufig, dass auf diesen landwirtschaftlich vorgesehenen Fl\u00e4chen Industriegeb\u00e4ude errichtet werden&#8221;, erkl\u00e4rt eine Quelle aus der Abteilung f\u00fcr Eigentum und Kataster in Suhareka. Der Bau von Industriegebieten, die dem Nutzungsplan entsprechen, w\u00fcrde diese Probleme vermeiden, und genau das versucht die Gemeinde umzusetzen.<\/p>\n<p data-start=\"2106\" data-end=\"2824\" data-is-last-node=\"\" data-is-only-node=\"\">Kurz gesagt, es ist nicht einfach, unter solchen Bedingungen ein landwirtschaftliches Projekt zu entwickeln. Zumal die l\u00e4ndliche Infrastruktur \u00e4u\u00dferst unzureichend ist; viele landwirtschaftliche Zufahrtsstra\u00dfen sind in schlechtem Zustand oder sogar unpassierbar, und Ausbauantr\u00e4ge sto\u00dfen auf die begrenzten Haushaltsmittel der Gemeinden. Was die Bew\u00e4sserung betrifft, bleibt sie unzuverl\u00e4ssig. Einige D\u00f6rfer in l\u00e4ndlichen Gebieten warten seit Jahrzehnten darauf, an ein Wasserversorgungsnetz angeschlossen zu werden und k\u00f6nnen sich nur auf privat angelegte Brunnen verlassen, die auf eigene Kosten errichtet werden, auch wenn die K\u00fcrze der Anbausaison die Auswirkungen sommerlicher D\u00fcrren derzeit noch etwas abmildert.<\/p>\n<p><a href=\"https:\/\/www.albinfo.ch\/wp-content\/uploads\/2025\/12\/art_i_9-1-scaled.jpg\"><img loading=\"lazy\" decoding=\"async\" class=\"alignnone wp-image-880388\" src=\"https:\/\/www.albinfo.ch\/wp-content\/uploads\/2025\/12\/art_i_9-1-scaled.jpg\" alt=\"\" width=\"600\" height=\"450\" srcset=\"https:\/\/www.albinfo.ch\/wp-content\/uploads\/2025\/12\/art_i_9-1-scaled.jpg 2560w, https:\/\/www.albinfo.ch\/wp-content\/uploads\/2025\/12\/art_i_9-1-300x225.jpg 300w, https:\/\/www.albinfo.ch\/wp-content\/uploads\/2025\/12\/art_i_9-1-1024x768.jpg 1024w, https:\/\/www.albinfo.ch\/wp-content\/uploads\/2025\/12\/art_i_9-1-768x576.jpg 768w, https:\/\/www.albinfo.ch\/wp-content\/uploads\/2025\/12\/art_i_9-1-1536x1152.jpg 1536w, https:\/\/www.albinfo.ch\/wp-content\/uploads\/2025\/12\/art_i_9-1-2048x1536.jpg 2048w, https:\/\/www.albinfo.ch\/wp-content\/uploads\/2025\/12\/art_i_9-1-528x396.jpg 528w, https:\/\/www.albinfo.ch\/wp-content\/uploads\/2025\/12\/art_i_9-1-133x100.jpg 133w, https:\/\/www.albinfo.ch\/wp-content\/uploads\/2025\/12\/art_i_9-1-233x175.jpg 233w\" sizes=\"auto, (max-width: 600px) 100vw, 600px\" \/><\/a><\/p>\n<p data-start=\"782\" data-end=\"839\"><strong>Weinberge in der Umgebung von Suhareka.<\/strong><\/p>\n<p data-start=\"841\" data-end=\"1585\" data-is-last-node=\"\" data-is-only-node=\"\">Schlie\u00dflich bremsen auch gesellschaftliche Faktoren die Entwicklung des Sektors. Landwirtschaft wird h\u00e4ufig als wenig attraktiv angesehen im Vergleich zum Immobilien oder Dienstleistungssektor. Frauen sind in diesem Bereich aktiv, teils sogar an der Spitze innovativer Betriebe, m\u00fcssen jedoch darum k\u00e4mpfen, als unabh\u00e4ngige Unternehmerinnen vollst\u00e4ndig anerkannt zu werden. Was die kollektiven Synergien betrifft, die zumindest notwendig w\u00e4ren, um die finanzielle Belastung durch den Kauf von Produktions oder Verarbeitungsmaschinen f\u00fcr b\u00e4uerliche Haushalte zu verringern, so werden diese leider durch ein tief verwurzeltes Misstrauen gegen\u00fcber landwirtschaftlichen Genossenschaften behindert, die mit der sozialistischen \u00c4ra assoziiert werden.<\/p>\n<p><a href=\"https:\/\/www.albinfo.ch\/wp-content\/uploads\/2025\/12\/art_i_10-1-scaled.jpg\"><img loading=\"lazy\" decoding=\"async\" class=\"alignnone wp-image-880393\" src=\"https:\/\/www.albinfo.ch\/wp-content\/uploads\/2025\/12\/art_i_10-1-scaled.jpg\" alt=\"\" width=\"600\" height=\"450\" srcset=\"https:\/\/www.albinfo.ch\/wp-content\/uploads\/2025\/12\/art_i_10-1-scaled.jpg 2560w, https:\/\/www.albinfo.ch\/wp-content\/uploads\/2025\/12\/art_i_10-1-300x225.jpg 300w, https:\/\/www.albinfo.ch\/wp-content\/uploads\/2025\/12\/art_i_10-1-1024x768.jpg 1024w, https:\/\/www.albinfo.ch\/wp-content\/uploads\/2025\/12\/art_i_10-1-768x576.jpg 768w, https:\/\/www.albinfo.ch\/wp-content\/uploads\/2025\/12\/art_i_10-1-1536x1152.jpg 1536w, https:\/\/www.albinfo.ch\/wp-content\/uploads\/2025\/12\/art_i_10-1-2048x1536.jpg 2048w, https:\/\/www.albinfo.ch\/wp-content\/uploads\/2025\/12\/art_i_10-1-528x396.jpg 528w, https:\/\/www.albinfo.ch\/wp-content\/uploads\/2025\/12\/art_i_10-1-133x100.jpg 133w, https:\/\/www.albinfo.ch\/wp-content\/uploads\/2025\/12\/art_i_10-1-233x175.jpg 233w\" sizes=\"auto, (max-width: 600px) 100vw, 600px\" \/><\/a><\/p>\n<p data-start=\"1100\" data-end=\"1281\">Die Haltung von Milchk\u00fchen sowie der Direktverkauf von Milch und K\u00e4se bilden die Grundlage des Betriebs von Drita Kabashi in Sallagrazhde in der Gemeinde Suhareka.<\/p>\n<p data-start=\"1283\" data-end=\"2168\" data-is-last-node=\"\" data-is-only-node=\"\">Infolgedessen ist das Land trotz der Dynamik einiger lokaler Initiativen (wie jener, die wir im n\u00e4chsten Teil vorstellen werden) weit von der Ern\u00e4hrungsselbstversorgung entfernt. Die Abh\u00e4ngigkeit von Importen \u2013 insbesondere \u00fcber Supermarktketten wie VIVA Fresh, SPAR oder CONAD, die sich zunehmend gegen\u00fcber Dorfm\u00e4rkten und kleinen Lebensmittelgesch\u00e4ften durchgesetzt haben, in einem Land, dessen Bev\u00f6lkerung immer st\u00e4rker in den St\u00e4dten konzentriert ist\u00a0 stellt ein Problem dar. Sie wirft langfristig Fragen der Ern\u00e4hrungssicherheit auf, aber auch der \u00f6ffentlichen Gesundheit, da viele importierte verarbeitete Produkte von minderwertiger Qualit\u00e4t sind und aus stark intensivierten Agrarsystemen der Nachbarl\u00e4nder wie Nordmazedonien, Kroatien und anderen stammen. Und dennoch verf\u00fcgt Kosovo \u00fcber t\u00eb gjitha Voraussetzungen, um gut zu produzieren, gut zu essen und gut zu exportieren.<\/p>\n<p><strong>Blaise Guignard<\/strong><\/p>\n","protected":false},"excerpt":{"rendered":"<p>Wann wird es eine gro\u00dffl\u00e4chige Verteilung kosovarischer Spezialit\u00e4ten geben, die mit jenen aus Kroatien oder Mazedonien konkurrieren k\u00f6nnen? Die Frage bleibt weiterhin offen<\/p>\n","protected":false},"author":6,"featured_media":880372,"comment_status":"closed","ping_status":"closed","sticky":false,"template":"","format":"standard","meta":{"footnotes":""},"categories":[33056,34931,1131,3952,24621,24628,24635,24639,1129],"tags":[],"vendi":[],"content_country":[29888,31836,31837],"class_list":["post-882454","post","type-post","status-publish","format-standard","has-post-thumbnail","hentry","category-de-balkani-de","category-kosova-5","category-investitionen","category-kosova-de","category-kosova-de-3","category-entwicklung-de","category-nachrichten-de-3","category-karriere-balkan-de","category-ch-balkan","content_country-zvicer","content_country-austria-de","content_country-germany-de"],"acf":[],"_links":{"self":[{"href":"https:\/\/www.albinfo.ch\/de\/wp-json\/wp\/v2\/posts\/882454","targetHints":{"allow":["GET"]}}],"collection":[{"href":"https:\/\/www.albinfo.ch\/de\/wp-json\/wp\/v2\/posts"}],"about":[{"href":"https:\/\/www.albinfo.ch\/de\/wp-json\/wp\/v2\/types\/post"}],"author":[{"embeddable":true,"href":"https:\/\/www.albinfo.ch\/de\/wp-json\/wp\/v2\/users\/6"}],"replies":[{"embeddable":true,"href":"https:\/\/www.albinfo.ch\/de\/wp-json\/wp\/v2\/comments?post=882454"}],"version-history":[{"count":1,"href":"https:\/\/www.albinfo.ch\/de\/wp-json\/wp\/v2\/posts\/882454\/revisions"}],"predecessor-version":[{"id":882476,"href":"https:\/\/www.albinfo.ch\/de\/wp-json\/wp\/v2\/posts\/882454\/revisions\/882476"}],"wp:featuredmedia":[{"embeddable":true,"href":"https:\/\/www.albinfo.ch\/de\/wp-json\/wp\/v2\/media\/880372"}],"wp:attachment":[{"href":"https:\/\/www.albinfo.ch\/de\/wp-json\/wp\/v2\/media?parent=882454"}],"wp:term":[{"taxonomy":"category","embeddable":true,"href":"https:\/\/www.albinfo.ch\/de\/wp-json\/wp\/v2\/categories?post=882454"},{"taxonomy":"post_tag","embeddable":true,"href":"https:\/\/www.albinfo.ch\/de\/wp-json\/wp\/v2\/tags?post=882454"},{"taxonomy":"vendi","embeddable":true,"href":"https:\/\/www.albinfo.ch\/de\/wp-json\/wp\/v2\/vendi?post=882454"},{"taxonomy":"content_country","embeddable":true,"href":"https:\/\/www.albinfo.ch\/de\/wp-json\/wp\/v2\/content_country?post=882454"}],"curies":[{"name":"wp","href":"https:\/\/api.w.org\/{rel}","templated":true}]}}