{"id":882461,"date":"2025-12-10T20:30:16","date_gmt":"2025-12-10T19:30:16","guid":{"rendered":"https:\/\/www.albinfo.ch\/?p=882461"},"modified":"2025-12-10T23:19:22","modified_gmt":"2025-12-10T22:19:22","slug":"guy-parmelin-wird-mit-203-stimmen-zum-neuen-praesidenten-der-schweiz-gewaehlt-ein-rekordergebnis","status":"publish","type":"post","link":"https:\/\/www.albinfo.ch\/de\/guy-parmelin-wird-mit-203-stimmen-zum-neuen-praesidenten-der-schweiz-gewaehlt-ein-rekordergebnis\/","title":{"rendered":"Guy Parmelin wird mit 203 Stimmen zum neuen Pr\u00e4sidenten der Schweiz gew\u00e4hlt, ein Rekordergebnis"},"content":{"rendered":"<p data-start=\"1985\" data-end=\"2276\">W\u00e4hrend der Wintersession pr\u00fcft das Schweizer Parlament das Budget f\u00fcr das Jahr 2026 und f\u00fchrt die Wahlen f\u00fcr das Bundespr\u00e4sidium durch. Auf der Traktandenliste stehen au\u00dferdem die Initiative \u201cKeine Schweiz mit 10 Millionen Einwohnern\u201d sowie die Initiative gegen Feuerwerk.<\/p>\n<p data-start=\"2278\" data-end=\"2498\">In diesem Rahmen wurde Guy Parmelin mit 203 Stimmen zum neuen Pr\u00e4sidenten der Schweizerischen Eidgenossenschaft gew\u00e4hlt, ein au\u00dfergew\u00f6hnliches Ergebnis und das beste der letzten f\u00fcnfundzwanzig Jahre, schreibt albinfo.ch.<\/p>\n<p data-start=\"2500\" data-end=\"2689\">Zum Vergleich: Im vergangenen Jahr erhielt Karin Keller Sutter 168 Stimmen, w\u00e4hrend Ueli Maurer im Jahr 2019 auf 201 Stimmen gekommen war, ein Rekord, der nun von Parmelin \u00fcbertroffen wird.<\/p>\n<p data-start=\"2691\" data-end=\"2730\">Anerkennung f\u00fcr den Wirtschaftsminister<\/p>\n<p data-start=\"2732\" data-end=\"3001\">Das hohe Ergebnis wird auch als Zeichen der Wertsch\u00e4tzung f\u00fcr Parmelins Arbeit als Wirtschaftsminister gesehen. K\u00fcrzlich gab er den Abschluss einer Vereinbarung \u00fcber Zolltarife mit den Vereinigten Staaten bekannt, eine wichtige Entwicklung f\u00fcr die Schweizer Wirtschaft.<\/p>\n<p data-start=\"3003\" data-end=\"3161\">Dennoch sah sich Parmelin auch mit Kritik konfrontiert, insbesondere im Zusammenhang mit der Kommunikation \u00fcber den Besuch mehrerer Million\u00e4re im Wei\u00dfen Haus.<\/p>\n<p data-start=\"3163\" data-end=\"3214\">Tradition der Rotation und \u201cZeugnis\u201d des Parlaments<\/p>\n<p data-start=\"3216\" data-end=\"3435\">Die Wahl des Bundespr\u00e4sidenten folgt in der Regel einer internen Rotation und gilt als Formalit\u00e4t. Das Abstimmungsergebnis wird jedoch oft als eine Art \u201cZeugnis\u201d f\u00fcr die Arbeit der Mitglieder des Bundesrates betrachtet.<\/p>\n<p data-start=\"3437\" data-end=\"3574\">In seinem ersten Pr\u00e4sidialjahr 2021 hatte Parmelin 188 Stimmen erhalten, ein gutes Resultat, allerdings nicht so hoch wie in diesem Jahr.<\/p>\n<p data-start=\"3576\" data-end=\"3600\">Wahl des Vizepr\u00e4sidenten<\/p>\n<p data-start=\"3602\" data-end=\"3803\" data-is-last-node=\"\" data-is-only-node=\"\">Nach der Wahl von Guy Parmelin zum Pr\u00e4sidenten wird erwartet, dass Ignazio Cassis zum Vizepr\u00e4sidenten des Bundesrates gew\u00e4hlt wird. Anschlie\u00dfend wird Parmelin dem Parlament eine kurze Ansprache halten.<\/p>\n","protected":false},"excerpt":{"rendered":"<p>W\u00e4hrend der Wintersession pr\u00fcft das Schweizer Parlament das Budget f\u00fcr das Jahr 2026 und f\u00fchrt die Wahlen f\u00fcr das Bundespr\u00e4sidium durch. Auf der Traktandenliste stehen au\u00dferdem die Initiative \u201cKeine Schweiz mit 10 Millionen Einwohnern\u201d sowie die Initiative gegen Feuerwerk. In diesem Rahmen wurde Guy Parmelin mit 203 Stimmen zum neuen Pr\u00e4sidenten der Schweizerischen Eidgenossenschaft gew\u00e4hlt, [&hellip;]<\/p>\n","protected":false},"author":6,"featured_media":433800,"comment_status":"closed","ping_status":"closed","sticky":false,"template":"","format":"standard","meta":{"footnotes":""},"categories":[22804,23121],"tags":[],"vendi":[],"content_country":[],"class_list":["post-882461","post","type-post","status-publish","format-standard","has-post-thumbnail","hentry","category-leben-in-deutschland","category-nachrichten-de"],"acf":[],"_links":{"self":[{"href":"https:\/\/www.albinfo.ch\/de\/wp-json\/wp\/v2\/posts\/882461","targetHints":{"allow":["GET"]}}],"collection":[{"href":"https:\/\/www.albinfo.ch\/de\/wp-json\/wp\/v2\/posts"}],"about":[{"href":"https:\/\/www.albinfo.ch\/de\/wp-json\/wp\/v2\/types\/post"}],"author":[{"embeddable":true,"href":"https:\/\/www.albinfo.ch\/de\/wp-json\/wp\/v2\/users\/6"}],"replies":[{"embeddable":true,"href":"https:\/\/www.albinfo.ch\/de\/wp-json\/wp\/v2\/comments?post=882461"}],"version-history":[{"count":1,"href":"https:\/\/www.albinfo.ch\/de\/wp-json\/wp\/v2\/posts\/882461\/revisions"}],"predecessor-version":[{"id":882463,"href":"https:\/\/www.albinfo.ch\/de\/wp-json\/wp\/v2\/posts\/882461\/revisions\/882463"}],"wp:featuredmedia":[{"embeddable":true,"href":"https:\/\/www.albinfo.ch\/de\/wp-json\/wp\/v2\/media\/433800"}],"wp:attachment":[{"href":"https:\/\/www.albinfo.ch\/de\/wp-json\/wp\/v2\/media?parent=882461"}],"wp:term":[{"taxonomy":"category","embeddable":true,"href":"https:\/\/www.albinfo.ch\/de\/wp-json\/wp\/v2\/categories?post=882461"},{"taxonomy":"post_tag","embeddable":true,"href":"https:\/\/www.albinfo.ch\/de\/wp-json\/wp\/v2\/tags?post=882461"},{"taxonomy":"vendi","embeddable":true,"href":"https:\/\/www.albinfo.ch\/de\/wp-json\/wp\/v2\/vendi?post=882461"},{"taxonomy":"content_country","embeddable":true,"href":"https:\/\/www.albinfo.ch\/de\/wp-json\/wp\/v2\/content_country?post=882461"}],"curies":[{"name":"wp","href":"https:\/\/api.w.org\/{rel}","templated":true}]}}