{"id":882781,"date":"2025-12-11T18:30:29","date_gmt":"2025-12-11T17:30:29","guid":{"rendered":"https:\/\/www.albinfo.ch\/?p=882781"},"modified":"2025-12-11T21:49:04","modified_gmt":"2025-12-11T20:49:04","slug":"leandro-maksutaj-gibt-sein-debuet-in-der-schweizer-super-league-mit-winterthur","status":"publish","type":"post","link":"https:\/\/www.albinfo.ch\/de\/leandro-maksutaj-gibt-sein-debuet-in-der-schweizer-super-league-mit-winterthur\/","title":{"rendered":"Leandro Maksutaj gibt sein Deb\u00fct in der Schweizer Super League mit Winterthur"},"content":{"rendered":"<p data-start=\"937\" data-end=\"1145\">Das Talent der kosovarischen U19 Nationalmannschaft, Leandro Maksutaj, hat sein Deb\u00fct mit der ersten Mannschaft von Winterthur in der Schweizer Super League im Spiel gegen Basel gegeben, berichtet albinfo.ch.<\/p>\n<p data-start=\"1147\" data-end=\"1395\">Der achtzehnj\u00e4hrige Spieler wurde in der neunundachtzigsten Minute eingewechselt und setzte damit einen wichtigen Schritt in seiner Karriere. Er best\u00e4tigte zugleich seine Entwicklung als eines der vielversprechendsten Talente im Schweizer Fussball.<\/p>\n<p data-start=\"1397\" data-end=\"1635\">Winterthur unterlag Basel mit 1 zu 2 in einem Duell, in dem Xherdan Shaqiri die Hauptrolle spielte. Shaqiri erzielte das F\u00fchrungstor f\u00fcr sein Team und holte zudem einen Strafstoss heraus, doch der Versuch von Philip Otele wurde abgewehrt.<\/p>\n<p data-start=\"1637\" data-end=\"1723\" data-is-last-node=\"\" data-is-only-node=\"\">N\u00ebse d\u00ebshironi, mund t\u2019ua p\u00ebrgatis edhe titullin e p\u00ebrkthyer sipas stilit t\u00eb portalit.<\/p>\n","protected":false},"excerpt":{"rendered":"<p>Der Nachwuchsstar des Kosovo U19 gibt sein Deb\u00fct in der Schweizer Super League<\/p>\n","protected":false},"author":6,"featured_media":882599,"comment_status":"closed","ping_status":"closed","sticky":false,"template":"","format":"standard","meta":{"footnotes":""},"categories":[4023,24631,1139],"tags":[],"vendi":[],"content_country":[],"class_list":["post-882781","post","type-post","status-publish","format-standard","has-post-thumbnail","hentry","category-futboll-de","category-nachrichten-de-2","category-sport"],"acf":[],"_links":{"self":[{"href":"https:\/\/www.albinfo.ch\/de\/wp-json\/wp\/v2\/posts\/882781","targetHints":{"allow":["GET"]}}],"collection":[{"href":"https:\/\/www.albinfo.ch\/de\/wp-json\/wp\/v2\/posts"}],"about":[{"href":"https:\/\/www.albinfo.ch\/de\/wp-json\/wp\/v2\/types\/post"}],"author":[{"embeddable":true,"href":"https:\/\/www.albinfo.ch\/de\/wp-json\/wp\/v2\/users\/6"}],"replies":[{"embeddable":true,"href":"https:\/\/www.albinfo.ch\/de\/wp-json\/wp\/v2\/comments?post=882781"}],"version-history":[{"count":1,"href":"https:\/\/www.albinfo.ch\/de\/wp-json\/wp\/v2\/posts\/882781\/revisions"}],"predecessor-version":[{"id":882782,"href":"https:\/\/www.albinfo.ch\/de\/wp-json\/wp\/v2\/posts\/882781\/revisions\/882782"}],"wp:featuredmedia":[{"embeddable":true,"href":"https:\/\/www.albinfo.ch\/de\/wp-json\/wp\/v2\/media\/882599"}],"wp:attachment":[{"href":"https:\/\/www.albinfo.ch\/de\/wp-json\/wp\/v2\/media?parent=882781"}],"wp:term":[{"taxonomy":"category","embeddable":true,"href":"https:\/\/www.albinfo.ch\/de\/wp-json\/wp\/v2\/categories?post=882781"},{"taxonomy":"post_tag","embeddable":true,"href":"https:\/\/www.albinfo.ch\/de\/wp-json\/wp\/v2\/tags?post=882781"},{"taxonomy":"vendi","embeddable":true,"href":"https:\/\/www.albinfo.ch\/de\/wp-json\/wp\/v2\/vendi?post=882781"},{"taxonomy":"content_country","embeddable":true,"href":"https:\/\/www.albinfo.ch\/de\/wp-json\/wp\/v2\/content_country?post=882781"}],"curies":[{"name":"wp","href":"https:\/\/api.w.org\/{rel}","templated":true}]}}