{"id":882818,"date":"2025-12-11T20:30:27","date_gmt":"2025-12-11T19:30:27","guid":{"rendered":"https:\/\/www.albinfo.ch\/?p=882818"},"modified":"2025-12-11T22:09:13","modified_gmt":"2025-12-11T21:09:13","slug":"das-magazin-albinfo-ch-praesentiert-die-albanischen-persoenlichkeiten-der-schweiz-fuer-das-jahr-2025","status":"publish","type":"post","link":"https:\/\/www.albinfo.ch\/de\/das-magazin-albinfo-ch-praesentiert-die-albanischen-persoenlichkeiten-der-schweiz-fuer-das-jahr-2025\/","title":{"rendered":"Das Magazin albinfo.ch pr\u00e4sentiert die albanischen Pers\u00f6nlichkeiten der Schweiz f\u00fcr das Jahr 2025"},"content":{"rendered":"<p data-start=\"2447\" data-end=\"2690\">Im Einklang mit der sch\u00f6nen Tradition zum Jahresende eine Bilanz der bemerkenswertesten Erfolge zu ziehen hat die Redaktion der Medienplattform albinfo.ch die Pers\u00f6nlichkeiten aus der Diaspora ausgew\u00e4hlt die mit diesen Erfolgen verbunden sind.<\/p>\n<p data-start=\"2692\" data-end=\"2965\">Als die gr\u00f6sste und verl\u00e4sslichste Plattform der albanischen Diaspora in der Schweiz und dar\u00fcber hinaus kann albinfo.ch ohne falsche Bescheidenheit behaupten dass fast alle diese Pers\u00f6nlichkeiten \u00fcber diese Plattform gegangen sind oder durch sie Anerkennung gefunden haben.<\/p>\n<p data-start=\"2967\" data-end=\"3241\">So pr\u00e4sentieren sich in der Sonderausgabe des Magazins albinfo.ch die albanischen Preistr\u00e4ger des Jahres 2025 in der Schweiz. Es handelt sich um Pers\u00f6nlichkeiten die das zu Ende gehende Jahr in Bereichen wie Kultur Politik Sport Medizin Wirtschaft und anderen gepr\u00e4gt haben.<\/p>\n<p data-start=\"3243\" data-end=\"3548\">Und diese Pers\u00f6nlichkeiten von denen einige in der Schweiz und dar\u00fcber hinaus gut bekannt sind heissen Elina Duni Kultur, Lorik Cana f\u00fcr das Bild der Albaner in der Welt, Merita Pinta Wirtschaft, Musa Kamenica Politik, Adrian Bajrami Sport Fussball, P\u00ebrparim Limani Medizin und Fehmi Mahalla Sport Karate.<\/p>\n<p data-start=\"3550\" data-end=\"4059\">Diese Preistr\u00e4ger haben ihre Auswahl durch ihre Leistungen der vergangenen Jahre verdient doch gerade in diesem Jahr das wir hinter uns lassen haben sie die H\u00f6hepunkte ihrer jeweiligen Karrieren erreicht. So wurde Elina Duni eine hochgesch\u00e4tzte Jazzk\u00fcnstlerin von einer renommierten Jury zur besten Jazzs\u00e4ngerin der Schweiz im Jahr 2025 gew\u00e4hlt, Lorik Cana hatte ein sehr erfolgreiches Jahr mit der Initiative Rr\u00ebnj\u00ebt tona, und Adrian Bajrami wurde in die erste Fussballnationalmannschaft der Schweiz berufen.<\/p>\n<p data-start=\"4061\" data-end=\"4393\">In der aktuellen Ausgabe der letzten dieses Jahres von albinfo.ch haben wir all diese Pers\u00f6nlichkeiten sowie weitere verdiente Vertreter der albanischen Diaspora in der Schweiz interviewt. Ebenfalls enthalten sind die \u00fcblichen Rubriken des Magazins die mit Artikeln rund um die festliche Atmosph\u00e4re zum Jahresende bereichert wurden.<\/p>\n<p data-start=\"4395\" data-end=\"4576\">Zum Schluss w\u00fcnscht die Redaktion von albinfo.ch ihren Leserinnen und Lesern eine angenehme Lekt\u00fcre und ein gutes neues Jahr sowie allen Albanerinnen und Albanern wo immer sie sind.<\/p>\n","protected":false},"excerpt":{"rendered":"<p>In der festlichen Ausgabe des Magazins albinfo.ch pr\u00e4sentieren sich die albanischen Preistr\u00e4ger des Jahres in der Schweiz in Bereichen wie Kultur, Politik, Sport, Medizin, Wirtschaft und weiteren<\/p>\n","protected":false},"author":6,"featured_media":882953,"comment_status":"closed","ping_status":"closed","sticky":false,"template":"","format":"standard","meta":{"footnotes":""},"categories":[24636,1134,1136,22804,23121,23125,1133,1138],"tags":[],"vendi":[],"content_country":[],"class_list":["post-882818","post","type-post","status-publish","format-standard","has-post-thumbnail","hentry","category-nachrichten-de-4","category-integration","category-sprachen","category-leben-in-deutschland","category-nachrichten-de","category-thematisch-de","category-e-diaspora-de","category-kultur"],"acf":[],"_links":{"self":[{"href":"https:\/\/www.albinfo.ch\/de\/wp-json\/wp\/v2\/posts\/882818","targetHints":{"allow":["GET"]}}],"collection":[{"href":"https:\/\/www.albinfo.ch\/de\/wp-json\/wp\/v2\/posts"}],"about":[{"href":"https:\/\/www.albinfo.ch\/de\/wp-json\/wp\/v2\/types\/post"}],"author":[{"embeddable":true,"href":"https:\/\/www.albinfo.ch\/de\/wp-json\/wp\/v2\/users\/6"}],"replies":[{"embeddable":true,"href":"https:\/\/www.albinfo.ch\/de\/wp-json\/wp\/v2\/comments?post=882818"}],"version-history":[{"count":1,"href":"https:\/\/www.albinfo.ch\/de\/wp-json\/wp\/v2\/posts\/882818\/revisions"}],"predecessor-version":[{"id":882819,"href":"https:\/\/www.albinfo.ch\/de\/wp-json\/wp\/v2\/posts\/882818\/revisions\/882819"}],"wp:featuredmedia":[{"embeddable":true,"href":"https:\/\/www.albinfo.ch\/de\/wp-json\/wp\/v2\/media\/882953"}],"wp:attachment":[{"href":"https:\/\/www.albinfo.ch\/de\/wp-json\/wp\/v2\/media?parent=882818"}],"wp:term":[{"taxonomy":"category","embeddable":true,"href":"https:\/\/www.albinfo.ch\/de\/wp-json\/wp\/v2\/categories?post=882818"},{"taxonomy":"post_tag","embeddable":true,"href":"https:\/\/www.albinfo.ch\/de\/wp-json\/wp\/v2\/tags?post=882818"},{"taxonomy":"vendi","embeddable":true,"href":"https:\/\/www.albinfo.ch\/de\/wp-json\/wp\/v2\/vendi?post=882818"},{"taxonomy":"content_country","embeddable":true,"href":"https:\/\/www.albinfo.ch\/de\/wp-json\/wp\/v2\/content_country?post=882818"}],"curies":[{"name":"wp","href":"https:\/\/api.w.org\/{rel}","templated":true}]}}