{"id":883329,"date":"2025-12-13T18:30:35","date_gmt":"2025-12-13T17:30:35","guid":{"rendered":"https:\/\/www.albinfo.ch\/?p=883329"},"modified":"2025-12-14T01:07:40","modified_gmt":"2025-12-14T00:07:40","slug":"my-laser-vision-die-richtige-adresse-fuer-alle-die-ihre-brille-loswerden-moechten","status":"publish","type":"post","link":"https:\/\/www.albinfo.ch\/de\/my-laser-vision-die-richtige-adresse-fuer-alle-die-ihre-brille-loswerden-moechten\/","title":{"rendered":"MY LASER VISION, die richtige Adresse f\u00fcr alle, die ihre Brille loswerden m\u00f6chten"},"content":{"rendered":"<p data-start=\"589\" data-end=\"878\">In einer Zeit, in der die Sehkorrektur sicherer ist als je zuvor und moderne Technologien sofortige Ergebnisse erm\u00f6glichen, zieht die Klinik MY LASER VISION in Wallisellen immer mehr Patientinnen und Patienten an, insbesondere aus der albanischen Gemeinschaft in der Schweiz.<\/p>\n<p data-start=\"880\" data-end=\"1133\" data-is-last-node=\"\" data-is-only-node=\"\">Mit kostenlosen Beratungen, zwei Augen\u00e4rzten mit \u00fcber 20 Jahren Erfahrung sowie einem Optometristen mit mehr als 27 Jahren Berufspraxis hat sich diese Klinik zu einer wichtigen Anlaufstelle f\u00fcr alle entwickelt, die ihre Brille dauerhaft ablegen m\u00f6chten.<\/p>\n<p><strong><a href=\"https:\/\/www.albinfo.ch\/wp-content\/uploads\/2025\/12\/img_9316-scaled.jpg\"><img loading=\"lazy\" decoding=\"async\" class=\"alignnone size-large wp-image-883147\" src=\"https:\/\/www.albinfo.ch\/wp-content\/uploads\/2025\/12\/img_9316-1024x768.jpg\" alt=\"\" width=\"640\" height=\"480\" srcset=\"https:\/\/www.albinfo.ch\/wp-content\/uploads\/2025\/12\/img_9316-1024x768.jpg 1024w, https:\/\/www.albinfo.ch\/wp-content\/uploads\/2025\/12\/img_9316-300x225.jpg 300w, https:\/\/www.albinfo.ch\/wp-content\/uploads\/2025\/12\/img_9316-768x576.jpg 768w, https:\/\/www.albinfo.ch\/wp-content\/uploads\/2025\/12\/img_9316-1536x1152.jpg 1536w, https:\/\/www.albinfo.ch\/wp-content\/uploads\/2025\/12\/img_9316-2048x1536.jpg 2048w, https:\/\/www.albinfo.ch\/wp-content\/uploads\/2025\/12\/img_9316-528x396.jpg 528w, https:\/\/www.albinfo.ch\/wp-content\/uploads\/2025\/12\/img_9316-133x100.jpg 133w, https:\/\/www.albinfo.ch\/wp-content\/uploads\/2025\/12\/img_9316-233x175.jpg 233w\" sizes=\"auto, (max-width: 640px) 100vw, 640px\" \/><\/a><\/strong><\/p>\n<p data-start=\"1117\" data-end=\"1182\">Ein Expertenteam mit \u00fcber 25 Jahren Berufserfahrung<\/p>\n<p data-start=\"1184\" data-end=\"1533\">Dr Med Univ Arno B Sailer ist Augenarzt und Augenchirurg mit \u00fcber 20 Jahren Erfahrung in Laseroperationen und dem Einsatz von Intraokularlinsen. Bedri Sadiku, Gr\u00fcnder der Klinik, ist Optometrist und Augenoptiker mit 27 Jahren Berufserfahrung, t\u00e4tig seit 1998. Dieses Team vereint moderne Technologie, langj\u00e4hrige Erfahrung und hohe Professionalit\u00e4t.<\/p>\n<p data-start=\"1535\" data-end=\"1601\">Kostenlose Beratung, der erste Schritt zu einem Leben ohne Brille.<\/p>\n<p data-start=\"1603\" data-end=\"2046\">Patientinnen und Patienten erhalten hier: pr\u00e4zise Augenmessungen mit modernster Technik ; eine umfassende Analyse durch einen Optometristen mit 27 Jahren Erfahrung ; die fachliche Einsch\u00e4tzung von zwei Augen\u00e4rzten mit langj\u00e4hriger chirurgischer Praxis ; eine ausf\u00fchrliche Erkl\u00e4rung aller Behandlungsmethoden Femto LASIK, Trans PRK, ICL, PRK, RLE MIOL ; eine pers\u00f6nliche Beratung, abgestimmt auf den Lebensstil der Patientin oder des Patienten.<\/p>\n<p data-start=\"2048\" data-end=\"2172\" data-is-last-node=\"\" data-is-only-node=\"\">\u201eDie erste Behandlung ist kostenlos und wir verf\u00fcgen \u00fcber Top Bewertungen auf Google\u201c, betont der Klinikleiter Bedri Sadiku.<\/p>\n<p data-start=\"0\" data-end=\"82\"><strong><a href=\"https:\/\/www.albinfo.ch\/wp-content\/uploads\/2025\/12\/syza.jpg\"><img loading=\"lazy\" decoding=\"async\" class=\"alignnone wp-image-883239\" src=\"https:\/\/www.albinfo.ch\/wp-content\/uploads\/2025\/12\/syza-768x1024.jpg\" alt=\"\" width=\"600\" height=\"800\" srcset=\"https:\/\/www.albinfo.ch\/wp-content\/uploads\/2025\/12\/syza-768x1024.jpg 768w, https:\/\/www.albinfo.ch\/wp-content\/uploads\/2025\/12\/syza-225x300.jpg 225w, https:\/\/www.albinfo.ch\/wp-content\/uploads\/2025\/12\/syza-1152x1536.jpg 1152w, https:\/\/www.albinfo.ch\/wp-content\/uploads\/2025\/12\/syza-297x396.jpg 297w, https:\/\/www.albinfo.ch\/wp-content\/uploads\/2025\/12\/syza-75x100.jpg 75w, https:\/\/www.albinfo.ch\/wp-content\/uploads\/2025\/12\/syza-131x175.jpg 131w, https:\/\/www.albinfo.ch\/wp-content\/uploads\/2025\/12\/syza.jpg 1536w\" sizes=\"auto, (max-width: 600px) 100vw, 600px\" \/><\/a><\/strong><\/p>\n<p data-start=\"1704\" data-end=\"1773\">Ein Rekordjahr mit \u00fcber 700 durchgef\u00fchrten Behandlungen<\/p>\n<p data-start=\"1775\" data-end=\"2154\">Allein in diesem Jahr hat die Klinik bislang eine beeindruckende Zahl erreicht. Mehr als 700 Behandlungen wurden erfolgreich durchgef\u00fchrt. Dieses Wachstum h\u00e4ngt eng mit dem gro\u00dfen Vertrauen der albanischen Gemeinschaft in der Schweiz zusammen, ebenso wie mit Patientinnen und Patienten aus dem Kosovo und aus Nordmazedonien, die sich bewusst f\u00fcr eine Behandlung hier entscheiden.<\/p>\n<p data-start=\"2156\" data-end=\"2394\">\u201eDer Preis ist nicht g\u00fcnstiger als in unseren Herkunftsl\u00e4ndern. Genau deshalb entscheiden sich viele Patienten f\u00fcr den Eingriff hier, mit Schweizer Standards, hoher Sicherheit und einer langfristigen medizinischen Betreuung\u201c, sagt Sadiku.<\/p>\n<p data-start=\"2396\" data-end=\"2486\">Warum sich Patienten f\u00fcr eine Operation entscheiden, nicht aus Pflicht, sondern aus Wunsch<\/p>\n<p data-start=\"2488\" data-end=\"2753\">Die Laser Sehkorrektur ist ein elektiver Eingriff und medizinisch nicht zwingend erforderlich. \u201eDer Kernpunkt ist klar. Die Menschen machen diesen Schritt nicht, weil sie m\u00fcssen. Sie tun es, weil sie ihre Brille und Kontaktlinsen loswerden m\u00f6chten\u201c, erkl\u00e4rt Sadiku.<\/p>\n<p data-start=\"2755\" data-end=\"2877\">Einige Zusatzversicherungen \u00fcbernehmen einen Teil der Behandlungskosten, insbesondere bei klarer medizinischer Indikation.<\/p>\n<p data-start=\"2879\" data-end=\"2921\">Modernste Technologie und minimales Risiko<\/p>\n<p data-start=\"2923\" data-end=\"3402\" data-is-last-node=\"\" data-is-only-node=\"\">Die Klinik arbeitet in modernen R\u00e4umlichkeiten mit einer Fl\u00e4che von 280 Quadratmetern und ist mit den neuesten Ger\u00e4ten ausgestattet. Nach Angaben der \u00c4rzte liegt das Risiko schwerwiegender Komplikationen bei unter 0.02 Prozent. Geringf\u00fcgige Komplikationen sind gut kontrollierbar und leicht behandelbar. Die Ergebnisse sind langfristig stabil, und in der Regel ist kein Zweiteingriff erforderlich, ausser in sehr speziellen F\u00e4llen oder bei sehr jungen Patientinnen und Patienten.<\/p>\n<p><strong><a href=\"https:\/\/www.albinfo.ch\/wp-content\/uploads\/2025\/12\/bedri-sadiku.jpg\"><img loading=\"lazy\" decoding=\"async\" class=\"alignnone wp-image-883177\" src=\"https:\/\/www.albinfo.ch\/wp-content\/uploads\/2025\/12\/bedri-sadiku.jpg\" alt=\"\" width=\"626\" height=\"430\" srcset=\"https:\/\/www.albinfo.ch\/wp-content\/uploads\/2025\/12\/bedri-sadiku.jpg 938w, https:\/\/www.albinfo.ch\/wp-content\/uploads\/2025\/12\/bedri-sadiku-300x206.jpg 300w, https:\/\/www.albinfo.ch\/wp-content\/uploads\/2025\/12\/bedri-sadiku-768x527.jpg 768w, https:\/\/www.albinfo.ch\/wp-content\/uploads\/2025\/12\/bedri-sadiku-577x396.jpg 577w, https:\/\/www.albinfo.ch\/wp-content\/uploads\/2025\/12\/bedri-sadiku-146x100.jpg 146w, https:\/\/www.albinfo.ch\/wp-content\/uploads\/2025\/12\/bedri-sadiku-255x175.jpg 255w\" sizes=\"auto, (max-width: 626px) 100vw, 626px\" \/><\/a><\/strong><\/p>\n<p data-start=\"672\" data-end=\"743\">Die Geschichte von Bedri Sadiku, eine 27 j\u00e4hrige Karriere<\/p>\n<p data-start=\"745\" data-end=\"850\">Bedri, heute 44 Jahre alt, begann seine berufliche Laufbahn im Jahr 1998 als Augenoptiker in der Schweiz.<\/p>\n<p data-start=\"852\" data-end=\"1048\">Er arbeitete in verschiedenen Optikgesch\u00e4ften, \u00fcbernahm leitende Positionen und war in refraktiven Zentren wie FokusLaser t\u00e4tig, wo er das Vertrauen vieler albanischer Kundinnen und Kunden gewann.<\/p>\n<p data-start=\"1050\" data-end=\"1227\">\u201eDank der albanischen Kundschaft hatte ich den Mut, diese Praxis zu er\u00f6ffnen, und dank ihnen arbeite ich heute in der Klinik, die Sie hier sehen\u201c, sagt er, berichtet albinfo.ch.<\/p>\n<p data-start=\"1229\" data-end=\"1359\" data-is-last-node=\"\" data-is-only-node=\"\">Die Klinik ist von den Krankenversicherungen anerkannt und arbeitet nach den Schweizer Standards f\u00fcr Sicherheit und Dokumentation.<\/p>\n<p><strong><a href=\"https:\/\/www.albinfo.ch\/wp-content\/uploads\/2025\/12\/my-vision-2.jpg\"><img loading=\"lazy\" decoding=\"async\" class=\"alignnone size-full wp-image-883174\" src=\"https:\/\/www.albinfo.ch\/wp-content\/uploads\/2025\/12\/my-vision-2.jpg\" alt=\"\" width=\"626\" height=\"646\" srcset=\"https:\/\/www.albinfo.ch\/wp-content\/uploads\/2025\/12\/my-vision-2.jpg 626w, https:\/\/www.albinfo.ch\/wp-content\/uploads\/2025\/12\/my-vision-2-291x300.jpg 291w, https:\/\/www.albinfo.ch\/wp-content\/uploads\/2025\/12\/my-vision-2-384x396.jpg 384w, https:\/\/www.albinfo.ch\/wp-content\/uploads\/2025\/12\/my-vision-2-97x100.jpg 97w, https:\/\/www.albinfo.ch\/wp-content\/uploads\/2025\/12\/my-vision-2-170x175.jpg 170w\" sizes=\"auto, (max-width: 626px) 100vw, 626px\" \/><\/a><\/strong><\/p>\n<p data-start=\"901\" data-end=\"959\">\u00c4sthetik, Komfort und eine klare Philosophie<\/p>\n<p data-start=\"961\" data-end=\"1224\">Bedri verf\u00fcgt \u00fcber ein aussergew\u00f6hnliches Gesp\u00fcr f\u00fcr Innenarchitektur, das sich in jedem Detail widerspiegelt. Die R\u00e4umlichkeiten wirken eher wie eine Kunstgalerie, die Ruhe und Inspiration vermittelt, als wie eine klassische Klinik f\u00fcr medizinische Behandlungen.<\/p>\n<p data-start=\"1226\" data-end=\"1797\">Auff\u00e4llig ist auch, dass in dieser Klinik ausschliesslich Sonnenbrillen zu finden sind und keine optischen Brillen angeboten werden. Auf die Frage, warum er keine Brillen verkauft, antwortet Bedri offen: \u201eUnsere Philosophie ist es, den Menschen die Brille abzunehmen, nicht sie ihnen zu verkaufen\u201c. Albanerinnen und Albaner aus der Schweiz, aus dem Kosovo und aus Nordmazedonien kommen gezielt f\u00fcr Laserbehandlungen hierher und empfehlen die Klinik h\u00e4ufig an Freunde und Familienmitglieder weiter, dank der langj\u00e4hrigen Erfahrung und des hohen Schweizer Arbeitsstandards.<\/p>\n<p data-start=\"1799\" data-end=\"1816\">Adresse &amp; Kontakt<\/p>\n<p data-start=\"1818\" data-end=\"1871\" data-is-last-node=\"\" data-is-only-node=\"\">MY LASER VISION<br data-start=\"1833\" data-end=\"1836\" \/>Richtiarkade 1, 8304 Wallisellen ZH<\/p>\n<p><a href=\"http:\/\/www.mylaservision.ch\">www.mylaservision.ch<\/a><\/p>\n<p>&nbsp;<\/p>\n<p>&nbsp;<\/p>\n<p>&nbsp;<\/p>\n","protected":false},"excerpt":{"rendered":"<p>MY LASER VISION, kostenlose Behandlung und ein Team mit \u00fcber 20 Jahren Erfahrung, die Klinik, die das Vertrauen der Albaner in der ganzen Schweiz gewinnt<\/p>\n","protected":false},"author":6,"featured_media":883158,"comment_status":"closed","ping_status":"closed","sticky":false,"template":"","format":"standard","meta":{"footnotes":""},"categories":[34915,1188,24636,1134,1141,24006,1133,1140],"tags":[],"vendi":[],"content_country":[],"class_list":["post-883329","post","type-post","status-publish","format-standard","has-post-thumbnail","hentry","category-marketing-jeta-ne-zvicer-de","category-shkurt-ch-de","category-nachrichten-de-4","category-integration","category-themen","category-lajme-jeta-ne-zvicer-de","category-e-diaspora-de","category-leben-in-der-schweiz"],"acf":[],"_links":{"self":[{"href":"https:\/\/www.albinfo.ch\/de\/wp-json\/wp\/v2\/posts\/883329","targetHints":{"allow":["GET"]}}],"collection":[{"href":"https:\/\/www.albinfo.ch\/de\/wp-json\/wp\/v2\/posts"}],"about":[{"href":"https:\/\/www.albinfo.ch\/de\/wp-json\/wp\/v2\/types\/post"}],"author":[{"embeddable":true,"href":"https:\/\/www.albinfo.ch\/de\/wp-json\/wp\/v2\/users\/6"}],"replies":[{"embeddable":true,"href":"https:\/\/www.albinfo.ch\/de\/wp-json\/wp\/v2\/comments?post=883329"}],"version-history":[{"count":1,"href":"https:\/\/www.albinfo.ch\/de\/wp-json\/wp\/v2\/posts\/883329\/revisions"}],"predecessor-version":[{"id":883330,"href":"https:\/\/www.albinfo.ch\/de\/wp-json\/wp\/v2\/posts\/883329\/revisions\/883330"}],"wp:featuredmedia":[{"embeddable":true,"href":"https:\/\/www.albinfo.ch\/de\/wp-json\/wp\/v2\/media\/883158"}],"wp:attachment":[{"href":"https:\/\/www.albinfo.ch\/de\/wp-json\/wp\/v2\/media?parent=883329"}],"wp:term":[{"taxonomy":"category","embeddable":true,"href":"https:\/\/www.albinfo.ch\/de\/wp-json\/wp\/v2\/categories?post=883329"},{"taxonomy":"post_tag","embeddable":true,"href":"https:\/\/www.albinfo.ch\/de\/wp-json\/wp\/v2\/tags?post=883329"},{"taxonomy":"vendi","embeddable":true,"href":"https:\/\/www.albinfo.ch\/de\/wp-json\/wp\/v2\/vendi?post=883329"},{"taxonomy":"content_country","embeddable":true,"href":"https:\/\/www.albinfo.ch\/de\/wp-json\/wp\/v2\/content_country?post=883329"}],"curies":[{"name":"wp","href":"https:\/\/api.w.org\/{rel}","templated":true}]}}