{"id":883694,"date":"2025-12-15T18:30:07","date_gmt":"2025-12-15T17:30:07","guid":{"rendered":"https:\/\/www.albinfo.ch\/?p=883694"},"modified":"2025-12-15T23:17:37","modified_gmt":"2025-12-15T22:17:37","slug":"die-albanische-ministerin-kuendigt-initiativen-fuer-die-rechte-der-diaspora-in-griechenland-an","status":"publish","type":"post","link":"https:\/\/www.albinfo.ch\/de\/die-albanische-ministerin-kuendigt-initiativen-fuer-die-rechte-der-diaspora-in-griechenland-an\/","title":{"rendered":"Die albanische Ministerin k\u00fcndigt Initiativen f\u00fcr die Rechte der Diaspora in Griechenland an"},"content":{"rendered":"<p data-start=\"1900\" data-end=\"2253\">Mit besonderem Fokus auf die albanische Diaspora in Griechenland wird die albanische Ministerin f\u00fcr Europa und ausw\u00e4rtige Angelegenheiten, Eliza Spiropali, \u00fcbermorgen ihre erste offizielle Visite in Athen absolvieren. Dieser Besuch wird sowohl in politischen Kreisen als auch innerhalb der albanischen Gemeinschaft vor Ort mit gro\u00dfem Interesse verfolgt.<\/p>\n<p data-start=\"2255\" data-end=\"2569\">Ein klares Beispiel f\u00fcr diesen Ansatz ist ihr Interview mit der griechischen Zeitung Ta Nea, in dem Spiropali betont, dass sie in die griechische Hauptstadt komme, um mit ihrem griechischen Amtskollegen Giorgos Gerapetritis &#8220;\u00fcber alles&#8221; zu sprechen, und Griechenland als strategischen Partner Albaniens bezeichnet.<\/p>\n<p data-start=\"2571\" data-end=\"3066\">In dem Interview misst die albanische Ministerin auch der Rolle der albanischen Diaspora in Griechenland gro\u00dfe Bedeutung bei. Sie erkl\u00e4rt, dass sie Themen wie die Erleichterung administrativer Verfahren, die Einf\u00fchrung der albanischen Sprache als Wahlfach an griechischen Schulen sowie die Finalisierung des Abkommens \u00fcber die Sozialversicherungen ansprechen werde, das eine gerechte Anerkennung von Renten und Beitr\u00e4gen albanischer Migrantinnen und Migranten in Griechenland gew\u00e4hrleisten soll.<\/p>\n<p data-start=\"3068\" data-end=\"3399\">In zwei der vier Interviewfragen hebt die albanische Chefdiplomatin mit Blick auf die Gespr\u00e4chsagenda hervor, dass der Dialog umfassend sein werde, &#8220;360 Grad&#8221;, wie sie es formuliert, und sowohl die bestehende Zusammenarbeit als auch jene Bereiche umfasse, in denen weiterer Verbesserungsbedarf besteht, berichten Medien aus Tirana.<\/p>\n<p data-start=\"3401\" data-end=\"3809\" data-is-last-node=\"\" data-is-only-node=\"\">Zudem geht Spiropali auf den europ\u00e4ischen Integrationsprozess ein, den sie als strategisches Ziel und praktische Notwendigkeit f\u00fcr Albanien bezeichnet. Sie w\u00fcrdigt die Unterst\u00fctzung Griechenlands sowohl in der Vergangenheit als auch heute und zeigt sich optimistisch, dass die griechische EU-Ratspr\u00e4sidentschaft im Jahr 2027 die Erweiterung und den Westbalkan ins Zentrum der europ\u00e4ischen Agenda r\u00fccken wird.<\/p>\n","protected":false},"excerpt":{"rendered":"<p>Der erste offizielle Besuch der albanischen Ministerin f\u00fcr Europa und ausw\u00e4rtige Angelegenheiten, Eliza Spiropali, der \u00fcbermorgen in Athen stattfindet, wird mit gro\u00dfem Interesse erwartet.<\/p>\n","protected":false},"author":6,"featured_media":883650,"comment_status":"closed","ping_status":"closed","sticky":false,"template":"","format":"standard","meta":{"footnotes":""},"categories":[33056,24636,1134,23264,23269,23262,24621,24635,1133],"tags":[],"vendi":[],"content_country":[],"class_list":["post-883694","post","type-post","status-publish","format-standard","has-post-thumbnail","hentry","category-de-balkani-de","category-nachrichten-de-4","category-integration","category-albania","category-news","category-at-balkani-de","category-kosova-de-3","category-nachrichten-de-3","category-e-diaspora-de"],"acf":[],"_links":{"self":[{"href":"https:\/\/www.albinfo.ch\/de\/wp-json\/wp\/v2\/posts\/883694","targetHints":{"allow":["GET"]}}],"collection":[{"href":"https:\/\/www.albinfo.ch\/de\/wp-json\/wp\/v2\/posts"}],"about":[{"href":"https:\/\/www.albinfo.ch\/de\/wp-json\/wp\/v2\/types\/post"}],"author":[{"embeddable":true,"href":"https:\/\/www.albinfo.ch\/de\/wp-json\/wp\/v2\/users\/6"}],"replies":[{"embeddable":true,"href":"https:\/\/www.albinfo.ch\/de\/wp-json\/wp\/v2\/comments?post=883694"}],"version-history":[{"count":1,"href":"https:\/\/www.albinfo.ch\/de\/wp-json\/wp\/v2\/posts\/883694\/revisions"}],"predecessor-version":[{"id":883695,"href":"https:\/\/www.albinfo.ch\/de\/wp-json\/wp\/v2\/posts\/883694\/revisions\/883695"}],"wp:featuredmedia":[{"embeddable":true,"href":"https:\/\/www.albinfo.ch\/de\/wp-json\/wp\/v2\/media\/883650"}],"wp:attachment":[{"href":"https:\/\/www.albinfo.ch\/de\/wp-json\/wp\/v2\/media?parent=883694"}],"wp:term":[{"taxonomy":"category","embeddable":true,"href":"https:\/\/www.albinfo.ch\/de\/wp-json\/wp\/v2\/categories?post=883694"},{"taxonomy":"post_tag","embeddable":true,"href":"https:\/\/www.albinfo.ch\/de\/wp-json\/wp\/v2\/tags?post=883694"},{"taxonomy":"vendi","embeddable":true,"href":"https:\/\/www.albinfo.ch\/de\/wp-json\/wp\/v2\/vendi?post=883694"},{"taxonomy":"content_country","embeddable":true,"href":"https:\/\/www.albinfo.ch\/de\/wp-json\/wp\/v2\/content_country?post=883694"}],"curies":[{"name":"wp","href":"https:\/\/api.w.org\/{rel}","templated":true}]}}