{"id":883899,"date":"2025-12-16T22:42:40","date_gmt":"2025-12-16T21:42:40","guid":{"rendered":"https:\/\/www.albinfo.ch\/?p=883899"},"modified":"2025-12-19T22:24:28","modified_gmt":"2025-12-19T21:24:28","slug":"merita-pinta-eine-starke-frau-mit-vielen-verdiensten","status":"publish","type":"post","link":"https:\/\/www.albinfo.ch\/de\/merita-pinta-eine-starke-frau-mit-vielen-verdiensten\/","title":{"rendered":"Merita Pinta, eine starke Frau mit vielen Verdiensten"},"content":{"rendered":"<p>Merita Pinta ist heute ein herausragender Name in der albanischen Gemeinschaft in der Schweiz und dar\u00fcber hinaus. Durch die Gr\u00fcndung und Leitung eines Unternehmens, Prima Pflege, mit zwei Pflegeheimen f\u00fcr \u00e4ltere Menschen und rund einhundert Mitarbeitenden ist sie zu einer angesehenen Arbeitgeberin in ihrer Region und weit dar\u00fcber hinaus geworden.<\/p>\n<p data-start=\"1162\" data-end=\"1345\">F\u00fcr diese und viele weitere Verdienste wurde sie von der Medienplattform zur Pers\u00f6nlichkeit des Jahres 2025 im Bereich Gesundheit gew\u00e4hlt. Im Folgenden das interview mit Merita Pinta.<\/p>\n<p data-start=\"1347\" data-end=\"1591\" data-is-last-node=\"\" data-is-only-node=\"\"><strong>albinfo.ch:<\/strong> Sie haben Ihren beruflichen Weg als Krankenschwester begonnen, w\u00e4hrend Sie heute ein Unternehmen mit fast einhundert Mitarbeitenden im Gesundheitswesen f\u00fchren. Wie erleben Sie diesen Wandel und was war das Geheimnis Ihres Erfolgs?<\/p>\n<p><a href=\"https:\/\/www.albinfo.ch\/wp-content\/uploads\/2025\/12\/merita-pinta-3.jpg\"><img loading=\"lazy\" decoding=\"async\" class=\"alignnone wp-image-883778\" src=\"https:\/\/www.albinfo.ch\/wp-content\/uploads\/2025\/12\/merita-pinta-3.jpg\" alt=\"\" width=\"600\" height=\"800\" srcset=\"https:\/\/www.albinfo.ch\/wp-content\/uploads\/2025\/12\/merita-pinta-3.jpg 1536w, https:\/\/www.albinfo.ch\/wp-content\/uploads\/2025\/12\/merita-pinta-3-225x300.jpg 225w, https:\/\/www.albinfo.ch\/wp-content\/uploads\/2025\/12\/merita-pinta-3-768x1024.jpg 768w, https:\/\/www.albinfo.ch\/wp-content\/uploads\/2025\/12\/merita-pinta-3-1152x1536.jpg 1152w, https:\/\/www.albinfo.ch\/wp-content\/uploads\/2025\/12\/merita-pinta-3-297x396.jpg 297w, https:\/\/www.albinfo.ch\/wp-content\/uploads\/2025\/12\/merita-pinta-3-75x100.jpg 75w, https:\/\/www.albinfo.ch\/wp-content\/uploads\/2025\/12\/merita-pinta-3-131x175.jpg 131w\" sizes=\"auto, (max-width: 600px) 100vw, 600px\" \/><\/a><\/p>\n<p data-start=\"2697\" data-end=\"3300\"><strong>Merita Pinta:<\/strong> Mein Weg von der Position einer Krankenschwester bis hin zur Leitung eines Unternehmens war eine au\u00dfergew\u00f6hnliche und herausfordernde Erfahrung. Jeder Schritt erforderte Engagement, Disziplin und Geduld, gab mir aber zugleich die M\u00f6glichkeit, viel zu lernen, nicht nur \u00fcber meinen Beruf, sondern auch \u00fcber F\u00fchrung, Management und den Umgang mit Menschen. Ich erlebe diese Entwicklung als eine Kombination aus Stolz und Verantwortung. Stolz auf das, was ich erreicht habe, und Verantwortung gegen\u00fcber meinem Team, unseren Bewohnerinnen und Bewohnern sowie der Gemeinschaft, der wir dienen.<\/p>\n<p data-start=\"3302\" data-end=\"3712\">Meiner Ansicht nach besteht der Schl\u00fcssel zum Erfolg nicht aus einem einzigen Faktor, sondern aus einer Kombination von Elementen, die gemeinsam einen erfolgreichen Weg formen. Ein entscheidendes Element war zweifellos das Vertrauen in mich selbst, die Liebe zu meinem Beruf und eine klare Vision: die Bereitstellung hochwertiger Gesundheits und Pflegeleistungen, verbunden mit Herzlichkeit und Menschlichkeit.<\/p>\n<p data-start=\"3714\" data-end=\"3955\">Eine wichtige Rolle spielten auch die Menschen, die mich begleitet haben, diejenigen, die mich unterst\u00fctzt, inspiriert und auf jedem Schritt meines Weges gef\u00fchrt haben. Ohne die Unterst\u00fctzung meiner Familie w\u00e4re vieles nicht m\u00f6glich gewesen.<\/p>\n<p data-start=\"3957\" data-end=\"4323\">Dar\u00fcber hinaus war die F\u00e4higkeit, aus jeder Herausforderung zu lernen, fokussiert auf meine Ziele zu bleiben und die Leidenschaft f\u00fcr meine Arbeit zu bewahren, die Grundlage meines Erfolgs. Dieser Prozess dauert an und motiviert mich jeden Tag, mein Bestes zu geben. Erfolg ist kein Ziel, sondern ein kontinuierlicher Weg aus Einsatz und st\u00e4ndiger Weiterentwicklung.<\/p>\n<p data-start=\"4325\" data-end=\"4530\"><strong>Albinfo.ch:<\/strong> Sie haben eine erfolgreiche Karriere aufgebaut, die 2016 in der Gr\u00fcndung von Prima Pflege gipfelte. Wie entstand die Idee, dieses Unternehmen zu gr\u00fcnden, und welche waren die ersten Schritte?<\/p>\n<p data-start=\"4532\" data-end=\"4950\"><strong>Merita Pinta:<\/strong> Nach dem Abschluss der Primarschule in Aarau absolvierte ich ein einj\u00e4hriges Praktikum im Spital Baden. In dieser Zeit erkannte ich, dass dies das Berufsfeld war, in dem ich meine Karriere fortsetzen wollte. Daher entschied ich mich f\u00fcr die Ausbildung zur Pflegeassistentin. Anschlie\u00dfend heiratete ich Bajram und wir gr\u00fcndeten eine Familie. Wir haben zwei S\u00f6hne, einen 22-j\u00e4hrigen und einen 14-j\u00e4hrigen.<\/p>\n<p data-start=\"4952\" data-end=\"5505\" data-is-last-node=\"\" data-is-only-node=\"\">Geleitet von meiner Leidenschaft f\u00fcr die Gesundheits und Krankenpflege schloss ich das Studium zur diplomierten Pflegefachfrau ab und erwarb zus\u00e4tzlich das Diplom als Expertin f\u00fcr Lernende und Studierende. Danach entschied ich mich, mein Wissen zu erweitern, indem ich Management im Gesundheitswesen studierte und parallel dazu ein Diplom in Qualit\u00e4tsmanagement erwarb. W\u00e4hrend all dieser Jahre stellte ich mich zahlreichen Herausforderungen und lernte wertvolle Lebenslektionen, die zu meiner pers\u00f6nlichen und beruflichen Entwicklung beigetragen haben.<\/p>\n<p><a href=\"https:\/\/www.albinfo.ch\/wp-content\/uploads\/2025\/12\/shkelzen-doli-2a-lorik-cana-merita-pinta.jpg\"><img loading=\"lazy\" decoding=\"async\" class=\"alignnone wp-image-881983\" src=\"https:\/\/www.albinfo.ch\/wp-content\/uploads\/2025\/12\/shkelzen-doli-2a-lorik-cana-merita-pinta.jpg\" alt=\"\" width=\"600\" height=\"399\" srcset=\"https:\/\/www.albinfo.ch\/wp-content\/uploads\/2025\/12\/shkelzen-doli-2a-lorik-cana-merita-pinta.jpg 1500w, https:\/\/www.albinfo.ch\/wp-content\/uploads\/2025\/12\/shkelzen-doli-2a-lorik-cana-merita-pinta-300x200.jpg 300w, https:\/\/www.albinfo.ch\/wp-content\/uploads\/2025\/12\/shkelzen-doli-2a-lorik-cana-merita-pinta-1024x681.jpg 1024w, https:\/\/www.albinfo.ch\/wp-content\/uploads\/2025\/12\/shkelzen-doli-2a-lorik-cana-merita-pinta-768x511.jpg 768w, https:\/\/www.albinfo.ch\/wp-content\/uploads\/2025\/12\/shkelzen-doli-2a-lorik-cana-merita-pinta-586x389.jpg 586w, https:\/\/www.albinfo.ch\/wp-content\/uploads\/2025\/12\/shkelzen-doli-2a-lorik-cana-merita-pinta-210x141.jpg 210w, https:\/\/www.albinfo.ch\/wp-content\/uploads\/2025\/12\/shkelzen-doli-2a-lorik-cana-merita-pinta-587x391.jpg 587w, https:\/\/www.albinfo.ch\/wp-content\/uploads\/2025\/12\/shkelzen-doli-2a-lorik-cana-merita-pinta-150x100.jpg 150w, https:\/\/www.albinfo.ch\/wp-content\/uploads\/2025\/12\/shkelzen-doli-2a-lorik-cana-merita-pinta-263x175.jpg 263w\" sizes=\"auto, (max-width: 600px) 100vw, 600px\" \/><\/a><\/p>\n<p data-start=\"1415\" data-end=\"1899\">Im Jahr 2016 gr\u00fcndete ich mein eigenes Unternehmen, Prima Pflege. Zuvor arbeitete ich im Bereich &#8221; Betreutes Wohnen&#8221;, wo ich zwei Zentren in Tegerfelden und Mellingen leitete. Das Zentrum in Tegerfelden wurde 2016 renoviert und dadurch endete der Vertrag der vorherigen Betreiber. Anschlie\u00dfend \u00e4u\u00dferten die Eigent\u00fcmer den Wunsch nach einer langfristigen Zusammenarbeit mit mir. So entstand die Idee, mein eigenes Unternehmen zu gr\u00fcnden und das erste Zentrum in Tegerfelden zu er\u00f6ffnen.<\/p>\n<p data-start=\"1901\" data-end=\"2338\">Ein Jahr nach der Gr\u00fcndung stieg ich in ein Kooperationsprojekt mit dem Regionales Pflegezentrum Baden ein, das es mir erm\u00f6glichte, die Kapazit\u00e4ten des Zentrums zu erweitern, die Zahl der Bewohner zu erh\u00f6hen und gleichzeitig neue Arbeitsm\u00f6glichkeiten zu schaffen. Dies war ein bedeutender Schritt in der Entwicklung des Unternehmens und in der Verwirklichung meines Ziels, qualitativ hochwertige Pflege f\u00fcr Menschen in Bedarf anzubieten.<\/p>\n<p data-start=\"2340\" data-end=\"2527\">Es war eine Zeit voller Einsatz und Erfolg, und ich bin dankbar, dass ich im Bereich der Gesundheits und Altenpflege einen Beitrag leisten und vielen Menschen Arbeitspl\u00e4tze bieten konnte.<\/p>\n<p data-start=\"2529\" data-end=\"2716\" data-is-last-node=\"\" data-is-only-node=\"\"><strong>albinfo.ch:<\/strong> Heute verf\u00fcgt Prima Pflege \u00fcber zwei Seniorenpflegezentren und nahezu einhundert Mitarbeitende. Welche Werte und welche Philosophie leiten Ihre Arbeit in diesem Unternehmen?<\/p>\n<p><a href=\"https:\/\/www.albinfo.ch\/wp-content\/uploads\/2025\/12\/merita-pinta-2a-e1765298620533.jpg\"><img loading=\"lazy\" decoding=\"async\" class=\"alignnone wp-image-881842\" src=\"https:\/\/www.albinfo.ch\/wp-content\/uploads\/2025\/12\/merita-pinta-2a-e1765298620533.jpg\" alt=\"\" width=\"602\" height=\"750\" srcset=\"https:\/\/www.albinfo.ch\/wp-content\/uploads\/2025\/12\/merita-pinta-2a-e1765298620533.jpg 1000w, https:\/\/www.albinfo.ch\/wp-content\/uploads\/2025\/12\/merita-pinta-2a-e1765298620533-241x300.jpg 241w, https:\/\/www.albinfo.ch\/wp-content\/uploads\/2025\/12\/merita-pinta-2a-e1765298620533-822x1024.jpg 822w, https:\/\/www.albinfo.ch\/wp-content\/uploads\/2025\/12\/merita-pinta-2a-e1765298620533-768x956.jpg 768w, https:\/\/www.albinfo.ch\/wp-content\/uploads\/2025\/12\/merita-pinta-2a-e1765298620533-318x396.jpg 318w, https:\/\/www.albinfo.ch\/wp-content\/uploads\/2025\/12\/merita-pinta-2a-e1765298620533-80x100.jpg 80w, https:\/\/www.albinfo.ch\/wp-content\/uploads\/2025\/12\/merita-pinta-2a-e1765298620533-141x175.jpg 141w\" sizes=\"auto, (max-width: 602px) 100vw, 602px\" \/><\/a><\/p>\n<p data-start=\"2203\" data-end=\"2321\"><strong>Merita Pinta:<\/strong> Die Werte, die wir gegen\u00fcber unseren Bewohnerinnen und Bewohnern sowie deren Angeh\u00f6rigen pflegen, sind:<\/p>\n<p data-start=\"2323\" data-end=\"2459\">Respekt und W\u00fcrde f\u00fcr jede Person<br data-start=\"2356\" data-end=\"2359\" \/>Lebensfreude und Herzlichkeit<br data-start=\"2388\" data-end=\"2391\" \/>Sicherheit und Verantwortung<br data-start=\"2419\" data-end=\"2422\" \/>Transparenz und Informationspflicht<\/p>\n<p data-start=\"2461\" data-end=\"2610\">Diese Werte sind grundlegend, um eine vertrauensvolle und respektvolle Umgebung zu schaffen, in der sich jeder Mensch wertgesch\u00e4tzt und sicher f\u00fchlt.<\/p>\n<p data-start=\"2612\" data-end=\"2693\">Und die Werte, die unsere Zusammenarbeit mit unseren Mitarbeitenden leiten, sind:<\/p>\n<p data-start=\"2695\" data-end=\"2817\">Anspruch und Unterst\u00fctzung<br data-start=\"2721\" data-end=\"2724\" \/>Gerechtigkeit und Gleichbehandlung<br data-start=\"2758\" data-end=\"2761\" \/>Interesse und Lernwirkung<br data-start=\"2786\" data-end=\"2789\" \/>Kommunikation und Feedback<\/p>\n<p data-start=\"2819\" data-end=\"3011\">Diese Werte pr\u00e4gen unsere Zusammenarbeit und schaffen ein Umfeld, in dem sich jede Mitarbeiterin und jeder Mitarbeiter unterst\u00fctzt f\u00fchlt und ermutigt wird, pers\u00f6nlich und beruflich zu wachsen.<\/p>\n<p data-start=\"3013\" data-end=\"3225\"><strong>albinfo.ch:<\/strong> Ein gro\u00dfer Teil Ihres Teams besteht aus Albanerinnen und Albanern. Was bedeutet das f\u00fcr Sie und wie f\u00fchlen Sie sich dabei, Besch\u00e4ftigungsm\u00f6glichkeiten f\u00fcr Ihre Landsleute in der Schweiz zu schaffen?<\/p>\n<p data-start=\"3227\" data-end=\"3690\"><strong>Merita Pinta:<\/strong> F\u00fcr mich ist es eine besondere Quelle des Stolzes und der Freude, dass ein gro\u00dfer Teil unseres Personals albanischer Herkunft ist. Es ist ein unbeschreibliches Gef\u00fchl, Arbeitsm\u00f6glichkeiten zu schaffen und berufliche R\u00e4ume f\u00fcr unsere Landsleute hier in der Schweiz zu er\u00f6ffnen. Einige Mitarbeitende sind seit der Gr\u00fcndung des Unternehmens an meiner Seite, und ich bin ihnen f\u00fcr ihre unerm\u00fcdliche Arbeit und ihr t\u00e4gliches Engagement zutiefst dankbar.<\/p>\n<p data-start=\"3692\" data-end=\"3854\"><strong>albinfo.ch:<\/strong> Der Weg zum Erfolg war sicherlich nicht einfach. Welche waren die schwierigsten Momente und was hat Ihnen die Kraft gegeben, diesen Weg zu meistern?<\/p>\n<p data-start=\"3856\" data-end=\"4453\" data-is-last-node=\"\" data-is-only-node=\"\"><strong>Merita Pinta:<\/strong> Die gr\u00f6\u00dften Schwierigkeiten gab es zu Beginn meiner Karriere, besonders als meine Kinder noch klein waren. Es war nicht einfach, Mutter von zwei Kindern zu sein und gleichzeitig ein Unternehmen mit gro\u00dfer Verantwortung in einem neuen und manchmal herausfordernden sozialen Umfeld aufzubauen. Doch der Wille und der Wunsch, meine Ziele zu erreichen, waren st\u00e4rker als jedes Hindernis, und genau das hat mich getragen. Nach einer schwierigen Phase und vielen Opfern habe ich es geschafft, dorthin zu gelangen, wo ich heute bin, und jeder Schritt nach vorne war ein bedeutender Erfolg.<\/p>\n<p><a href=\"https:\/\/www.albinfo.ch\/wp-content\/uploads\/2023\/03\/merita-pinta-1.jpg\"><img loading=\"lazy\" decoding=\"async\" class=\"alignnone wp-image-629893\" src=\"https:\/\/www.albinfo.ch\/wp-content\/uploads\/2023\/03\/merita-pinta-1.jpg\" alt=\"\" width=\"600\" height=\"338\" srcset=\"https:\/\/www.albinfo.ch\/wp-content\/uploads\/2023\/03\/merita-pinta-1.jpg 1920w, https:\/\/www.albinfo.ch\/wp-content\/uploads\/2023\/03\/merita-pinta-1-300x169.jpg 300w, https:\/\/www.albinfo.ch\/wp-content\/uploads\/2023\/03\/merita-pinta-1-1024x576.jpg 1024w, https:\/\/www.albinfo.ch\/wp-content\/uploads\/2023\/03\/merita-pinta-1-768x432.jpg 768w, https:\/\/www.albinfo.ch\/wp-content\/uploads\/2023\/03\/merita-pinta-1-1536x864.jpg 1536w, https:\/\/www.albinfo.ch\/wp-content\/uploads\/2023\/03\/merita-pinta-1-587x330.jpg 587w, https:\/\/www.albinfo.ch\/wp-content\/uploads\/2023\/03\/merita-pinta-1-178x100.jpg 178w, https:\/\/www.albinfo.ch\/wp-content\/uploads\/2023\/03\/merita-pinta-1-265x149.jpg 265w\" sizes=\"auto, (max-width: 600px) 100vw, 600px\" \/><\/a><\/p>\n<p data-start=\"2582\" data-end=\"2893\"><strong>albinfo.ch:<\/strong> Wie oft reisen Sie in den Kosovo und welches Gef\u00fchl begleitet Sie, wenn Sie in Ihre Heimat zur\u00fcckkehren? In diesem Jahr haben Sie auch Ihre Mitarbeitenden dorthin geschickt, um die bekanntesten touristischen und kulturellen Orte zu besuchen. Wie entstand diese Idee und wie wurde sie aufgenommen?<\/p>\n<p data-start=\"2895\" data-end=\"3198\"><strong>Merita Pinta:<\/strong> Meine Reisen in den Kosovo sind ein besonderer und sehr wichtiger Teil meines pers\u00f6nlichen Lebens. Trotz vieler beruflicher Verpflichtungen versuche ich, mehrmals im Jahr f\u00fcr kurze Besuche dorthin zu reisen, denn diese Verbindung zur Heimat gibt mir Kraft und unvergessliche Erinnerungen.<\/p>\n<p data-start=\"3200\" data-end=\"3732\">Die Idee, die Studierenden, die ihre dreij\u00e4hrige Praxis bei uns absolviert haben, auf eine Reise in den Kosovo mitzunehmen, entstand aus dem Wunsch, eine besondere Erfahrung zu schaffen, die die Zusammenarbeit und den Teamgeist st\u00e4rkt. Es war eine Gelegenheit, die Kultur, Geschichte und Traditionen des Kosovo besser kennenzulernen und diese Reise zu einem bereichernden, lehrreichen und emotionalen Erlebnis zu machen. W\u00e4hrend unseres Aufenthalts verbrachten wir wunderbare Zeit in Prishtina und genossen die Atmosph\u00e4re der Stadt.<\/p>\n<p data-start=\"3734\" data-end=\"4123\">Ein besonders eindrucksvoller Moment war der Besuch des Reporting House, eines Ortes, der uns einen tiefen Einblick in die Geschichte und die Ereignisse gab, die das moderne Kosovo gepr\u00e4gt haben. Die Reise f\u00fchrte uns auch nach Prekaz, einen beeindruckenden Ort, der uns an die au\u00dfergew\u00f6hnlichen Opfer im Kosovokrieg erinnerte und unsere Verbindung zur Geschichte des Landes weiter st\u00e4rkte.<\/p>\n<p data-start=\"4125\" data-end=\"4401\">Ein weiterer unvergesslicher Moment war der Besuch in Gjakova, wo wir mit au\u00dfergew\u00f6hnlicher Gastfreundschaft empfangen wurden. Unser Halt im Restaurant der Familie Kryeziu, Avenue, bot Gelegenheit, traditionelle Speisen zu genie\u00dfen und sch\u00f6ne gemeinsame Momente zu verbringen.<\/p>\n<p data-start=\"4403\" data-end=\"4720\">Unsere Reise f\u00fchrte uns au\u00dferdem in die wundersch\u00f6ne Stadt Prizren, wo wir die Liga von Prizren besuchten, einen historischen Ort von gro\u00dfer Bedeutung f\u00fcr die albanische Nation. Wir bewunderten die Sch\u00f6nheit der Stadt und besuchten auch die Gadime H\u00f6hle, einen faszinierenden Naturort mit beeindruckenden Formationen.<\/p>\n<p data-start=\"4722\" data-end=\"5148\" data-is-last-node=\"\" data-is-only-node=\"\">Diese Reise war f\u00fcr die Studierenden eine au\u00dfergew\u00f6hnliche Erfahrung\u00a0 nicht nur wegen des kulturellen Wissens, sondern auch wegen der gemeinsamen Momente als Team. Ihre Reaktionen waren durchweg positiv ; sie zeigten Emotion, Respekt und Bewunderung f\u00fcr die Geschichte und die Natur des Kosovo. F\u00fcr mich ist das besonders wichtig, denn es half ihnen, eine tiefere Verbindung sowohl zum Land als auch zueinander zu entwickeln.<\/p>\n<p><iframe loading=\"lazy\" style=\"border: none; overflow: hidden;\" src=\"https:\/\/www.facebook.com\/plugins\/video.php?height=314&amp;href=https%3A%2F%2Fwww.facebook.com%2Freel%2F2832479750275459%2F&amp;show_text=false&amp;width=560&amp;t=0\" width=\"560\" height=\"314\" frameborder=\"0\" scrolling=\"no\" allowfullscreen=\"allowfullscreen\" data-mce-fragment=\"1\"><\/iframe><\/p>\n<p data-start=\"5413\" data-end=\"5737\">Solche Momente sind sch\u00f6ne Erinnerungen, die wir unser Leben lang mit uns tragen werden. Und ich empfinde gro\u00dfe Freude und Stolz dar\u00fcber, dass ich die M\u00f6glichkeit habe, nicht nur Arbeitspl\u00e4tze zu schaffen, sondern auch eine wertvolle menschliche und kulturelle Erfahrung f\u00fcr diejenigen zu bieten, die Teil meines Teams sind.<\/p>\n<p data-start=\"5739\" data-end=\"5959\"><strong>albinfo.ch:<\/strong> Dieses Jahr haben Sie eine bedeutende Entscheidung getroffen, eine spezielle Abteilung f\u00fcr albanische Seniorinnen und Senioren zu er\u00f6ffnen. Wie entstand diese Initiative und was m\u00f6chten Sie damit erreichen?<\/p>\n<p data-start=\"5961\" data-end=\"6611\"><strong>Merita Pinta:<\/strong> Die Entscheidung, eine eigene Abteilung f\u00fcr albanische Seniorinnen und Senioren zu er\u00f6ffnen, entstand aus einer Realit\u00e4t, die ich im Laufe meiner beruflichen T\u00e4tigkeit oft miterlebt habe. Viele \u00e4ltere Menschen aus unserer Gemeinschaft in der Schweiz erhalten zwar eine professionelle und angemessene Pflege, sehen sich jedoch emotional isoliert aufgrund sprachlicher Barrieren, kultureller Unterschiede oder ihrer traditionellen Lebensweise. Sie brauchen warme, verst\u00e4ndnisvolle Kommunikation, Menschen, die ihre kulturellen Besonderheiten kennen, und ein Umfeld, in dem Sprache, Essen, Musik, Glaube und Br\u00e4uche Teil des Alltags sind.<\/p>\n<p data-start=\"6613\" data-end=\"7040\">In unserer Abteilung k\u00f6nnen sich albanische Seniorinnen und Senioren wie zu Hause f\u00fchlen, denn wir betreuen sie auf eine Weise, die ihre kulturelle Identit\u00e4t respektiert. Diese Abteilung ist nicht nur ein Ort zum Leben und zur Pflege, sondern ein Raum, in dem sie ihre W\u00fcrde, ihre Spiritualit\u00e4t und ihre kulturelle Zugeh\u00f6rigkeit bewahren k\u00f6nnen \u2013 Elemente, die ebenso wichtig sind wie medizinische und professionelle Betreuung.<\/p>\n<p data-start=\"7042\" data-end=\"7483\">Wir d\u00fcrfen nicht vergessen, dass die Opfer fr\u00fcherer Generationen uns erst erm\u00f6glicht haben, dorthin zu gelangen, wo wir heute stehen. Als Teil dieser Gemeinschaft empfinde ich es als Pflicht, meinen Beitrag zu leisten und mein Bestes f\u00fcr diejenigen zu geben, die so viel erm\u00f6glicht haben. Dieses Projekt ist aus Liebe und Respekt zu unserer Gemeinschaft entstanden und wird unsere \u00e4lteren Mitmenschen auf die w\u00fcrdevollste Weise unterst\u00fctzen.<\/p>\n<p data-start=\"7485\" data-end=\"7809\">In diesem Zusammenhang m\u00f6chte ich die albanische Gemeinschaft \u00fcber die Er\u00f6ffnung dieser Abteilung informieren und \u00fcber die M\u00f6glichkeiten, die sie jenen bietet, die besondere Pflege und Unterst\u00fctzung ben\u00f6tigen. Ich hoffe, diese Initiative wird ein weiterer Schritt zur Unterst\u00fctzung jener sein, die uns so viel gegeben haben.<\/p>\n<p data-start=\"7811\" data-end=\"8002\"><strong>albinfo.ch:<\/strong> Heute sind Sie ein Beispiel f\u00fcr eine erfolgreiche albanische Frau in der Schweiz. Welche Botschaft m\u00f6chten Sie jungen albanischen Frauen vermitteln, die hier von Erfolg tr\u00e4umen ?<\/p>\n<p data-start=\"8004\" data-end=\"8934\"><strong>Merita Pinta:<\/strong> F\u00fcr junge albanische Frauen, die in der Schweiz erfolgreich sein m\u00f6chten, lautet meine Botschaft: Glaubt an euch selbst, arbeitet hart und habt keine Angst, bei null anzufangen. Erfolg misst sich nicht an der Geschwindigkeit, sondern an Best\u00e4ndigkeit und Integrit\u00e4t. Geht kalkulierte Risiken ein, investiert in Wissen, bewahrt eure Werte und eure Kultur. Pflegt eine gesunde Kommunikation mit den Menschen, die euch unterst\u00fctzen. Jede Frau tr\u00e4gt eine au\u00dfergew\u00f6hnliche St\u00e4rke in sich \u2013 man muss nur daran glauben, sie kultivieren und sie zielgerichtet einsetzen. Wenn wir erfolgreich sind, \u00f6ffnen wir auch anderen den Weg. Die Schweiz bietet ein hervorragendes Bildungssystem und gro\u00dfartige M\u00f6glichkeiten, die genutzt werden k\u00f6nnen. Z\u00f6gert also nicht, den ersten Schritt zu machen. Hier gibt es Chancen f\u00fcr diejenigen, die bereit sind, zu arbeiten und sich zu entwickeln, um die beste Version ihrer selbst zu werden.<\/p>\n<p data-start=\"8936\" data-end=\"9055\"><strong>albinfo.ch:<\/strong> Welche Bedeutung hat es f\u00fcr Sie, von albinfo.ch zur &#8221; Pers\u00f6nlichkeit des Jahres &#8221; gew\u00e4hlt worden zu sein?<\/p>\n<p data-start=\"9057\" data-end=\"9707\"><strong>Merita Pinta:<\/strong> F\u00fcr mich ist die Wahl zur &#8221; Pers\u00f6nlichkeit des Jahres &#8221; eine gro\u00dfe Ehre, eine Auszeichnung, die ich nicht nur als pers\u00f6nlichen Erfolg sehe, sondern auch als Anerkennung f\u00fcr die Arbeit, die Opfer und die Vision all jener, die Teil meines Weges waren. Diese Auszeichnung motiviert mich, mit noch mehr Engagement und Verantwortungsbewusstsein weiterzumachen, denn sie best\u00e4tigt, dass wertvolle Arbeit, Integrit\u00e4t und Ausdauer belohnt werden. Sie erf\u00fcllt mich mit Stolz auf meine Herkunft, meine Gemeinschaft und darauf, dass ich nicht nur beruflich, sondern auch f\u00fcr das Bild und die St\u00e4rkung der albanischen Diaspora positiv wirken kann.<\/p>\n<p data-start=\"9709\" data-end=\"9848\"><strong>albinfo.ch:<\/strong> Und zum Schluss\u00a0 wie sehen Sie sich und Ihren Weg in Zukunft, zum zehnj\u00e4hrigen Jubil\u00e4um von Prima Pflege und dar\u00fcber hinaus?<\/p>\n<p data-start=\"9850\" data-end=\"10423\"><strong>Merita Pinta:<\/strong> In Zukunft sehe ich mich noch st\u00e4rker in Projekte des Wachstums, der Innovation und der Professionalisierung eingebunden\u00a0 nicht nur f\u00fcr Prima Pflege, sondern auch f\u00fcr mich selbst als F\u00fchrungskraft. Dar\u00fcber hinaus werde ich mich verst\u00e4rkt f\u00fcr die Organisation kultureller und k\u00fcnstlerischer Aktivit\u00e4ten einsetzen. Ich bin entschlossen, weiter aufzubauen, Herausforderungen anzunehmen, zu lernen und neue M\u00f6glichkeiten zu schaffen. Im Kern bleibt mein Ziel unver\u00e4ndert: Werte zu schaffen, die Bestand haben, und ein Vorbild f\u00fcr kommende Generationen zu sein.<\/p>\n<p data-start=\"10425\" data-end=\"10474\"><strong>Abteilung f\u00fcr albanische Seniorinnen und Senioren<\/strong><\/p>\n<p data-start=\"10476\" data-end=\"10903\" data-is-last-node=\"\" data-is-only-node=\"\">In unserer Abteilung k\u00f6nnen sich albanische Seniorinnen und Senioren wie zu Hause f\u00fchlen, denn wir betreuen sie auf eine Weise, die ihre kulturelle Identit\u00e4t respektiert. Diese Abteilung ist nicht nur ein Ort zum Leben und zur Pflege, sondern ein Raum, in dem sie ihre W\u00fcrde, ihre Spiritualit\u00e4t und ihre kulturelle Zugeh\u00f6rigkeit bewahren k\u00f6nnen Elemente, die ebenso wichtig sind wie medizinische und professionelle Betreuung.<\/p>\n<p>&nbsp;<\/p>\n","protected":false},"excerpt":{"rendered":"<p>Sie hat ein Unternehmen gegr\u00fcndet und leitet es, mit zwei Pflegeheimen f\u00fcr \u00e4ltere Menschen. Albinfo.ch hat Merita Pinta im Bereich Wirtschaft zur Pers\u00f6nlichkeit des Jahres 2025 gew\u00e4hlt<\/p>\n","protected":false},"author":6,"featured_media":880956,"comment_status":"closed","ping_status":"closed","sticky":false,"template":"","format":"standard","meta":{"footnotes":""},"categories":[3930,24636,1134,24693,1135,1136,3616,3954,24631,1133,1149],"tags":[],"vendi":[],"content_country":[29888,31836,31837],"class_list":["post-883899","post","type-post","status-publish","format-standard","has-post-thumbnail","hentry","category-erfolgsgeschichten","category-nachrichten-de-4","category-integration","category-albinfo-plus-de","category-frauen","category-sprachen","category-gesundheit-de","category-shendetesi-2-de","category-nachrichten-de-2","category-e-diaspora-de","category-albinfo-tv-de","content_country-zvicer","content_country-austria-de","content_country-germany-de"],"acf":[],"_links":{"self":[{"href":"https:\/\/www.albinfo.ch\/de\/wp-json\/wp\/v2\/posts\/883899","targetHints":{"allow":["GET"]}}],"collection":[{"href":"https:\/\/www.albinfo.ch\/de\/wp-json\/wp\/v2\/posts"}],"about":[{"href":"https:\/\/www.albinfo.ch\/de\/wp-json\/wp\/v2\/types\/post"}],"author":[{"embeddable":true,"href":"https:\/\/www.albinfo.ch\/de\/wp-json\/wp\/v2\/users\/6"}],"replies":[{"embeddable":true,"href":"https:\/\/www.albinfo.ch\/de\/wp-json\/wp\/v2\/comments?post=883899"}],"version-history":[{"count":1,"href":"https:\/\/www.albinfo.ch\/de\/wp-json\/wp\/v2\/posts\/883899\/revisions"}],"predecessor-version":[{"id":883900,"href":"https:\/\/www.albinfo.ch\/de\/wp-json\/wp\/v2\/posts\/883899\/revisions\/883900"}],"wp:featuredmedia":[{"embeddable":true,"href":"https:\/\/www.albinfo.ch\/de\/wp-json\/wp\/v2\/media\/880956"}],"wp:attachment":[{"href":"https:\/\/www.albinfo.ch\/de\/wp-json\/wp\/v2\/media?parent=883899"}],"wp:term":[{"taxonomy":"category","embeddable":true,"href":"https:\/\/www.albinfo.ch\/de\/wp-json\/wp\/v2\/categories?post=883899"},{"taxonomy":"post_tag","embeddable":true,"href":"https:\/\/www.albinfo.ch\/de\/wp-json\/wp\/v2\/tags?post=883899"},{"taxonomy":"vendi","embeddable":true,"href":"https:\/\/www.albinfo.ch\/de\/wp-json\/wp\/v2\/vendi?post=883899"},{"taxonomy":"content_country","embeddable":true,"href":"https:\/\/www.albinfo.ch\/de\/wp-json\/wp\/v2\/content_country?post=883899"}],"curies":[{"name":"wp","href":"https:\/\/api.w.org\/{rel}","templated":true}]}}