{"id":891070,"date":"2026-01-07T13:00:42","date_gmt":"2026-01-07T12:00:42","guid":{"rendered":"https:\/\/www.albinfo.ch\/?p=891070"},"modified":"2026-01-07T22:03:43","modified_gmt":"2026-01-07T21:03:43","slug":"granit-xhaka-der-einzige-spieler-in-den-fuenf-europaeischen-top-ligen-mit-ueber-100-erfolgreichen-defensivaktionen-in-dieser-saison","status":"publish","type":"post","link":"https:\/\/www.albinfo.ch\/de\/granit-xhaka-der-einzige-spieler-in-den-fuenf-europaeischen-top-ligen-mit-ueber-100-erfolgreichen-defensivaktionen-in-dieser-saison\/","title":{"rendered":"Granit Xhaka, der einzige Spieler in den f\u00fcnf europ\u00e4ischen Top Ligen mit \u00fcber 100 erfolgreichen Defensivaktionen in dieser Saison"},"content":{"rendered":"<p data-start=\"1241\" data-end=\"1446\"><span class=\"hover:entity-accent entity-underline inline cursor-pointer align-baseline\"><span class=\"whitespace-normal\">Granit Xhaka<\/span><\/span> absolviert eine au\u00dfergew\u00f6hnliche Saison und best\u00e4tigt sich als einer der konstantesten und wichtigsten Mittelfeldspieler im europ\u00e4ischen Fu\u00dfball, berichtet albinfo.ch.<\/p>\n<p data-start=\"1448\" data-end=\"1652\">Der Schweizer Nationalspieler albanischer Herkunft ist derzeit der einzige Akteur in den f\u00fcnf st\u00e4rksten europ\u00e4ischen Ligen, der in dieser Saison mehr als 100 erfolgreiche Defensivaktionen verzeichnet hat.<\/p>\n<p data-start=\"1654\" data-end=\"1896\">Diese besondere Statistik setzt Xhaka an die Spitze in Sachen defensiver Effizienz und unterstreicht seine Schl\u00fcsselrolle f\u00fcr das Gleichgewicht des Spiels, seine taktische \u00dcbersicht sowie seinen kontinuierlichen Beitrag in der Defensivarbeit.<\/p>\n<p data-start=\"1898\" data-end=\"2137\">Neben seinen defensiven Qualit\u00e4ten leistet Xhaka auch einen wichtigen Beitrag beim Spielaufbau und bei der Organisation des Spiels aus dem Mittelfeld heraus und hat sich zu einem unumstrittenen F\u00fchrungsspieler seiner Mannschaft entwickelt.<\/p>\n<p data-start=\"2139\" data-end=\"2352\" data-is-last-node=\"\" data-is-only-node=\"\">Mit solchen Leistungen best\u00e4tigt Granit Xhaka einmal mehr seinen Status als einer der komplettesten Mittelfeldspieler im modernen Fu\u00dfball und zieht die Aufmerksamkeit von Experten und Fans in ganz Europa auf sich.\/Albinfo.ch<\/p>\n<p><img loading=\"lazy\" decoding=\"async\" class=\"alignnone wp-image-890956\" src=\"https:\/\/www.albinfo.ch\/wp-content\/uploads\/2026\/01\/img_6071-812x1024.jpeg\" alt=\"\" width=\"500\" height=\"631\" srcset=\"https:\/\/www.albinfo.ch\/wp-content\/uploads\/2026\/01\/img_6071-812x1024.jpeg 812w, https:\/\/www.albinfo.ch\/wp-content\/uploads\/2026\/01\/img_6071-238x300.jpeg 238w, https:\/\/www.albinfo.ch\/wp-content\/uploads\/2026\/01\/img_6071-768x969.jpeg 768w, https:\/\/www.albinfo.ch\/wp-content\/uploads\/2026\/01\/img_6071-1217x1536.jpeg 1217w, https:\/\/www.albinfo.ch\/wp-content\/uploads\/2026\/01\/img_6071-314x396.jpeg 314w, https:\/\/www.albinfo.ch\/wp-content\/uploads\/2026\/01\/img_6071-79x100.jpeg 79w, https:\/\/www.albinfo.ch\/wp-content\/uploads\/2026\/01\/img_6071-139x175.jpeg 139w, https:\/\/www.albinfo.ch\/wp-content\/uploads\/2026\/01\/img_6071.jpeg 1284w\" sizes=\"auto, (max-width: 500px) 100vw, 500px\" \/><\/p>\n","protected":false},"excerpt":{"rendered":"<p>Granit Xhaka dominiert Europa mit beeindruckenden Statistiken<\/p>\n","protected":false},"author":6,"featured_media":870351,"comment_status":"closed","ping_status":"closed","sticky":false,"template":"","format":"standard","meta":{"footnotes":""},"categories":[4023,1139],"tags":[],"vendi":[],"content_country":[],"class_list":["post-891070","post","type-post","status-publish","format-standard","has-post-thumbnail","hentry","category-futboll-de","category-sport"],"acf":[],"_links":{"self":[{"href":"https:\/\/www.albinfo.ch\/de\/wp-json\/wp\/v2\/posts\/891070","targetHints":{"allow":["GET"]}}],"collection":[{"href":"https:\/\/www.albinfo.ch\/de\/wp-json\/wp\/v2\/posts"}],"about":[{"href":"https:\/\/www.albinfo.ch\/de\/wp-json\/wp\/v2\/types\/post"}],"author":[{"embeddable":true,"href":"https:\/\/www.albinfo.ch\/de\/wp-json\/wp\/v2\/users\/6"}],"replies":[{"embeddable":true,"href":"https:\/\/www.albinfo.ch\/de\/wp-json\/wp\/v2\/comments?post=891070"}],"version-history":[{"count":1,"href":"https:\/\/www.albinfo.ch\/de\/wp-json\/wp\/v2\/posts\/891070\/revisions"}],"predecessor-version":[{"id":891071,"href":"https:\/\/www.albinfo.ch\/de\/wp-json\/wp\/v2\/posts\/891070\/revisions\/891071"}],"wp:featuredmedia":[{"embeddable":true,"href":"https:\/\/www.albinfo.ch\/de\/wp-json\/wp\/v2\/media\/870351"}],"wp:attachment":[{"href":"https:\/\/www.albinfo.ch\/de\/wp-json\/wp\/v2\/media?parent=891070"}],"wp:term":[{"taxonomy":"category","embeddable":true,"href":"https:\/\/www.albinfo.ch\/de\/wp-json\/wp\/v2\/categories?post=891070"},{"taxonomy":"post_tag","embeddable":true,"href":"https:\/\/www.albinfo.ch\/de\/wp-json\/wp\/v2\/tags?post=891070"},{"taxonomy":"vendi","embeddable":true,"href":"https:\/\/www.albinfo.ch\/de\/wp-json\/wp\/v2\/vendi?post=891070"},{"taxonomy":"content_country","embeddable":true,"href":"https:\/\/www.albinfo.ch\/de\/wp-json\/wp\/v2\/content_country?post=891070"}],"curies":[{"name":"wp","href":"https:\/\/api.w.org\/{rel}","templated":true}]}}