{"id":893708,"date":"2026-01-19T12:41:59","date_gmt":"2026-01-19T11:41:59","guid":{"rendered":"https:\/\/www.albinfo.ch\/?p=893708"},"modified":"2026-01-19T20:46:40","modified_gmt":"2026-01-19T19:46:40","slug":"xhaka-ueber-sunderland-habe-ich-auch-mit-lorik-cana-gesprochen","status":"publish","type":"post","link":"https:\/\/www.albinfo.ch\/de\/xhaka-ueber-sunderland-habe-ich-auch-mit-lorik-cana-gesprochen\/","title":{"rendered":"Xhaka: \u00dcber Sunderland habe ich auch mit Lorik Cana gesprochen"},"content":{"rendered":"<div class=\"flex flex-col text-sm pb-25\">\n<article class=\"text-token-text-primary w-full focus:outline-none [--shadow-height:45px] has-data-writing-block:pointer-events-none has-data-writing-block:-mt-(--shadow-height) has-data-writing-block:pt-(--shadow-height) [&amp;:has([data-writing-block])&gt;*]:pointer-events-auto scroll-mt-[calc(var(--header-height)+min(200px,max(70px,20svh)))]\" dir=\"auto\" tabindex=\"-1\" data-turn-id=\"request-696c1236-3b2c-8330-a543-a5c4ea3b6935-2\" data-testid=\"conversation-turn-80\" data-scroll-anchor=\"true\" data-turn=\"assistant\">\n<div class=\"text-base my-auto mx-auto pb-10 [--thread-content-margin:--spacing(4)] @w-sm\/main:[--thread-content-margin:--spacing(6)] @w-lg\/main:[--thread-content-margin:--spacing(16)] px-(--thread-content-margin)\">\n<div class=\"[--thread-content-max-width:40rem] @w-lg\/main:[--thread-content-max-width:48rem] mx-auto max-w-(--thread-content-max-width) flex-1 group\/turn-messages focus-visible:outline-hidden relative flex w-full min-w-0 flex-col agent-turn\" tabindex=\"-1\">\n<div class=\"flex max-w-full flex-col grow\">\n<div class=\"min-h-8 text-message relative flex w-full flex-col items-end gap-2 text-start break-words whitespace-normal [.text-message+&amp;]:mt-1\" dir=\"auto\" data-message-author-role=\"assistant\" data-message-id=\"72b084fa-ef1e-474a-9c9a-7602ec753d86\" data-message-model-slug=\"gpt-5-2\">\n<div class=\"flex w-full flex-col gap-1 empty:hidden first:pt-[1px]\">\n<div class=\"markdown prose dark:prose-invert w-full break-words light markdown-new-styling\">\n<p data-start=\"1672\" data-end=\"1833\">Granit Xhaka hat erkl\u00e4rt, wie ihm mehrere ehemalige Spieler von Sunderland bei der Entscheidung geholfen haben, in diesem Sommer zum englischen Klub zu wechseln.<\/p>\n<p data-start=\"1835\" data-end=\"2025\">Der 33 J\u00e4hrige gab zu, dass er urspr\u00fcnglich davon ausgegangen sei, seine Karriere in Deutschland zu beenden, nachdem er einen langfristigen Vertrag bei Bayer Leverkusen unterschrieben hatte.<\/p>\n<p data-start=\"2027\" data-end=\"2205\">&#8220;Ich hatte nicht damit gerechnet, in die Premier League zur\u00fcckzukehren, aber meine Entscheidung fiel sehr schnell&#8221;, sagte Xhaka im Gespr\u00e4ch mit FourFourTwo, berichtet albinfo.ch.<\/p>\n<p data-start=\"2207\" data-end=\"2670\">&#8220;Ich habe mit Kyril Louis Dreyfus gesprochen, ich habe mit Jermain Defoe gesprochen und ich habe mit Lorik Cana gesprochen, der einen \u00e4hnlichen Hintergrund hat wie ich und hier bei Sunderland eine grossartige Zeit erlebt hat. Kyril war von Anfang an sehr offen. Wenn man beginnt, sich selbst bei diesem Klub zu sehen, spricht man mit ehemaligen Spielern, und sowohl Jermain als auch Lorik haben sehr positiv \u00fcber den Klub und die Fans gesprochen&#8221;, f\u00fcgte er hinzu.<\/p>\n<p data-start=\"2672\" data-end=\"2731\">Xhaka erinnerte sich auch an seinen Vertrag in Deutschland.<\/p>\n<p data-start=\"2733\" data-end=\"2997\">&#8220;Als ich von Arsenal nach Leverkusen wechselte, unterschrieb ich einen F\u00fcnfjahresvertrag. Das war f\u00fcr einen 30 J\u00e4hrigen ein langfristiger Vertrag, weil ich dachte, dass ich meine Karriere in Deutschland beenden und danach sehen w\u00fcrde, was passiert&#8221;, betonte Xhaka.<\/p>\n<p data-start=\"2999\" data-end=\"3080\">Der Mittelfeldspieler hob zudem die Bedeutung der famili\u00e4ren Entscheidung hervor.<\/p>\n<p data-start=\"3082\" data-end=\"3400\" data-is-last-node=\"\" data-is-only-node=\"\">&#8220;Doch nach den Gespr\u00e4chen mit Sunderland sass ich mit meiner Familie zusammen und dachte: \u2018Was sollen wir tun?\u2019 In dieser Phase geht es nicht mehr nur um mich. Es geht um meine Frau, die Kinder, meinen Bruder und meine Eltern. Es ist wichtig, dass wir als Gruppe gemeinsam die richtige Entscheidung treffen&#8221;, sagte er.<\/p>\n<\/div>\n<\/div>\n<\/div>\n<\/div>\n<div class=\"z-0 flex min-h-[46px] justify-start\"><\/div>\n<div class=\"mt-3 w-full empty:hidden\">\n<div class=\"text-center\"><\/div>\n<\/div>\n<\/div>\n<\/div>\n<\/article>\n<\/div>\n<div class=\"pointer-events-none h-px w-px absolute bottom-0\" aria-hidden=\"true\" data-edge=\"true\"><\/div>\n","protected":false},"excerpt":{"rendered":"<p>Der 33 J\u00e4hrige gab zu, dass er davon ausgegangen sei, seine Karriere in Deutschland zu beenden, nachdem er einen langfristigen Vertrag mit Bayer Leverkusen unterschrieben hatte<\/p>\n","protected":false},"author":6,"featured_media":873350,"comment_status":"closed","ping_status":"closed","sticky":false,"template":"","format":"standard","meta":{"footnotes":""},"categories":[4023,1139],"tags":[],"vendi":[],"content_country":[],"class_list":["post-893708","post","type-post","status-publish","format-standard","has-post-thumbnail","hentry","category-futboll-de","category-sport"],"acf":[],"_links":{"self":[{"href":"https:\/\/www.albinfo.ch\/de\/wp-json\/wp\/v2\/posts\/893708","targetHints":{"allow":["GET"]}}],"collection":[{"href":"https:\/\/www.albinfo.ch\/de\/wp-json\/wp\/v2\/posts"}],"about":[{"href":"https:\/\/www.albinfo.ch\/de\/wp-json\/wp\/v2\/types\/post"}],"author":[{"embeddable":true,"href":"https:\/\/www.albinfo.ch\/de\/wp-json\/wp\/v2\/users\/6"}],"replies":[{"embeddable":true,"href":"https:\/\/www.albinfo.ch\/de\/wp-json\/wp\/v2\/comments?post=893708"}],"version-history":[{"count":1,"href":"https:\/\/www.albinfo.ch\/de\/wp-json\/wp\/v2\/posts\/893708\/revisions"}],"predecessor-version":[{"id":893709,"href":"https:\/\/www.albinfo.ch\/de\/wp-json\/wp\/v2\/posts\/893708\/revisions\/893709"}],"wp:featuredmedia":[{"embeddable":true,"href":"https:\/\/www.albinfo.ch\/de\/wp-json\/wp\/v2\/media\/873350"}],"wp:attachment":[{"href":"https:\/\/www.albinfo.ch\/de\/wp-json\/wp\/v2\/media?parent=893708"}],"wp:term":[{"taxonomy":"category","embeddable":true,"href":"https:\/\/www.albinfo.ch\/de\/wp-json\/wp\/v2\/categories?post=893708"},{"taxonomy":"post_tag","embeddable":true,"href":"https:\/\/www.albinfo.ch\/de\/wp-json\/wp\/v2\/tags?post=893708"},{"taxonomy":"vendi","embeddable":true,"href":"https:\/\/www.albinfo.ch\/de\/wp-json\/wp\/v2\/vendi?post=893708"},{"taxonomy":"content_country","embeddable":true,"href":"https:\/\/www.albinfo.ch\/de\/wp-json\/wp\/v2\/content_country?post=893708"}],"curies":[{"name":"wp","href":"https:\/\/api.w.org\/{rel}","templated":true}]}}