{"id":894687,"date":"2026-01-22T11:38:07","date_gmt":"2026-01-22T10:38:07","guid":{"rendered":"https:\/\/www.albinfo.ch\/?p=894687"},"modified":"2026-01-22T13:40:59","modified_gmt":"2026-01-22T12:40:59","slug":"albanische-schule-in-heppenheim-deutschland-eroeffnet","status":"publish","type":"post","link":"https:\/\/www.albinfo.ch\/de\/albanische-schule-in-heppenheim-deutschland-eroeffnet\/","title":{"rendered":"Albanische Schule in Heppenheim, Deutschland, er\u00f6ffnet"},"content":{"rendered":"<p data-start=\"3091\" data-end=\"3478\">In der Stadt Heppenheim (Bergstra\u00dfe) im Bundesland Hessen wurde die albanische Schule offiziell er\u00f6ffnet, eine Initiative von besonderer Bedeutung f\u00fcr den Erhalt und die Pflege der albanischen Sprache, Kultur und nationalen Identit\u00e4t in der Diaspora. Mehr als 20 albanische Sch\u00fclerinnen und Sch\u00fcler aus dieser Region werden den Unterricht an dieser Schule besuchen, berichtet albinfo.ch.<\/p>\n<p data-start=\"3480\" data-end=\"3822\">Die Er\u00f6ffnung der Schule wurde mit einer feierlichen Zeremonie begangen, an der der Generalkonsul der Republik Kosovo in Frankfurt, Herr G\u00ebzim Gashi, teilnahm. Anwesend waren zudem die Eltern der Sch\u00fclerinnen und Sch\u00fcler, die Lehrerin Alma Selimi Zyberi, der Aktivist und Publizist Argjend Hasani sowie Vertreter der albanischen Gemeinschaft.<\/p>\n<p data-start=\"3824\" data-end=\"4301\">In seiner Ansprache dankte Generalkonsul G\u00ebzim Gashi dem Verband der albanischen Lehrerinnen und Lehrer sowie Eltern in Hessen (LAPSH Hessen) f\u00fcr das Engagement und die erzielten Erfolge bei der Institutionalisierung des albanischen Sprachunterrichts. Er betonte, dass dank dieser Organisation heute rund 400 Sch\u00fclerinnen und Sch\u00fcler im Bundesland Hessen Albanischunterricht besuchen, wobei nahezu das gesamte Gebiet von Kassel im Norden bis Heppenheim im S\u00fcden abgedeckt wird.<\/p>\n<p data-start=\"4303\" data-end=\"4880\">Die Atmosph\u00e4re am Er\u00f6ffnungstag war von Begeisterung und Emotionen gepr\u00e4gt, insbesondere bei den Sch\u00fclerinnen und Sch\u00fclern, deren Klassenzimmer von Freude erf\u00fcllt war. Der Raum war mit der albanischen Nationalflagge und der Staatsflagge des Kosovo geschm\u00fcckt, w\u00e4hrend die Eltern ihre Zufriedenheit dar\u00fcber zum Ausdruck brachten, dass die albanische Schule nach grossem Engagement und erfolgreicher Zusammenarbeit Realit\u00e4t geworden ist. Hervorgehoben wurde auch der Beitrag von Gani Laj\u00e7i in enger Zusammenarbeit mit der Lehrerin Alma Selimi Zyberi, berichtet albinfo.ch weiter.<\/p>\n<p data-start=\"4882\" data-end=\"5302\">In ihrer Begr\u00fcssungsrede hiess die Lehrerin Alma Selimi Zyberi Sch\u00fclerinnen und Sch\u00fcler, Eltern und G\u00e4ste willkommen und betonte die Emotionen ihrer R\u00fcckkehr in den Beruf nach einer neunj\u00e4hrigen Unterbrechung. Sie dankte den Eltern, dem Verband der albanischen Lehrer in Deutschland, dem Konsul G\u00ebzim Gashi sowie der Leitung des Starkenburg Gymnasiums in Heppenheim f\u00fcr die Unterst\u00fctzung bei der Er\u00f6ffnung dieser Schule.<\/p>\n<p data-start=\"5304\" data-end=\"5556\">Zu diesem Anlass richteten auch Konsul Gashi und der Schriftsteller Argjend Hasani Grussworte an die Anwesenden und unterstrichen die Bedeutung der albanischen Schulen in der Diaspora f\u00fcr die Bildung und die nationale Identit\u00e4t der jungen Generationen.<\/p>\n<p data-start=\"5558\" data-end=\"5876\">Zum Abschluss der Veranstaltung verteilte die Lehrerin Alma Selimi Zyberi gemeinsam mit Konsul Gashi die Schulb\u00fccher an die Sch\u00fclerinnen und Sch\u00fcler. Diese Lehrb\u00fccher sind eine Spende des Bildungsministeriums der Republik Albanien und des Bildungsministeriums der Republik Kosovo f\u00fcr albanische Kinder in der Diaspora.<\/p>\n<p data-start=\"5878\" data-end=\"6109\">Die Organisatoren laden die albanischen Eltern dieser Region ein, ihre Kinder an der albanischen Schule anzumelden und zur Bewahrung und St\u00e4rkung der albanischen Sprache bei den jungen Generationen beizutragen, schreibt albinfo.ch.<\/p>\n<p data-start=\"6111\" data-end=\"6144\">Adresse der albanischen Schule:<\/p>\n<p data-start=\"6146\" data-end=\"6229\" data-is-last-node=\"\" data-is-only-node=\"\">Starkenburg Gymnasium<br data-start=\"6167\" data-end=\"6170\" \/>Gerhart Hauptmann Stra\u00dfe 21<br data-start=\"6197\" data-end=\"6200\" \/>64646 Heppenheim, Deutschland<\/p>\n","protected":false},"excerpt":{"rendered":"<p>Ein wichtiger Schritt zur Bewahrung der albanischen Sprache und Identit\u00e4t in der Diaspora<\/p>\n","protected":false},"author":6,"featured_media":894539,"comment_status":"closed","ping_status":"closed","sticky":false,"template":"","format":"standard","meta":{"footnotes":""},"categories":[24636,1136,24631,1133],"tags":[],"vendi":[],"content_country":[],"class_list":["post-894687","post","type-post","status-publish","format-standard","has-post-thumbnail","hentry","category-nachrichten-de-4","category-sprachen","category-nachrichten-de-2","category-e-diaspora-de"],"acf":[],"_links":{"self":[{"href":"https:\/\/www.albinfo.ch\/de\/wp-json\/wp\/v2\/posts\/894687","targetHints":{"allow":["GET"]}}],"collection":[{"href":"https:\/\/www.albinfo.ch\/de\/wp-json\/wp\/v2\/posts"}],"about":[{"href":"https:\/\/www.albinfo.ch\/de\/wp-json\/wp\/v2\/types\/post"}],"author":[{"embeddable":true,"href":"https:\/\/www.albinfo.ch\/de\/wp-json\/wp\/v2\/users\/6"}],"replies":[{"embeddable":true,"href":"https:\/\/www.albinfo.ch\/de\/wp-json\/wp\/v2\/comments?post=894687"}],"version-history":[{"count":1,"href":"https:\/\/www.albinfo.ch\/de\/wp-json\/wp\/v2\/posts\/894687\/revisions"}],"predecessor-version":[{"id":894689,"href":"https:\/\/www.albinfo.ch\/de\/wp-json\/wp\/v2\/posts\/894687\/revisions\/894689"}],"wp:featuredmedia":[{"embeddable":true,"href":"https:\/\/www.albinfo.ch\/de\/wp-json\/wp\/v2\/media\/894539"}],"wp:attachment":[{"href":"https:\/\/www.albinfo.ch\/de\/wp-json\/wp\/v2\/media?parent=894687"}],"wp:term":[{"taxonomy":"category","embeddable":true,"href":"https:\/\/www.albinfo.ch\/de\/wp-json\/wp\/v2\/categories?post=894687"},{"taxonomy":"post_tag","embeddable":true,"href":"https:\/\/www.albinfo.ch\/de\/wp-json\/wp\/v2\/tags?post=894687"},{"taxonomy":"vendi","embeddable":true,"href":"https:\/\/www.albinfo.ch\/de\/wp-json\/wp\/v2\/vendi?post=894687"},{"taxonomy":"content_country","embeddable":true,"href":"https:\/\/www.albinfo.ch\/de\/wp-json\/wp\/v2\/content_country?post=894687"}],"curies":[{"name":"wp","href":"https:\/\/api.w.org\/{rel}","templated":true}]}}