{"id":894696,"date":"2026-01-22T12:09:03","date_gmt":"2026-01-22T11:09:03","guid":{"rendered":"https:\/\/www.albinfo.ch\/?p=894696"},"modified":"2026-01-22T13:52:03","modified_gmt":"2026-01-22T12:52:03","slug":"granit-xhaka-erzaehlt-von-der-ueberraschenden-entscheidung-zur-rueckkehr-in-die-premier-league","status":"publish","type":"post","link":"https:\/\/www.albinfo.ch\/de\/granit-xhaka-erzaehlt-von-der-ueberraschenden-entscheidung-zur-rueckkehr-in-die-premier-league\/","title":{"rendered":"Granit Xhaka erz\u00e4hlt von der \u00fcberraschenden Entscheidung zur R\u00fcckkehr in die Premier League"},"content":{"rendered":"<div class=\"flex flex-col text-sm pb-25\">\n<article class=\"text-token-text-primary w-full focus:outline-none [--shadow-height:45px] has-data-writing-block:pointer-events-none has-data-writing-block:-mt-(--shadow-height) has-data-writing-block:pt-(--shadow-height) [&amp;:has([data-writing-block])&gt;*]:pointer-events-auto scroll-mt-[calc(var(--header-height)+min(200px,max(70px,20svh)))]\" dir=\"auto\" tabindex=\"-1\" data-turn-id=\"request-696c1236-3b2c-8330-a543-a5c4ea3b6935-59\" data-testid=\"conversation-turn-186\" data-scroll-anchor=\"true\" data-turn=\"assistant\">\n<div class=\"text-base my-auto mx-auto pb-10 [--thread-content-margin:--spacing(4)] @w-sm\/main:[--thread-content-margin:--spacing(6)] @w-lg\/main:[--thread-content-margin:--spacing(16)] px-(--thread-content-margin)\">\n<div class=\"[--thread-content-max-width:40rem] @w-lg\/main:[--thread-content-max-width:48rem] mx-auto max-w-(--thread-content-max-width) flex-1 group\/turn-messages focus-visible:outline-hidden relative flex w-full min-w-0 flex-col agent-turn\" tabindex=\"-1\">\n<div class=\"flex max-w-full flex-col grow\">\n<div class=\"min-h-8 text-message relative flex w-full flex-col items-end gap-2 text-start break-words whitespace-normal [.text-message+&amp;]:mt-1\" dir=\"auto\" data-message-author-role=\"assistant\" data-message-id=\"55a74653-be09-44ba-ba87-b1f68af51f1d\" data-message-model-slug=\"gpt-5-2\">\n<div class=\"flex w-full flex-col gap-1 empty:hidden first:pt-[1px]\">\n<div class=\"markdown prose dark:prose-invert w-full break-words light markdown-new-styling\">\n<p data-start=\"1131\" data-end=\"1516\">Granit Xhaka hat erz\u00e4hlt, dass seine R\u00fcckkehr in die Premier League \u00fcberraschend war, sich aber nach dem Interesse von Sunderland schnell konkretisierte. Der albanische Mittelfeldspieler wechselte in diesem Sommer f\u00fcr rund 17 Millionen Pfund und wurde damit zu einer der prominentesten Neuverpflichtungen seit der R\u00fcckkehr der \u201eBlack Cats\u201c in die englische Elite, berichtet albinfo.ch.<\/p>\n<p data-start=\"1518\" data-end=\"1722\">Der 33 J\u00e4hrige und fr\u00fchere Arsenal Spieler wurde sofort zum Kapit\u00e4n ernannt und zeigt unter Trainer R\u00e9gis Le Bris starke Leistungen, womit er Sunderland zu einer guten Platzierung in der Tabelle verhilft.<\/p>\n<p data-start=\"1724\" data-end=\"2019\">Xhaka gab zu, dass er urspr\u00fcnglich geplant hatte, seine Karriere bei Bayer Leverkusen zu beenden, doch das Interesse von Sunderland brachte ihn dazu, seine Pl\u00e4ne zu \u00e4ndern. Auch die Ratschl\u00e4ge von Jermain Defoe und Lorik Cana, beide ehemalige Spieler des Klubs, beeinflussten seine Entscheidung.<\/p>\n<p data-start=\"2021\" data-end=\"2272\" data-is-last-node=\"\" data-is-only-node=\"\">&#8221; Ich habe nicht damit gerechnet, in die Premier League zur\u00fcckzukehren, aber die Entscheidung wurde schnell getroffen &#8220;, sagte Xhaka und f\u00fcgte hinzu, dass der Entschluss nach Gespr\u00e4chen mit seiner Familie und den Verantwortlichen des Klubs gefallen sei.<\/p>\n<\/div>\n<\/div>\n<\/div>\n<\/div>\n<div class=\"z-0 flex min-h-[46px] justify-start\"><\/div>\n<div class=\"mt-3 w-full empty:hidden\">\n<div class=\"text-center\"><\/div>\n<\/div>\n<\/div>\n<\/div>\n<\/article>\n<\/div>\n<div class=\"pointer-events-none h-px w-px absolute bottom-0\" aria-hidden=\"true\" data-edge=\"true\"><\/div>\n","protected":false},"excerpt":{"rendered":"<p>Xhaka: Die Entscheidung zur R\u00fcckkehr in die Premier League wurde innerhalb weniger Tage getroffen<\/p>\n","protected":false},"author":6,"featured_media":894544,"comment_status":"closed","ping_status":"closed","sticky":false,"template":"","format":"standard","meta":{"footnotes":""},"categories":[4023,24631,1139],"tags":[],"vendi":[],"content_country":[],"class_list":["post-894696","post","type-post","status-publish","format-standard","has-post-thumbnail","hentry","category-futboll-de","category-nachrichten-de-2","category-sport"],"acf":[],"_links":{"self":[{"href":"https:\/\/www.albinfo.ch\/de\/wp-json\/wp\/v2\/posts\/894696","targetHints":{"allow":["GET"]}}],"collection":[{"href":"https:\/\/www.albinfo.ch\/de\/wp-json\/wp\/v2\/posts"}],"about":[{"href":"https:\/\/www.albinfo.ch\/de\/wp-json\/wp\/v2\/types\/post"}],"author":[{"embeddable":true,"href":"https:\/\/www.albinfo.ch\/de\/wp-json\/wp\/v2\/users\/6"}],"replies":[{"embeddable":true,"href":"https:\/\/www.albinfo.ch\/de\/wp-json\/wp\/v2\/comments?post=894696"}],"version-history":[{"count":1,"href":"https:\/\/www.albinfo.ch\/de\/wp-json\/wp\/v2\/posts\/894696\/revisions"}],"predecessor-version":[{"id":894697,"href":"https:\/\/www.albinfo.ch\/de\/wp-json\/wp\/v2\/posts\/894696\/revisions\/894697"}],"wp:featuredmedia":[{"embeddable":true,"href":"https:\/\/www.albinfo.ch\/de\/wp-json\/wp\/v2\/media\/894544"}],"wp:attachment":[{"href":"https:\/\/www.albinfo.ch\/de\/wp-json\/wp\/v2\/media?parent=894696"}],"wp:term":[{"taxonomy":"category","embeddable":true,"href":"https:\/\/www.albinfo.ch\/de\/wp-json\/wp\/v2\/categories?post=894696"},{"taxonomy":"post_tag","embeddable":true,"href":"https:\/\/www.albinfo.ch\/de\/wp-json\/wp\/v2\/tags?post=894696"},{"taxonomy":"vendi","embeddable":true,"href":"https:\/\/www.albinfo.ch\/de\/wp-json\/wp\/v2\/vendi?post=894696"},{"taxonomy":"content_country","embeddable":true,"href":"https:\/\/www.albinfo.ch\/de\/wp-json\/wp\/v2\/content_country?post=894696"}],"curies":[{"name":"wp","href":"https:\/\/api.w.org\/{rel}","templated":true}]}}