{"id":894982,"date":"2026-01-23T15:55:51","date_gmt":"2026-01-23T14:55:51","guid":{"rendered":"https:\/\/www.albinfo.ch\/?p=894982"},"modified":"2026-01-23T15:56:08","modified_gmt":"2026-01-23T14:56:08","slug":"das-talent-aus-dem-kosovo-auf-der-weltbuehne-anila-aliu-gewinnt-den-hauptpreis-in-thailand","status":"publish","type":"post","link":"https:\/\/www.albinfo.ch\/de\/das-talent-aus-dem-kosovo-auf-der-weltbuehne-anila-aliu-gewinnt-den-hauptpreis-in-thailand\/","title":{"rendered":"Das Talent aus dem Kosovo auf der Weltb\u00fchne, Anila Aliu gewinnt den Hauptpreis in Thailand"},"content":{"rendered":"<p data-start=\"1481\" data-end=\"1718\">Es handelt sich um die 23-j\u00e4hrige Pianistin aus dem Kosovo, Anila Aliu, die auf der internationalen B\u00fchne der klassischen Musik gl\u00e4nzt und mehrere der renommiertesten Preise bei weltweiten Wettbewerben gewonnen hat, berichtet albinfo.ch.<\/p>\n<p data-start=\"1720\" data-end=\"2008\">K\u00fcrzlich wurde sie zur Gewinnerin des Hauptpreises bei einem hochrangigen Wettbewerb in Thailand gek\u00fcrt, an dem Pianistinnen und Pianisten aus aller Welt teilnahmen. Dieser Erfolg ist das Ergebnis jahrelanger Arbeit und des Durchlaufens mehrerer anspruchsvoller Runden seit dem Jahr 2020.<\/p>\n<p data-start=\"2010\" data-end=\"2190\">\u201eDie Konkurrenz war au\u00dfergew\u00f6hnlich stark, mit Teilnehmenden aus verschiedenen L\u00e4ndern und Altersgruppen, doch dank meines Engagements konnte ich mich durchsetzen\u201c, erkl\u00e4rte Anila.<\/p>\n<p data-start=\"2192\" data-end=\"2431\">Die Pianistin berichtete zudem \u00fcber den zuvor in Belgrad gewonnenen Preis und betonte, dass in der klassischen Musik nicht die Herkunft z\u00e4hle, sondern allein das Talent und das, was man auf der B\u00fchne darbietet, berichtet albinfo.ch weiter.<\/p>\n<p data-start=\"2433\" data-end=\"2733\">\u201eMein Erfolg l\u00e4sst mich als K\u00fcnstlerin wertgesch\u00e4tzt f\u00fchlen, denn in dieser Welt ist nicht entscheidend, woher man kommt, sondern was man mit seiner Performance vermittelt\u201c, sagte Aliu und reflektierte \u00fcber die Anstrengungen und die Leidenschaft, die sie auf die internationalen B\u00fchnen gef\u00fchrt haben.<\/p>\n<p data-start=\"2735\" data-end=\"2977\" data-is-last-node=\"\" data-is-only-node=\"\">Anila Aliu bleibt ein inspirierendes Beispiel f\u00fcr junge albanische K\u00fcnstlerinnen und K\u00fcnstler und zeigt, dass Talent und Hingabe jede Grenze \u00fcberwinden und den Namen Kosovos auf der Weltkarte der klassischen Musik verankern k\u00f6nnen.\/Albinfo.ch<\/p>\n","protected":false},"excerpt":{"rendered":"<p>Anila Aliu, die albanische Pianistin aus dem Kosovo, triumphiert bei internationalen Wettbewerben<\/p>\n","protected":false},"author":6,"featured_media":894881,"comment_status":"closed","ping_status":"closed","sticky":false,"template":"","format":"standard","meta":{"footnotes":""},"categories":[24636,1133,1138],"tags":[],"vendi":[],"content_country":[],"class_list":["post-894982","post","type-post","status-publish","format-standard","has-post-thumbnail","hentry","category-nachrichten-de-4","category-e-diaspora-de","category-kultur"],"acf":[],"_links":{"self":[{"href":"https:\/\/www.albinfo.ch\/de\/wp-json\/wp\/v2\/posts\/894982","targetHints":{"allow":["GET"]}}],"collection":[{"href":"https:\/\/www.albinfo.ch\/de\/wp-json\/wp\/v2\/posts"}],"about":[{"href":"https:\/\/www.albinfo.ch\/de\/wp-json\/wp\/v2\/types\/post"}],"author":[{"embeddable":true,"href":"https:\/\/www.albinfo.ch\/de\/wp-json\/wp\/v2\/users\/6"}],"replies":[{"embeddable":true,"href":"https:\/\/www.albinfo.ch\/de\/wp-json\/wp\/v2\/comments?post=894982"}],"version-history":[{"count":1,"href":"https:\/\/www.albinfo.ch\/de\/wp-json\/wp\/v2\/posts\/894982\/revisions"}],"predecessor-version":[{"id":894984,"href":"https:\/\/www.albinfo.ch\/de\/wp-json\/wp\/v2\/posts\/894982\/revisions\/894984"}],"wp:featuredmedia":[{"embeddable":true,"href":"https:\/\/www.albinfo.ch\/de\/wp-json\/wp\/v2\/media\/894881"}],"wp:attachment":[{"href":"https:\/\/www.albinfo.ch\/de\/wp-json\/wp\/v2\/media?parent=894982"}],"wp:term":[{"taxonomy":"category","embeddable":true,"href":"https:\/\/www.albinfo.ch\/de\/wp-json\/wp\/v2\/categories?post=894982"},{"taxonomy":"post_tag","embeddable":true,"href":"https:\/\/www.albinfo.ch\/de\/wp-json\/wp\/v2\/tags?post=894982"},{"taxonomy":"vendi","embeddable":true,"href":"https:\/\/www.albinfo.ch\/de\/wp-json\/wp\/v2\/vendi?post=894982"},{"taxonomy":"content_country","embeddable":true,"href":"https:\/\/www.albinfo.ch\/de\/wp-json\/wp\/v2\/content_country?post=894982"}],"curies":[{"name":"wp","href":"https:\/\/api.w.org\/{rel}","templated":true}]}}